{"id":62142,"date":"2025-12-04T10:44:30","date_gmt":"2025-12-04T13:44:30","guid":{"rendered":"https:\/\/radiorevelacionfm.cl\/?p=62142"},"modified":"2025-12-04T10:48:10","modified_gmt":"2025-12-04T13:48:10","slug":"culturas-aysen-vuelve-con-las-tardes-culturales-a-coyhaique","status":"publish","type":"post","link":"https:\/\/radiorevelacionfm.cl\/?p=62142","title":{"rendered":"Culturas Ays\u00e9n vuelve con las Tardes Culturales a Coyhaique"},"content":{"rendered":"<div class=\"flex_column av_one_full  flex_column_div av-zero-column-padding first  avia-builder-el-0  el_before_av_one_full  avia-builder-el-first  \" style='border-radius:0px; '><div  class='avia-image-container  av-styling-    avia-builder-el-1  avia-builder-el-no-sibling  avia-align-center '  itemprop=\"image\" itemscope=\"itemscope\" itemtype=\"https:\/\/schema.org\/ImageObject\"  ><div class='avia-image-container-inner'><div class='avia-image-overlay-wrap'><img decoding=\"async\" class='wp-image-62143 avia-img-lazy-loading-not-62143 avia_image' src=\"https:\/\/radiorevelacionfm.cl\/wp-content\/uploads\/2025\/12\/516359720_1304612214998003_2938379324118124349_n-1_optimized.jpg\" alt='' title='516359720_1304612214998003_2938379324118124349_n-(1)_optimized' height=\"600\" width=\"927\"  itemprop=\"thumbnailUrl\" srcset=\"https:\/\/radiorevelacionfm.cl\/wp-content\/uploads\/2025\/12\/516359720_1304612214998003_2938379324118124349_n-1_optimized.jpg 927w, https:\/\/radiorevelacionfm.cl\/wp-content\/uploads\/2025\/12\/516359720_1304612214998003_2938379324118124349_n-1_optimized-300x194.jpg 300w, https:\/\/radiorevelacionfm.cl\/wp-content\/uploads\/2025\/12\/516359720_1304612214998003_2938379324118124349_n-1_optimized-768x497.jpg 768w, https:\/\/radiorevelacionfm.cl\/wp-content\/uploads\/2025\/12\/516359720_1304612214998003_2938379324118124349_n-1_optimized-705x456.jpg 705w, https:\/\/radiorevelacionfm.cl\/wp-content\/uploads\/2025\/12\/516359720_1304612214998003_2938379324118124349_n-1_optimized-450x291.jpg 450w, https:\/\/radiorevelacionfm.cl\/wp-content\/uploads\/2025\/12\/516359720_1304612214998003_2938379324118124349_n-1_optimized-600x388.jpg 600w\" sizes=\"(max-width: 927px) 100vw, 927px\" \/><\/div><\/div><\/div><\/div>\n<div class=\"flex_column av_one_full  flex_column_div av-zero-column-padding first  avia-builder-el-2  el_after_av_one_full  el_before_av_one_full  column-top-margin\" style='border-radius:0px; '><section class=\"av_textblock_section \"  itemscope=\"itemscope\" itemtype=\"https:\/\/schema.org\/BlogPosting\" itemprop=\"blogPost\" ><div class='avia_textblock  '   itemprop=\"text\" ><p style=\"text-align: center;\"><strong><span style=\"font-size: 18pt;\">Culturas Ays\u00e9n vuelve con las Tardes Culturales a Coyhaique<\/span><\/strong><\/p>\n<div id=\"gtx-trans\" style=\"position: absolute; left: -50px; top: 4.31534px;\">\n<div class=\"gtx-trans-icon\"><\/div>\n<\/div>\n<\/div><\/section><\/div><div class=\"flex_column av_one_full  flex_column_div av-zero-column-padding first  avia-builder-el-4  el_after_av_one_full  el_before_av_hr  column-top-margin\" style='border-radius:0px; '><section class=\"av_textblock_section \"  itemscope=\"itemscope\" itemtype=\"https:\/\/schema.org\/BlogPosting\" itemprop=\"blogPost\" ><div class='avia_textblock  '   itemprop=\"text\" ><p style=\"text-align: justify;\"><em>A partir del trabajo del Programa de Fortalecimiento de la Identidad Cultural, de la Seremi de las Culturas, las Artes y el Patrimonio, se realizar\u00e1 una nueva jornada de Tardes Culturales en Coyhaique.<\/em><\/p>\n<p style=\"text-align: justify;\">Con el objetivo de acercar las artes a la comunidad, promover, visibilizar y difundir el trabajo creativo de artistas y cultores comunitarios, surgen las Tardes Culturales, permitiendo acercar y difundir el trabajo creativo de artistas y cultores comunitarios, de manera de relevar la identidad y creaci\u00f3n territorial. Estas actividades contemplan presentaciones art\u00edsticas de m\u00fasica, teatro, danza y\/o circo de artistas locales en espacios p\u00fablicos, como lo son las plazas y parques, facilitando a las diferentes comunidades apropiarse de los lugares de encuentro ciudadano a trav\u00e9s del arte, y generando mayor cohesi\u00f3n comunitaria.<\/p>\n<p style=\"text-align: justify;\">Por medio del Programa <em>de Fortalecimiento de la Identidad Cultural<\/em>, se busca aportar a la descentralizaci\u00f3n de la cultura y las artes, a la equidad territorial y a la ampliaci\u00f3n del acceso de bienes y servicios art\u00edsticos y culturales, apostando por dar cobertura especial a territorios con menos oportunidades de participaci\u00f3n art\u00edstica y cultural y aislada geogr\u00e1ficamente, favoreciendo el desarrollo de las Tardes Culturas.<\/p>\n<p style=\"text-align: justify;\">As\u00ed, es posible ampliar el acceso a comunas distintas a las capitales regionales, abriendo instancias de participaci\u00f3n art\u00edstica y cultural y contribuyendo a fortalecer la identidad territorial y comunitaria.<\/p>\n<p style=\"text-align: justify;\">El Seremi de Culturas, Artes y Patrimonio, Felipe Quiroz, se refiri\u00f3 a esto: \u201cTardes Culturales, es una iniciativa que tiene como prop\u00f3sito generar una recuperaci\u00f3n de los espacios p\u00fablicos a trav\u00e9s de lenguajes art\u00edsticos y culturales. Para nuestro Ministerio, generar este tipo de instancias son profundamente significativas porque creemos profundamente que a trav\u00e9s de ellas podemos ir avanzando en mayor justicia territorial. Y quiero dejar cordialmente invitados e invitadas a los vecinos de la Comuna de Coyhaique a que se acerquen al Parque de las Lumas desde las 3.30 este viernes para poder vivir una experiencia de circo y artes esc\u00e9nicas completamente gratuita y abierta a la comunidad\u201d.<\/p>\n<p style=\"text-align: justify;\">El viernes 5 de diciembre, a partir de las 15:30 horas en la Plaza V\u00edctor Jara (ex Parque Las Lumas) de Coyhaique, se realizar\u00e1 la actividad, que considera la participaci\u00f3n de \u201cPayasas a la Carta\u201d, con su rutina de humor; la Magia de Sikram y las acrobacias del show \u201cNew era\u201d, montaje circense de Gravity Circus. Adem\u00e1s, tendremos globoflexia y batucadas.<\/p>\n<p style=\"text-align: justify;\">Invitamos a vecinas y vecinos del sector, familias, estudiantes, ni\u00f1as y ni\u00f1os, y toda la comunidad de Coyhaique, a disfrutar de una grata Tarde Cultural, iniciativa del Ministerio de las Culturas, las Artes y el Patrimonio.<\/p>\n<p style=\"text-align: justify;\"><strong>\u00a0<\/strong><\/p>\n<\/div><\/section><\/div><\/p>\n<div  style='height:50px' class='hr hr-invisible   avia-builder-el-6  el_after_av_one_full  el_before_av_social_share '><span class='hr-inner ' ><span class='hr-inner-style'><\/span><\/span><\/div>\n<div  class='av-social-sharing-box  avia-builder-el-7  el_after_av_hr  el_before_av_hr  '><div class='av-share-box'><h5 class='av-share-link-description av-no-toc '>Compartir esta noticia<\/h5><ul class='av-share-box-list noLightbox'><li class='av-share-link av-social-link-facebook' ><a target=\"_blank\" aria-label=\"Compartir en Facebook\" href='https:\/\/www.facebook.com\/sharer.php?u=https:\/\/radiorevelacionfm.cl\/?p=62142&#038;t=Culturas%20Ays%C3%A9n%20vuelve%20con%20las%20Tardes%20Culturales%20a%20Coyhaique' aria-hidden='false' data-av_icon='\ue8f3' data-av_iconfont='entypo-fontello' title='' data-avia-related-tooltip='Compartir en Facebook' rel=\"noopener\"><span class='avia_hidden_link_text'>Compartir en Facebook<\/span><\/a><\/li><li class='av-share-link av-social-link-twitter' ><a target=\"_blank\" aria-label=\"Compartir en Twitter\" href='https:\/\/twitter.com\/share?text=Culturas%20Ays%C3%A9n%20vuelve%20con%20las%20Tardes%20Culturales%20a%20Coyhaique&#038;url=https:\/\/radiorevelacionfm.cl\/?p=62142' aria-hidden='false' data-av_icon='\ue8f1' data-av_iconfont='entypo-fontello' title='' data-avia-related-tooltip='Compartir en Twitter' rel=\"noopener\"><span class='avia_hidden_link_text'>Compartir en Twitter<\/span><\/a><\/li><li class='av-share-link av-social-link-whatsapp' ><a target=\"_blank\" aria-label=\"Compartir en Whatsapp\" href='https:\/\/api.whatsapp.com\/send?text=https:\/\/radiorevelacionfm.cl\/?p=62142' aria-hidden='false' data-av_icon='\uf232' data-av_iconfont='entypo-fontello' title='' data-avia-related-tooltip='Compartir en Whatsapp' rel=\"noopener\"><span class='avia_hidden_link_text'>Compartir en Whatsapp<\/span><\/a><\/li><li class='av-share-link av-social-link-linkedin' ><a target=\"_blank\" aria-label=\"Compartir en LinkedIn\" href='https:\/\/linkedin.com\/shareArticle?mini=true&#038;title=Culturas%20Ays%C3%A9n%20vuelve%20con%20las%20Tardes%20Culturales%20a%20Coyhaique&#038;url=https:\/\/radiorevelacionfm.cl\/?p=62142' aria-hidden='false' data-av_icon='\ue8fc' data-av_iconfont='entypo-fontello' title='' data-avia-related-tooltip='Compartir en LinkedIn' rel=\"noopener\"><span class='avia_hidden_link_text'>Compartir en LinkedIn<\/span><\/a><\/li><li class='av-share-link av-social-link-mail' ><a  aria-label=\"Compartir por correo\" href='mailto:?subject=Culturas%20Ays%C3%A9n%20vuelve%20con%20las%20Tardes%20Culturales%20a%20Coyhaique&#038;body=https:\/\/radiorevelacionfm.cl\/?p=62142' aria-hidden='false' data-av_icon='\ue805' data-av_iconfont='entypo-fontello' title='' data-avia-related-tooltip='Compartir por correo'><span class='avia_hidden_link_text'>Compartir por correo<\/span><\/a><\/li><\/ul><\/div><\/div>\n<div  style='height:50px' class='hr hr-invisible   avia-builder-el-8  el_after_av_social_share  el_before_av_comments_list '><span class='hr-inner ' ><span class='hr-inner-style'><\/span><\/span><\/div>\n<div  class='av-buildercomment  av-blog-meta-html-info-disabled av-blog-meta-tag-disabled  '><\/div>\n","protected":false},"excerpt":{"rendered":"","protected":false},"author":1,"featured_media":62143,"comment_status":"closed","ping_status":"closed","sticky":false,"template":"","format":"standard","meta":{"footnotes":""},"categories":[52],"tags":[],"class_list":["post-62142","post","type-post","status-publish","format-standard","has-post-thumbnail","hentry","category-cultura"],"jetpack_featured_media_url":"https:\/\/radiorevelacionfm.cl\/wp-content\/uploads\/2025\/12\/516359720_1304612214998003_2938379324118124349_n-1_optimized.jpg","_links":{"self":[{"href":"https:\/\/radiorevelacionfm.cl\/index.php?rest_route=\/wp\/v2\/posts\/62142","targetHints":{"allow":["GET"]}}],"collection":[{"href":"https:\/\/radiorevelacionfm.cl\/index.php?rest_route=\/wp\/v2\/posts"}],"about":[{"href":"https:\/\/radiorevelacionfm.cl\/index.php?rest_route=\/wp\/v2\/types\/post"}],"author":[{"embeddable":true,"href":"https:\/\/radiorevelacionfm.cl\/index.php?rest_route=\/wp\/v2\/users\/1"}],"replies":[{"embeddable":true,"href":"https:\/\/radiorevelacionfm.cl\/index.php?rest_route=%2Fwp%2Fv2%2Fcomments&post=62142"}],"version-history":[{"count":3,"href":"https:\/\/radiorevelacionfm.cl\/index.php?rest_route=\/wp\/v2\/posts\/62142\/revisions"}],"predecessor-version":[{"id":62145,"href":"https:\/\/radiorevelacionfm.cl\/index.php?rest_route=\/wp\/v2\/posts\/62142\/revisions\/62145"}],"wp:featuredmedia":[{"embeddable":true,"href":"https:\/\/radiorevelacionfm.cl\/index.php?rest_route=\/wp\/v2\/media\/62143"}],"wp:attachment":[{"href":"https:\/\/radiorevelacionfm.cl\/index.php?rest_route=%2Fwp%2Fv2%2Fmedia&parent=62142"}],"wp:term":[{"taxonomy":"category","embeddable":true,"href":"https:\/\/radiorevelacionfm.cl\/index.php?rest_route=%2Fwp%2Fv2%2Fcategories&post=62142"},{"taxonomy":"post_tag","embeddable":true,"href":"https:\/\/radiorevelacionfm.cl\/index.php?rest_route=%2Fwp%2Fv2%2Ftags&post=62142"}],"curies":[{"name":"wp","href":"https:\/\/api.w.org\/{rel}","templated":true}]}}