{"id":62135,"date":"2025-12-03T20:59:52","date_gmt":"2025-12-03T23:59:52","guid":{"rendered":"https:\/\/radiorevelacionfm.cl\/?p=62135"},"modified":"2025-12-03T20:59:52","modified_gmt":"2025-12-03T23:59:52","slug":"gobierno-destaca-la-importancia-de-la-credencial-para-personas-cuidadoras-y-los-avances-claves-en-la-legislacion-sobre-discapacidad-en-chile","status":"publish","type":"post","link":"https:\/\/radiorevelacionfm.cl\/?p=62135","title":{"rendered":"Gobierno destaca la importancia de la credencial para personas cuidadoras y los avances claves en la legislaci\u00f3n sobre discapacidad en Chile"},"content":{"rendered":"<div class=\"flex_column av_one_full  flex_column_div av-zero-column-padding first  avia-builder-el-0  el_before_av_one_full  avia-builder-el-first  \" style='border-radius:0px; '><div  class='avia-image-container  av-styling-    avia-builder-el-1  avia-builder-el-no-sibling  avia-align-center '  itemprop=\"image\" itemscope=\"itemscope\" itemtype=\"https:\/\/schema.org\/ImageObject\"  ><div class='avia-image-container-inner'><div class='avia-image-overlay-wrap'><img decoding=\"async\" class='wp-image-62136 avia-img-lazy-loading-not-62136 avia_image' src=\"https:\/\/radiorevelacionfm.cl\/wp-content\/uploads\/2025\/12\/Seremi-y-Senadis-1-1.jpeg\" alt='' title='Seremi y Senadis (1) (1)' height=\"600\" width=\"1066\"  itemprop=\"thumbnailUrl\" srcset=\"https:\/\/radiorevelacionfm.cl\/wp-content\/uploads\/2025\/12\/Seremi-y-Senadis-1-1.jpeg 1066w, https:\/\/radiorevelacionfm.cl\/wp-content\/uploads\/2025\/12\/Seremi-y-Senadis-1-1-300x169.jpeg 300w, https:\/\/radiorevelacionfm.cl\/wp-content\/uploads\/2025\/12\/Seremi-y-Senadis-1-1-1030x580.jpeg 1030w, https:\/\/radiorevelacionfm.cl\/wp-content\/uploads\/2025\/12\/Seremi-y-Senadis-1-1-768x432.jpeg 768w, https:\/\/radiorevelacionfm.cl\/wp-content\/uploads\/2025\/12\/Seremi-y-Senadis-1-1-705x397.jpeg 705w, https:\/\/radiorevelacionfm.cl\/wp-content\/uploads\/2025\/12\/Seremi-y-Senadis-1-1-450x253.jpeg 450w, https:\/\/radiorevelacionfm.cl\/wp-content\/uploads\/2025\/12\/Seremi-y-Senadis-1-1-600x338.jpeg 600w\" sizes=\"(max-width: 1066px) 100vw, 1066px\" \/><\/div><\/div><\/div><\/div><div class=\"flex_column av_one_full  flex_column_div av-zero-column-padding first  avia-builder-el-2  el_after_av_one_full  el_before_av_one_full  column-top-margin\" style='border-radius:0px; '><section class=\"av_textblock_section \"  itemscope=\"itemscope\" itemtype=\"https:\/\/schema.org\/BlogPosting\" itemprop=\"blogPost\" ><div class='avia_textblock  '   itemprop=\"text\" ><p style=\"text-align: center;\"><strong><span style=\"font-size: 18pt;\">Gobierno destaca la importancia de la credencial para personas cuidadoras y los avances claves en la legislaci\u00f3n sobre discapacidad en Chile<\/span><\/strong><\/p>\n<div id=\"gtx-trans\" style=\"position: absolute; left: -50px; top: 4.31534px;\">\n<div class=\"gtx-trans-icon\"><\/div>\n<\/div>\n<\/div><\/section><\/div><div class=\"flex_column av_one_full  flex_column_div av-zero-column-padding first  avia-builder-el-4  el_after_av_one_full  el_before_av_hr  column-top-margin\" style='border-radius:0px; '><section class=\"av_textblock_section \"  itemscope=\"itemscope\" itemtype=\"https:\/\/schema.org\/BlogPosting\" itemprop=\"blogPost\" ><div class='avia_textblock  '   itemprop=\"text\" ><p style=\"text-align: justify;\">El 3 de diciembre se conmemora el D\u00eda Internacional de las Personas con Discapacidad, proclamado por la Asamblea General de las Naciones Unidas en 1992. En ese contexto, el Gobierno destaca la relevancia de la Credencial para Personas Cuidadoras como herramienta fundamental para visibilizar su labor y facilitar el acceso a beneficios y la reciente promulgaci\u00f3n de la Ley de Atenci\u00f3n Preferente.<\/p>\n<p style=\"text-align: justify;\">La credencial, gestionada a trav\u00e9s del M\u00f3dulo de Cuidados del Registro Social de Hogares, acredita formalmente a quienes ejercen este rol esencial, permiti\u00e9ndoles acceder a una serie de servicios y programas sociales.<\/p>\n<p style=\"text-align: justify;\">Uno de los avances m\u00e1s significativos es que la credencial garantiza atenci\u00f3n preferente en diversas instituciones p\u00fablicas y privadas, incluidas en la \u00abRed Empresas Chile Cuida\u00bb como: Fonasa, BancoEstado, Registro Civil, ChileAtiende, Edelaysen y puntos de atenci\u00f3n del Registro Social de Hogares. Esta medida, respaldada por la Ley N\u00b0 21.768, busca disminuir los tiempos de espera y aliviar la carga diaria de los cuidadores.<\/p>\n<p style=\"text-align: justify;\">La acreditaci\u00f3n facilita la identificaci\u00f3n para la focalizaci\u00f3n de programas y beneficios del Ministerio de Desarrollo Social y Familia. Esto incluye el acceso al estipendio mensual para cuidadores de personas con dependencia severa.<\/p>\n<p style=\"text-align: justify;\">M\u00e1s all\u00e1 de los beneficios tangibles, la credencial otorga reconocimiento social a una labor que hist\u00f3ricamente ha permanecido invisible y mayoritariamente asumida por mujeres.<\/p>\n<p style=\"text-align: justify;\">El impulso a la credencial se enmarca en una serie de avances legislativos m\u00e1s amplios que buscan un sistema de apoyo y cuidados robusto:<\/p>\n<p style=\"text-align: justify;\"><strong>Sistema Nacional de Apoyos y Cuidados:<\/strong> El gobierno firm\u00f3 un proyecto de ley que crea el Sistema Nacional de Apoyos y Cuidados, una iniciativa que busca generar una red integral de soporte para las personas dependientes y sus cuidadores. Este proyecto ya fue aprobado en la Comisi\u00f3n de Familia del Senado y ser\u00e1 ahora debatido y votado en la Sala de la C\u00e1mara de Diputadas y Diputados, si ah\u00ed es aprobado, quedara listo para convertirse en ley.<\/p>\n<p style=\"text-align: justify;\"><strong>Ley de Salud Mental (Ley N\u00b0 21.331):<\/strong> Esta ley garantiza y protege los derechos de las personas en la atenci\u00f3n de salud mental, lo cual es crucial dado el impacto que la labor de cuidado puede tener en el bienestar emocional de los cuidadores.<\/p>\n<p style=\"text-align: justify;\"><strong>Ley de Teletrabajo para Cuidadores:<\/strong> La Ley N\u00b0 21.645, aprobada en 2023, establece que el empleador deber\u00e1 ofrecer a quienes cuidan a ni\u00f1os o personas con discapacidad la posibilidad de realizar toda o parte de su jornada en modalidad de trabajo a distancia o teletrabajo.<\/p>\n<p style=\"text-align: justify;\">\u00abLa Credencial para Personas Cuidadoras no es solo un carnet, es el s\u00edmbolo del reconocimiento del Estado a una labor indispensable. Los avances en leyes como la de Atenci\u00f3n Preferente demuestran que estamos avanzando hacia un pa\u00eds m\u00e1s inclusivo y que valora a quienes cuidan. De esta forma, el Gobierno del Presidente Gabriel Boric, reafirma su compromiso con el reconocimiento y apoyo a las miles de personas que dedican su vida al cuidado no remunerado de personas con discapacidad o dependencia severa en Chile\u00bb, se\u00f1al\u00f3 \u00darsula Mix, Seremi de Gobierno regi\u00f3n de Ays\u00e9n.<\/p>\n<p style=\"text-align: justify;\">Cabe se\u00f1alar, que las personas cuidadoras que a\u00fan no han tramitado su credencial, pueden encontrar m\u00e1s informaci\u00f3n sobre c\u00f3mo obtenerla en la Ventanilla \u00danica Social o en el sitio web de ChileAtiende.<\/p>\n<\/div><\/section><\/div><div  style='height:50px' class='hr hr-invisible   avia-builder-el-6  el_after_av_one_full  el_before_av_social_share '><span class='hr-inner ' ><span class='hr-inner-style'><\/span><\/span><\/div><\/p>\n<div  class='av-social-sharing-box  avia-builder-el-7  el_after_av_hr  el_before_av_hr  '><div class='av-share-box'><h5 class='av-share-link-description av-no-toc '>Compartir esta noticia<\/h5><ul class='av-share-box-list noLightbox'><li class='av-share-link av-social-link-facebook' ><a target=\"_blank\" aria-label=\"Compartir en Facebook\" href='https:\/\/www.facebook.com\/sharer.php?u=https:\/\/radiorevelacionfm.cl\/?p=62135&#038;t=Gobierno%20destaca%20la%20importancia%20de%20la%20credencial%20para%20personas%20cuidadoras%20y%20los%20avances%20claves%20en%20la%20legislaci%C3%B3n%20sobre%20discapacidad%20en%20Chile' aria-hidden='false' data-av_icon='\ue8f3' data-av_iconfont='entypo-fontello' title='' data-avia-related-tooltip='Compartir en Facebook' rel=\"noopener\"><span class='avia_hidden_link_text'>Compartir en Facebook<\/span><\/a><\/li><li class='av-share-link av-social-link-twitter' ><a target=\"_blank\" aria-label=\"Compartir en Twitter\" href='https:\/\/twitter.com\/share?text=Gobierno%20destaca%20la%20importancia%20de%20la%20credencial%20para%20personas%20cuidadoras%20y%20los%20avances%20claves%20en%20la%20legislaci%C3%B3n%20sobre%20discapacidad%20en%20Chile&#038;url=https:\/\/radiorevelacionfm.cl\/?p=62135' aria-hidden='false' data-av_icon='\ue8f1' data-av_iconfont='entypo-fontello' title='' data-avia-related-tooltip='Compartir en Twitter' rel=\"noopener\"><span class='avia_hidden_link_text'>Compartir en Twitter<\/span><\/a><\/li><li class='av-share-link av-social-link-whatsapp' ><a target=\"_blank\" aria-label=\"Compartir en Whatsapp\" href='https:\/\/api.whatsapp.com\/send?text=https:\/\/radiorevelacionfm.cl\/?p=62135' aria-hidden='false' data-av_icon='\uf232' data-av_iconfont='entypo-fontello' title='' data-avia-related-tooltip='Compartir en Whatsapp' rel=\"noopener\"><span class='avia_hidden_link_text'>Compartir en Whatsapp<\/span><\/a><\/li><li class='av-share-link av-social-link-linkedin' ><a target=\"_blank\" aria-label=\"Compartir en LinkedIn\" href='https:\/\/linkedin.com\/shareArticle?mini=true&#038;title=Gobierno%20destaca%20la%20importancia%20de%20la%20credencial%20para%20personas%20cuidadoras%20y%20los%20avances%20claves%20en%20la%20legislaci%C3%B3n%20sobre%20discapacidad%20en%20Chile&#038;url=https:\/\/radiorevelacionfm.cl\/?p=62135' aria-hidden='false' data-av_icon='\ue8fc' data-av_iconfont='entypo-fontello' title='' data-avia-related-tooltip='Compartir en LinkedIn' rel=\"noopener\"><span class='avia_hidden_link_text'>Compartir en LinkedIn<\/span><\/a><\/li><li class='av-share-link av-social-link-mail' ><a  aria-label=\"Compartir por correo\" href='mailto:?subject=Gobierno%20destaca%20la%20importancia%20de%20la%20credencial%20para%20personas%20cuidadoras%20y%20los%20avances%20claves%20en%20la%20legislaci%C3%B3n%20sobre%20discapacidad%20en%20Chile&#038;body=https:\/\/radiorevelacionfm.cl\/?p=62135' aria-hidden='false' data-av_icon='\ue805' data-av_iconfont='entypo-fontello' title='' data-avia-related-tooltip='Compartir por correo'><span class='avia_hidden_link_text'>Compartir por correo<\/span><\/a><\/li><\/ul><\/div><\/div>\n<div  style='height:50px' class='hr hr-invisible   avia-builder-el-8  el_after_av_social_share  el_before_av_comments_list '><span class='hr-inner ' ><span class='hr-inner-style'><\/span><\/span><\/div>\n<div  class='av-buildercomment  av-blog-meta-html-info-disabled av-blog-meta-tag-disabled  '><\/div>\n","protected":false},"excerpt":{"rendered":"","protected":false},"author":1,"featured_media":62136,"comment_status":"closed","ping_status":"closed","sticky":false,"template":"","format":"standard","meta":{"footnotes":""},"categories":[38],"tags":[],"class_list":["post-62135","post","type-post","status-publish","format-standard","has-post-thumbnail","hentry","category-regional"],"jetpack_featured_media_url":"https:\/\/radiorevelacionfm.cl\/wp-content\/uploads\/2025\/12\/Seremi-y-Senadis-1-1.jpeg","_links":{"self":[{"href":"https:\/\/radiorevelacionfm.cl\/index.php?rest_route=\/wp\/v2\/posts\/62135","targetHints":{"allow":["GET"]}}],"collection":[{"href":"https:\/\/radiorevelacionfm.cl\/index.php?rest_route=\/wp\/v2\/posts"}],"about":[{"href":"https:\/\/radiorevelacionfm.cl\/index.php?rest_route=\/wp\/v2\/types\/post"}],"author":[{"embeddable":true,"href":"https:\/\/radiorevelacionfm.cl\/index.php?rest_route=\/wp\/v2\/users\/1"}],"replies":[{"embeddable":true,"href":"https:\/\/radiorevelacionfm.cl\/index.php?rest_route=%2Fwp%2Fv2%2Fcomments&post=62135"}],"version-history":[{"count":2,"href":"https:\/\/radiorevelacionfm.cl\/index.php?rest_route=\/wp\/v2\/posts\/62135\/revisions"}],"predecessor-version":[{"id":62139,"href":"https:\/\/radiorevelacionfm.cl\/index.php?rest_route=\/wp\/v2\/posts\/62135\/revisions\/62139"}],"wp:featuredmedia":[{"embeddable":true,"href":"https:\/\/radiorevelacionfm.cl\/index.php?rest_route=\/wp\/v2\/media\/62136"}],"wp:attachment":[{"href":"https:\/\/radiorevelacionfm.cl\/index.php?rest_route=%2Fwp%2Fv2%2Fmedia&parent=62135"}],"wp:term":[{"taxonomy":"category","embeddable":true,"href":"https:\/\/radiorevelacionfm.cl\/index.php?rest_route=%2Fwp%2Fv2%2Fcategories&post=62135"},{"taxonomy":"post_tag","embeddable":true,"href":"https:\/\/radiorevelacionfm.cl\/index.php?rest_route=%2Fwp%2Fv2%2Ftags&post=62135"}],"curies":[{"name":"wp","href":"https:\/\/api.w.org\/{rel}","templated":true}]}}