{"id":62131,"date":"2025-12-04T10:09:42","date_gmt":"2025-12-04T13:09:42","guid":{"rendered":"https:\/\/radiorevelacionfm.cl\/?p=62131"},"modified":"2025-12-04T10:09:42","modified_gmt":"2025-12-04T13:09:42","slug":"inicia-proceso-de-postulacion-becas-2026-a-traves-de-mejorada-plataforma-unificada-de-postulacion","status":"publish","type":"post","link":"https:\/\/radiorevelacionfm.cl\/?p=62131","title":{"rendered":"Inicia Proceso de Postulaci\u00f3n Becas 2026 a trav\u00e9s de Mejorada Plataforma Unificada de Postulaci\u00f3n"},"content":{"rendered":"<div class=\"flex_column av_one_full  flex_column_div av-zero-column-padding first  avia-builder-el-0  el_before_av_one_full  avia-builder-el-first  \" style='border-radius:0px; '><div  class='avia-image-container  av-styling-    avia-builder-el-1  avia-builder-el-no-sibling  avia-align-center '  itemprop=\"image\" itemscope=\"itemscope\" itemtype=\"https:\/\/schema.org\/ImageObject\"  ><div class='avia-image-container-inner'><div class='avia-image-overlay-wrap'><img decoding=\"async\" class='wp-image-62132 avia-img-lazy-loading-not-62132 avia_image' src=\"https:\/\/radiorevelacionfm.cl\/wp-content\/uploads\/2025\/12\/f91ec93c-205f-46ee-94a9-3777cc968e86-1-1_optimized.jpeg\" alt='' title='f91ec93c-205f-46ee-94a9-3777cc968e86-(1)-(1)_optimized' height=\"600\" width=\"800\"  itemprop=\"thumbnailUrl\" srcset=\"https:\/\/radiorevelacionfm.cl\/wp-content\/uploads\/2025\/12\/f91ec93c-205f-46ee-94a9-3777cc968e86-1-1_optimized.jpeg 800w, https:\/\/radiorevelacionfm.cl\/wp-content\/uploads\/2025\/12\/f91ec93c-205f-46ee-94a9-3777cc968e86-1-1_optimized-300x225.jpeg 300w, https:\/\/radiorevelacionfm.cl\/wp-content\/uploads\/2025\/12\/f91ec93c-205f-46ee-94a9-3777cc968e86-1-1_optimized-768x576.jpeg 768w, https:\/\/radiorevelacionfm.cl\/wp-content\/uploads\/2025\/12\/f91ec93c-205f-46ee-94a9-3777cc968e86-1-1_optimized-705x529.jpeg 705w, https:\/\/radiorevelacionfm.cl\/wp-content\/uploads\/2025\/12\/f91ec93c-205f-46ee-94a9-3777cc968e86-1-1_optimized-450x338.jpeg 450w, https:\/\/radiorevelacionfm.cl\/wp-content\/uploads\/2025\/12\/f91ec93c-205f-46ee-94a9-3777cc968e86-1-1_optimized-600x450.jpeg 600w\" sizes=\"(max-width: 800px) 100vw, 800px\" \/><\/div><\/div><\/div><\/div><div class=\"flex_column av_one_full  flex_column_div av-zero-column-padding first  avia-builder-el-2  el_after_av_one_full  el_before_av_one_full  column-top-margin\" style='border-radius:0px; '><section class=\"av_textblock_section \"  itemscope=\"itemscope\" itemtype=\"https:\/\/schema.org\/BlogPosting\" itemprop=\"blogPost\" ><div class='avia_textblock  '   itemprop=\"text\" ><p style=\"text-align: center;\"><span style=\"font-size: 18pt;\"><b>Inicia Proceso de Postulaci\u00f3n Becas 2026 a trav\u00e9s de Mejorada Plataforma Unificada de Postulaci\u00f3n<\/b><\/span><\/p>\n<div id=\"gtx-trans\" style=\"position: absolute; left: -50px; top: 4.31534px;\">\n<div class=\"gtx-trans-icon\"><\/div>\n<\/div>\n<\/div><\/section><\/div><div class=\"flex_column av_one_full  flex_column_div av-zero-column-padding first  avia-builder-el-4  el_after_av_one_full  el_before_av_hr  column-top-margin\" style='border-radius:0px; '><section class=\"av_textblock_section \"  itemscope=\"itemscope\" itemtype=\"https:\/\/schema.org\/BlogPosting\" itemprop=\"blogPost\" ><div class='avia_textblock  '   itemprop=\"text\" ><p style=\"font-weight: 400; text-align: justify;\"><em>Desde el 01 de diciembre y hasta el 31 de enero de 2026, estar\u00e1 disponible Portal Unificado de Becas para postular a los distintos beneficios de JUNAEB.<\/em><\/p>\n<p style=\"font-weight: 400; text-align: justify;\">En una actividad organizada en conjunto con el Centro de Formaci\u00f3n T\u00e9cnica (CFT) de Ays\u00e9n, el martes 02 de Diciembre, en la localidad de Puerto Ays\u00e9n, se inform\u00f3 sobre el inicio del proceso de postulaciones a becas 2026 por parte de JUNAEB.<\/p>\n<p style=\"font-weight: 400; text-align: justify;\">Durante el presente a\u00f1o, se sigue ajustando y mejorando el funcionamiento del portal unificado de becas y residencia,\u00a0que centraliza en un solo lugar toda la informaci\u00f3n y los tr\u00e1mites de postulaci\u00f3n y renovaci\u00f3n. La plataforma incorpora una estructura m\u00e1s simple, evita duplicidades y entrega mayor orden en los procesos.<\/p>\n<p style=\"font-weight: 400; text-align: justify;\">El Director Regional de JUNAEB, Manuel Vivar, indic\u00f3 que \u201cCon este hito de inicio y el lanzamiento del nuevo portal, buscamos que ning\u00fan estudiante quede fuera de un beneficio por desconocimiento o dificultades del proceso, la informaci\u00f3n clara y oportuna puede cambiar destinos. Estamos consciente del impacto de nuestros beneficios para apoyar la trayectoria educativa de nuestros estudiantes,\u00a0las becas son m\u00e1s que un apoyo econ\u00f3mico, cada beca sostiene proyectos de vida que muchas veces nacen en sectores rurales y aislados de nuestro territorio, nuestro deber es estar ah\u00ed, apoyando esos caminos\u201d.<\/p>\n<p style=\"font-weight: 400; text-align: justify;\">En la regi\u00f3n de Ays\u00e9n se espera para el 2026 tener un nivel se asignaci\u00f3n de beneficios que permita becar a m\u00e1s de 9200 estudiantes de la regi\u00f3n de Ays\u00e9n en sus distintos niveles. En particular para educaci\u00f3n superior, se espera becar a cerca 4.650 estudiantes, donde es fundamental la cobertura que tienen las becas regionales: Beca Ays\u00e9n para estudiantes que estudian en la regi\u00f3n y Beca Patagonia para quienes contin\u00faan estudios fuera de la regi\u00f3n.<\/p>\n<p style=\"font-weight: 400; text-align: justify;\">En este contexto, Ronaldo Aguila, representante del CFT Estatal de Ays\u00e9n valor\u00f3 particularmente la instancia y los beneficios de JUNAEB. \u201dEste lanzamiento es muy importante, todo lo que tenga que ver con becas de mantenci\u00f3n y apoyos econ\u00f3micos es fundamental para que nuestros estudiantes tengan la oportunidad de estudiar ac\u00e1 en el territorio.<\/p>\n<p style=\"font-weight: 400; text-align: justify;\">El hecho de que en la regi\u00f3n hayan dos instituciones estatales, el CFT de Ays\u00e9n y la Universidad de Ays\u00e9n permite ir cambiando la realidad que para estudiar una carrera tengo que salir de la regi\u00f3n. La existencia de estas becas de mantenci\u00f3n ayuda a que los estudiantes que acceden a ellas cumplan con su anhelo y sue\u00f1o de cursar una carrera superior con los apoyos para reducir el gasto econ\u00f3mico. Del universo de estudiantes de nuestra instituci\u00f3n m\u00e1s de 600 tenemos 216 que estudian con becas de mantenci\u00f3n de JUNAEB y por ello es tan valioso este lanzamiento\u201d.<\/p>\n<p style=\"font-weight: 400; text-align: justify;\">Por su parte, la Seremi de Educaci\u00f3n, Katherine Miqueles, mencion\u00f3 que \u201cpara apoyar al estudiantado a postular a estas becas en l\u00ednea se ha mejorado notoriamente\u00a0 la conexi\u00f3n a internet en escuelas y liceos p\u00fablicos y entendemos que las escuelas, especialmente las rurales son centros comunitarios donde la comunidad se vuelca para realizar diversos tr\u00e1mites. Tambi\u00e9n destacamos el proceso de modernizaci\u00f3n del Estado que hoy permite acceder y cruzar la informaci\u00f3n de los estudiantes y centralizarla en una sola plataforma,\u00a0 en este caso de postulaci\u00f3n a becas JUNAEB. Del mismo modo, a trav\u00e9s de la plataforma\u00a0<a href=\"http:\/\/chilepresente.cl\/\" data-saferedirecturl=\"https:\/\/www.google.com\/url?q=http:\/\/chilepresente.cl&amp;source=gmail&amp;ust=1764879448743000&amp;usg=AOvVaw2F0q-D0a5EBa2d9vCzcnS1\">chilepresente.cl<\/a>\u00a0podemos hacer seguimiento a toda la trayectoria educativa de cada uno de nuestros estudiantes lo que permite identificar los riesgos de deserci\u00f3n escolar de ni\u00f1os y j\u00f3venes y tomar acciones en conjunto como sector educaci\u00f3n\u201c.<\/p>\n<p style=\"font-weight: 400; text-align: justify;\">El proceso de postulaci\u00f3n es totalmente en l\u00ednea, a trav\u00e9s de la p\u00e1gina\u00a0<a href=\"http:\/\/www.junaeb.cl\/\" data-saferedirecturl=\"https:\/\/www.google.com\/url?q=http:\/\/www.junaeb.cl&amp;source=gmail&amp;ust=1764879448743000&amp;usg=AOvVaw0bnj6sKSlvrWgoRM8kxH6v\">www.junaeb.cl<\/a>\u00a0, desde donde se accede al nuevo portal. Una vez que los postulantes ingresan, deben ingresar su RUT y proporcionar una direcci\u00f3n de correo electr\u00f3nico activa, a ese correo les llegar\u00e1 una contrase\u00f1a provisoria que les permitir\u00e1 acceder al sistema y completar su proceso de postulaci\u00f3n, reforzando lo importante de asegurarse de tener el comprobante de postulaci\u00f3n final. Recordar que este proceso de postulaci\u00f3n lo deben realizar tanto postulantes nuevos como renovantes de alg\u00fan beneficio.<\/p>\n<\/div><\/section><\/div><div  style='height:50px' class='hr hr-invisible   avia-builder-el-6  el_after_av_one_full  el_before_av_social_share '><span class='hr-inner ' ><span class='hr-inner-style'><\/span><\/span><\/div><\/p>\n<div  class='av-social-sharing-box  avia-builder-el-7  el_after_av_hr  el_before_av_hr  '><div class='av-share-box'><h5 class='av-share-link-description av-no-toc '>Compartir esta noticia<\/h5><ul class='av-share-box-list noLightbox'><li class='av-share-link av-social-link-facebook' ><a target=\"_blank\" aria-label=\"Compartir en Facebook\" href='https:\/\/www.facebook.com\/sharer.php?u=https:\/\/radiorevelacionfm.cl\/?p=62131&#038;t=Inicia%20Proceso%20de%20Postulaci%C3%B3n%20Becas%202026%20a%20trav%C3%A9s%20de%20Mejorada%20Plataforma%20Unificada%20de%20Postulaci%C3%B3n' aria-hidden='false' data-av_icon='\ue8f3' data-av_iconfont='entypo-fontello' title='' data-avia-related-tooltip='Compartir en Facebook' rel=\"noopener\"><span class='avia_hidden_link_text'>Compartir en Facebook<\/span><\/a><\/li><li class='av-share-link av-social-link-twitter' ><a target=\"_blank\" aria-label=\"Compartir en Twitter\" href='https:\/\/twitter.com\/share?text=Inicia%20Proceso%20de%20Postulaci%C3%B3n%20Becas%202026%20a%20trav%C3%A9s%20de%20Mejorada%20Plataforma%20Unificada%20de%20Postulaci%C3%B3n&#038;url=https:\/\/radiorevelacionfm.cl\/?p=62131' aria-hidden='false' data-av_icon='\ue8f1' data-av_iconfont='entypo-fontello' title='' data-avia-related-tooltip='Compartir en Twitter' rel=\"noopener\"><span class='avia_hidden_link_text'>Compartir en Twitter<\/span><\/a><\/li><li class='av-share-link av-social-link-whatsapp' ><a target=\"_blank\" aria-label=\"Compartir en Whatsapp\" href='https:\/\/api.whatsapp.com\/send?text=https:\/\/radiorevelacionfm.cl\/?p=62131' aria-hidden='false' data-av_icon='\uf232' data-av_iconfont='entypo-fontello' title='' data-avia-related-tooltip='Compartir en Whatsapp' rel=\"noopener\"><span class='avia_hidden_link_text'>Compartir en Whatsapp<\/span><\/a><\/li><li class='av-share-link av-social-link-linkedin' ><a target=\"_blank\" aria-label=\"Compartir en LinkedIn\" href='https:\/\/linkedin.com\/shareArticle?mini=true&#038;title=Inicia%20Proceso%20de%20Postulaci%C3%B3n%20Becas%202026%20a%20trav%C3%A9s%20de%20Mejorada%20Plataforma%20Unificada%20de%20Postulaci%C3%B3n&#038;url=https:\/\/radiorevelacionfm.cl\/?p=62131' aria-hidden='false' data-av_icon='\ue8fc' data-av_iconfont='entypo-fontello' title='' data-avia-related-tooltip='Compartir en LinkedIn' rel=\"noopener\"><span class='avia_hidden_link_text'>Compartir en LinkedIn<\/span><\/a><\/li><li class='av-share-link av-social-link-mail' ><a  aria-label=\"Compartir por correo\" href='mailto:?subject=Inicia%20Proceso%20de%20Postulaci%C3%B3n%20Becas%202026%20a%20trav%C3%A9s%20de%20Mejorada%20Plataforma%20Unificada%20de%20Postulaci%C3%B3n&#038;body=https:\/\/radiorevelacionfm.cl\/?p=62131' aria-hidden='false' data-av_icon='\ue805' data-av_iconfont='entypo-fontello' title='' data-avia-related-tooltip='Compartir por correo'><span class='avia_hidden_link_text'>Compartir por correo<\/span><\/a><\/li><\/ul><\/div><\/div>\n<div  style='height:50px' class='hr hr-invisible   avia-builder-el-8  el_after_av_social_share  el_before_av_comments_list '><span class='hr-inner ' ><span class='hr-inner-style'><\/span><\/span><\/div>\n<div  class='av-buildercomment  av-blog-meta-html-info-disabled av-blog-meta-tag-disabled  '><\/div>\n","protected":false},"excerpt":{"rendered":"","protected":false},"author":1,"featured_media":62132,"comment_status":"closed","ping_status":"closed","sticky":false,"template":"","format":"standard","meta":{"footnotes":""},"categories":[49],"tags":[],"class_list":["post-62131","post","type-post","status-publish","format-standard","has-post-thumbnail","hentry","category-educacion"],"jetpack_featured_media_url":"https:\/\/radiorevelacionfm.cl\/wp-content\/uploads\/2025\/12\/f91ec93c-205f-46ee-94a9-3777cc968e86-1-1_optimized.jpeg","_links":{"self":[{"href":"https:\/\/radiorevelacionfm.cl\/index.php?rest_route=\/wp\/v2\/posts\/62131","targetHints":{"allow":["GET"]}}],"collection":[{"href":"https:\/\/radiorevelacionfm.cl\/index.php?rest_route=\/wp\/v2\/posts"}],"about":[{"href":"https:\/\/radiorevelacionfm.cl\/index.php?rest_route=\/wp\/v2\/types\/post"}],"author":[{"embeddable":true,"href":"https:\/\/radiorevelacionfm.cl\/index.php?rest_route=\/wp\/v2\/users\/1"}],"replies":[{"embeddable":true,"href":"https:\/\/radiorevelacionfm.cl\/index.php?rest_route=%2Fwp%2Fv2%2Fcomments&post=62131"}],"version-history":[{"count":2,"href":"https:\/\/radiorevelacionfm.cl\/index.php?rest_route=\/wp\/v2\/posts\/62131\/revisions"}],"predecessor-version":[{"id":62140,"href":"https:\/\/radiorevelacionfm.cl\/index.php?rest_route=\/wp\/v2\/posts\/62131\/revisions\/62140"}],"wp:featuredmedia":[{"embeddable":true,"href":"https:\/\/radiorevelacionfm.cl\/index.php?rest_route=\/wp\/v2\/media\/62132"}],"wp:attachment":[{"href":"https:\/\/radiorevelacionfm.cl\/index.php?rest_route=%2Fwp%2Fv2%2Fmedia&parent=62131"}],"wp:term":[{"taxonomy":"category","embeddable":true,"href":"https:\/\/radiorevelacionfm.cl\/index.php?rest_route=%2Fwp%2Fv2%2Fcategories&post=62131"},{"taxonomy":"post_tag","embeddable":true,"href":"https:\/\/radiorevelacionfm.cl\/index.php?rest_route=%2Fwp%2Fv2%2Ftags&post=62131"}],"curies":[{"name":"wp","href":"https:\/\/api.w.org\/{rel}","templated":true}]}}