{"id":62128,"date":"2025-12-03T18:09:25","date_gmt":"2025-12-03T21:09:25","guid":{"rendered":"https:\/\/radiorevelacionfm.cl\/?p=62128"},"modified":"2025-12-03T18:09:25","modified_gmt":"2025-12-03T21:09:25","slug":"chile-chico-celebro-el-dia-del-artesano-y-artesana-con-feria-cultural-y-encuentro-comunitario","status":"publish","type":"post","link":"https:\/\/radiorevelacionfm.cl\/?p=62128","title":{"rendered":"Chile Chico celebr\u00f3 el D\u00eda del Artesano y Artesana con feria cultural y encuentro comunitario"},"content":{"rendered":"<div class=\"flex_column av_one_full  flex_column_div av-zero-column-padding first  avia-builder-el-0  el_before_av_one_full  avia-builder-el-first  \" style='border-radius:0px; '><div  class='avia-image-container  av-styling-    avia-builder-el-1  avia-builder-el-no-sibling  avia-align-center '  itemprop=\"image\" itemscope=\"itemscope\" itemtype=\"https:\/\/schema.org\/ImageObject\"  ><div class='avia-image-container-inner'><div class='avia-image-overlay-wrap'><img decoding=\"async\" class='wp-image-62129 avia-img-lazy-loading-not-62129 avia_image' src=\"https:\/\/radiorevelacionfm.cl\/wp-content\/uploads\/2025\/12\/whatsapp-image-2025-12-03-at-16_optimized.53.26-2-1-1.jpeg\" alt='' title='whatsapp-image-2025-12-03-at-16_optimized.53.26-(2)-(1) (1)' height=\"600\" width=\"800\"  itemprop=\"thumbnailUrl\" srcset=\"https:\/\/radiorevelacionfm.cl\/wp-content\/uploads\/2025\/12\/whatsapp-image-2025-12-03-at-16_optimized.53.26-2-1-1.jpeg 800w, https:\/\/radiorevelacionfm.cl\/wp-content\/uploads\/2025\/12\/whatsapp-image-2025-12-03-at-16_optimized.53.26-2-1-1-300x225.jpeg 300w, https:\/\/radiorevelacionfm.cl\/wp-content\/uploads\/2025\/12\/whatsapp-image-2025-12-03-at-16_optimized.53.26-2-1-1-768x576.jpeg 768w, https:\/\/radiorevelacionfm.cl\/wp-content\/uploads\/2025\/12\/whatsapp-image-2025-12-03-at-16_optimized.53.26-2-1-1-705x529.jpeg 705w, https:\/\/radiorevelacionfm.cl\/wp-content\/uploads\/2025\/12\/whatsapp-image-2025-12-03-at-16_optimized.53.26-2-1-1-450x338.jpeg 450w, https:\/\/radiorevelacionfm.cl\/wp-content\/uploads\/2025\/12\/whatsapp-image-2025-12-03-at-16_optimized.53.26-2-1-1-600x450.jpeg 600w\" sizes=\"(max-width: 800px) 100vw, 800px\" \/><\/div><\/div><\/div><\/div><div class=\"flex_column av_one_full  flex_column_div av-zero-column-padding first  avia-builder-el-2  el_after_av_one_full  el_before_av_one_full  column-top-margin\" style='border-radius:0px; '><section class=\"av_textblock_section \"  itemscope=\"itemscope\" itemtype=\"https:\/\/schema.org\/BlogPosting\" itemprop=\"blogPost\" ><div class='avia_textblock  '   itemprop=\"text\" ><p style=\"text-align: center;\"><strong><span style=\"font-size: 18pt;\">Chile Chico celebr\u00f3 el D\u00eda del Artesano y Artesana con feria cultural y encuentro comunitario<\/span><\/strong><\/p>\n<div id=\"gtx-trans\" style=\"position: absolute; left: -50px; top: 4.31534px;\">\n<div class=\"gtx-trans-icon\"><\/div>\n<\/div>\n<\/div><\/section><\/div><div class=\"flex_column av_one_full  flex_column_div av-zero-column-padding first  avia-builder-el-4  el_after_av_one_full  el_before_av_hr  column-top-margin\" style='border-radius:0px; '><section class=\"av_textblock_section \"  itemscope=\"itemscope\" itemtype=\"https:\/\/schema.org\/BlogPosting\" itemprop=\"blogPost\" ><div class='avia_textblock  '   itemprop=\"text\" ><p style=\"text-align: justify;\">Con una masiva participaci\u00f3n de la comunidad, la comuna de Chile Chico celebr\u00f3 el D\u00eda del Artesano y Artesana con una gran feria cultural realizada en el Terminal de Buses, instancia que permiti\u00f3 visibilizar el trabajo de artesanos y productores locales provenientes de distintos sectores del territorio.<\/p>\n<p style=\"text-align: justify;\">La jornada contempl\u00f3 una feria artesanal, feria de productores, talleres en vivo, adem\u00e1s de presentaciones de m\u00fasica y danza, transform\u00e1ndose en un verdadero punto de encuentro para las familias de la comuna y visitantes. En la actividad participaron artesanos y productores locales provenientes de sectores como Puerto Bertrand, Puerto Guadal y Mall\u00edn Grande, quienes expusieron y comercializaron productos elaborados con identidad local, destacando el valor del trabajo hecho a mano y el esfuerzo de quienes mantienen vivos los oficios tradicionales.<\/p>\n<p style=\"text-align: justify;\">El evento cont\u00f3 adem\u00e1s con la participaci\u00f3n de destacadas expresiones art\u00edsticas, entre ellas el Grupo Folcl\u00f3rico Voces del Sol, el Grupo de Danza Andina, el payador de Puerto Ib\u00e1\u00f1ez Jorge Contreras y el cantante local Rolando Form\u00f3n, quienes dieron vida a una jornada cargada de m\u00fasica, tradici\u00f3n e identidad patag\u00f3nica.<\/p>\n<p style=\"text-align: justify;\">Desde el municipio destacaron la importancia de generar estos espacios comunitarios que fortalecen la econom\u00eda local, promueven la cultura y relevan el trabajo de los artesanos y productores de la comuna.<\/p>\n<p style=\"text-align: justify;\">\u201cEsta es la forma de generar espacios de cultura, y qu\u00e9 importante es crear estos espacios para que la comunidad se re\u00fana y podamos reconocer cada uno de los productos que est\u00e1n presentes en nuestra comuna, hechos con tanto cari\u00f1o por nuestros artesanos y productores locales, desde Puerto Bertrand, Puerto Guadal y Mall\u00edn Grande\u201d, se\u00f1al\u00f3 el alcalde de Chile Chico, Ariel Keim.<\/p>\n<\/div><\/section><\/div><div  style='height:50px' class='hr hr-invisible   avia-builder-el-6  el_after_av_one_full  el_before_av_social_share '><span class='hr-inner ' ><span class='hr-inner-style'><\/span><\/span><\/div><\/p>\n<div  class='av-social-sharing-box  avia-builder-el-7  el_after_av_hr  el_before_av_hr  '><div class='av-share-box'><h5 class='av-share-link-description av-no-toc '>Compartir esta noticia<\/h5><ul class='av-share-box-list noLightbox'><li class='av-share-link av-social-link-facebook' ><a target=\"_blank\" aria-label=\"Compartir en Facebook\" href='https:\/\/www.facebook.com\/sharer.php?u=https:\/\/radiorevelacionfm.cl\/?p=62128&#038;t=Chile%20Chico%20celebr%C3%B3%20el%20D%C3%ADa%20del%20Artesano%20y%20Artesana%20con%20feria%20cultural%20y%20encuentro%20comunitario' aria-hidden='false' data-av_icon='\ue8f3' data-av_iconfont='entypo-fontello' title='' data-avia-related-tooltip='Compartir en Facebook' rel=\"noopener\"><span class='avia_hidden_link_text'>Compartir en Facebook<\/span><\/a><\/li><li class='av-share-link av-social-link-twitter' ><a target=\"_blank\" aria-label=\"Compartir en Twitter\" href='https:\/\/twitter.com\/share?text=Chile%20Chico%20celebr%C3%B3%20el%20D%C3%ADa%20del%20Artesano%20y%20Artesana%20con%20feria%20cultural%20y%20encuentro%20comunitario&#038;url=https:\/\/radiorevelacionfm.cl\/?p=62128' aria-hidden='false' data-av_icon='\ue8f1' data-av_iconfont='entypo-fontello' title='' data-avia-related-tooltip='Compartir en Twitter' rel=\"noopener\"><span class='avia_hidden_link_text'>Compartir en Twitter<\/span><\/a><\/li><li class='av-share-link av-social-link-whatsapp' ><a target=\"_blank\" aria-label=\"Compartir en Whatsapp\" href='https:\/\/api.whatsapp.com\/send?text=https:\/\/radiorevelacionfm.cl\/?p=62128' aria-hidden='false' data-av_icon='\uf232' data-av_iconfont='entypo-fontello' title='' data-avia-related-tooltip='Compartir en Whatsapp' rel=\"noopener\"><span class='avia_hidden_link_text'>Compartir en Whatsapp<\/span><\/a><\/li><li class='av-share-link av-social-link-linkedin' ><a target=\"_blank\" aria-label=\"Compartir en LinkedIn\" href='https:\/\/linkedin.com\/shareArticle?mini=true&#038;title=Chile%20Chico%20celebr%C3%B3%20el%20D%C3%ADa%20del%20Artesano%20y%20Artesana%20con%20feria%20cultural%20y%20encuentro%20comunitario&#038;url=https:\/\/radiorevelacionfm.cl\/?p=62128' aria-hidden='false' data-av_icon='\ue8fc' data-av_iconfont='entypo-fontello' title='' data-avia-related-tooltip='Compartir en LinkedIn' rel=\"noopener\"><span class='avia_hidden_link_text'>Compartir en LinkedIn<\/span><\/a><\/li><li class='av-share-link av-social-link-mail' ><a  aria-label=\"Compartir por correo\" href='mailto:?subject=Chile%20Chico%20celebr%C3%B3%20el%20D%C3%ADa%20del%20Artesano%20y%20Artesana%20con%20feria%20cultural%20y%20encuentro%20comunitario&#038;body=https:\/\/radiorevelacionfm.cl\/?p=62128' aria-hidden='false' data-av_icon='\ue805' data-av_iconfont='entypo-fontello' title='' data-avia-related-tooltip='Compartir por correo'><span class='avia_hidden_link_text'>Compartir por correo<\/span><\/a><\/li><\/ul><\/div><\/div>\n<div  style='height:50px' class='hr hr-invisible   avia-builder-el-8  el_after_av_social_share  el_before_av_comments_list '><span class='hr-inner ' ><span class='hr-inner-style'><\/span><\/span><\/div>\n<div  class='av-buildercomment  av-blog-meta-html-info-disabled av-blog-meta-tag-disabled  '><\/div>\n","protected":false},"excerpt":{"rendered":"","protected":false},"author":1,"featured_media":62129,"comment_status":"closed","ping_status":"closed","sticky":false,"template":"","format":"standard","meta":{"footnotes":""},"categories":[38],"tags":[],"class_list":["post-62128","post","type-post","status-publish","format-standard","has-post-thumbnail","hentry","category-regional"],"jetpack_featured_media_url":"https:\/\/radiorevelacionfm.cl\/wp-content\/uploads\/2025\/12\/whatsapp-image-2025-12-03-at-16_optimized.53.26-2-1-1.jpeg","_links":{"self":[{"href":"https:\/\/radiorevelacionfm.cl\/index.php?rest_route=\/wp\/v2\/posts\/62128","targetHints":{"allow":["GET"]}}],"collection":[{"href":"https:\/\/radiorevelacionfm.cl\/index.php?rest_route=\/wp\/v2\/posts"}],"about":[{"href":"https:\/\/radiorevelacionfm.cl\/index.php?rest_route=\/wp\/v2\/types\/post"}],"author":[{"embeddable":true,"href":"https:\/\/radiorevelacionfm.cl\/index.php?rest_route=\/wp\/v2\/users\/1"}],"replies":[{"embeddable":true,"href":"https:\/\/radiorevelacionfm.cl\/index.php?rest_route=%2Fwp%2Fv2%2Fcomments&post=62128"}],"version-history":[{"count":2,"href":"https:\/\/radiorevelacionfm.cl\/index.php?rest_route=\/wp\/v2\/posts\/62128\/revisions"}],"predecessor-version":[{"id":62134,"href":"https:\/\/radiorevelacionfm.cl\/index.php?rest_route=\/wp\/v2\/posts\/62128\/revisions\/62134"}],"wp:featuredmedia":[{"embeddable":true,"href":"https:\/\/radiorevelacionfm.cl\/index.php?rest_route=\/wp\/v2\/media\/62129"}],"wp:attachment":[{"href":"https:\/\/radiorevelacionfm.cl\/index.php?rest_route=%2Fwp%2Fv2%2Fmedia&parent=62128"}],"wp:term":[{"taxonomy":"category","embeddable":true,"href":"https:\/\/radiorevelacionfm.cl\/index.php?rest_route=%2Fwp%2Fv2%2Fcategories&post=62128"},{"taxonomy":"post_tag","embeddable":true,"href":"https:\/\/radiorevelacionfm.cl\/index.php?rest_route=%2Fwp%2Fv2%2Ftags&post=62128"}],"curies":[{"name":"wp","href":"https:\/\/api.w.org\/{rel}","templated":true}]}}