{"id":62123,"date":"2025-12-03T20:37:55","date_gmt":"2025-12-03T23:37:55","guid":{"rendered":"https:\/\/radiorevelacionfm.cl\/?p=62123"},"modified":"2025-12-03T20:37:55","modified_gmt":"2025-12-03T23:37:55","slug":"con-enfasis-en-la-prevencion-de-hantavirus-y-marea-roja-salud-lanza-campana-de-verano-en-aysen","status":"publish","type":"post","link":"https:\/\/radiorevelacionfm.cl\/?p=62123","title":{"rendered":"Con \u00e9nfasis en la prevenci\u00f3n de Hantavirus y Marea Roja, Salud lanza \u201cCampa\u00f1a de Verano en Ays\u00e9n\u201d"},"content":{"rendered":"<div class=\"flex_column av_one_full  flex_column_div av-zero-column-padding first  avia-builder-el-0  el_before_av_one_full  avia-builder-el-first  \" style='border-radius:0px; '><div  class='avia-image-container  av-styling-    avia-builder-el-1  avia-builder-el-no-sibling  avia-align-center '  itemprop=\"image\" itemscope=\"itemscope\" itemtype=\"https:\/\/schema.org\/ImageObject\"  ><div class='avia-image-container-inner'><div class='avia-image-overlay-wrap'><img decoding=\"async\" class='wp-image-62124 avia-img-lazy-loading-not-62124 avia_image' src=\"https:\/\/radiorevelacionfm.cl\/wp-content\/uploads\/2025\/12\/campana-1_optimized.jpeg\" alt='' title='campa\u00f1a-(1)_optimized' height=\"600\" width=\"845\"  itemprop=\"thumbnailUrl\" srcset=\"https:\/\/radiorevelacionfm.cl\/wp-content\/uploads\/2025\/12\/campana-1_optimized.jpeg 845w, https:\/\/radiorevelacionfm.cl\/wp-content\/uploads\/2025\/12\/campana-1_optimized-300x213.jpeg 300w, https:\/\/radiorevelacionfm.cl\/wp-content\/uploads\/2025\/12\/campana-1_optimized-768x545.jpeg 768w, https:\/\/radiorevelacionfm.cl\/wp-content\/uploads\/2025\/12\/campana-1_optimized-260x185.jpeg 260w, https:\/\/radiorevelacionfm.cl\/wp-content\/uploads\/2025\/12\/campana-1_optimized-705x501.jpeg 705w, https:\/\/radiorevelacionfm.cl\/wp-content\/uploads\/2025\/12\/campana-1_optimized-450x320.jpeg 450w, https:\/\/radiorevelacionfm.cl\/wp-content\/uploads\/2025\/12\/campana-1_optimized-600x426.jpeg 600w\" sizes=\"(max-width: 845px) 100vw, 845px\" \/><\/div><\/div><\/div><\/div><div class=\"flex_column av_one_full  flex_column_div av-zero-column-padding first  avia-builder-el-2  el_after_av_one_full  el_before_av_one_full  column-top-margin\" style='border-radius:0px; '><section class=\"av_textblock_section \"  itemscope=\"itemscope\" itemtype=\"https:\/\/schema.org\/BlogPosting\" itemprop=\"blogPost\" ><div class='avia_textblock  '   itemprop=\"text\" ><p style=\"text-align: center;\"><strong><span style=\"font-size: 18pt;\">Con \u00e9nfasis en la prevenci\u00f3n de Hantavirus y Marea Roja, Salud lanza \u201cCampa\u00f1a de Verano en Ays\u00e9n\u201d<\/span><\/strong><\/p>\n<div id=\"gtx-trans\" style=\"position: absolute; left: -50px; top: 4.31534px;\">\n<div class=\"gtx-trans-icon\"><\/div>\n<\/div>\n<\/div><\/section><\/div><div class=\"flex_column av_one_full  flex_column_div av-zero-column-padding first  avia-builder-el-4  el_after_av_one_full  el_before_av_hr  column-top-margin\" style='border-radius:0px; '><section class=\"av_textblock_section \"  itemscope=\"itemscope\" itemtype=\"https:\/\/schema.org\/BlogPosting\" itemprop=\"blogPost\" ><div class='avia_textblock  '   itemprop=\"text\" ><ul>\n<li style=\"text-align: justify;\"><em>La iniciativa, contempla un fuerte trabajo colaborativo entre organismos como SERNATUR, el Servicio de Salud Ays\u00e9n, la Municipalidad de Coyhaique, la C\u00e1mara de Turismo y Operadores Tur\u00edsticos, para reforzar medidas de autocuidado en esta temporada estival.<\/em><\/li>\n<\/ul>\n<p style=\"text-align: justify;\">Bajo el entorno de El Camping Coyhaique, ubicado en la capital regional, la Autoridad Sanitaria llev\u00f3 a cabo el lanzamiento de la Campa\u00f1a de Verano 2025-2026 en la regi\u00f3n de Ays\u00e9n, iniciativa que a trav\u00e9s de un trabajo intersectorial, entre organismos p\u00fablicos, privados y sociales, busca prevenir los riesgos sanitarios asociados a la presente temporada estival frente a enfermedades como el Hantavirus, la Marea Roja, las enfermedades transmitidas por los alimentos (ETA) o la sobreexposici\u00f3n al sol (Rayos Ultravioleta), entre otros.<\/p>\n<p style=\"text-align: justify;\">As\u00ed lo manifest\u00f3 la Seremi de Salud, Gloria \u00c1guila Schmeisser, quien valor\u00f3 este trabajo intersectorial para el resguardo de la salud de la poblaci\u00f3n local y turistas que llegan a la regi\u00f3n. \u201cEstamos muy contentos, hemos tenido una gran convocatoria de muchos servicios p\u00fablicos que nos ayudan en colaborar en este inicio de la Campa\u00f1a de Verano. Nosotros queremos reforzar la importancia del autocuidado cuando salimos de vacaciones, como las precauciones que se deben adoptar por el Hantavirus, que todos conocemos en la regi\u00f3n las enfermedades que produce afectando el sistema respiratorio. Tambi\u00e9n est\u00e1 la Marea Roja, porque hay crecimiento de algales que afectan los mariscos, pudiendo provocar intoxicaciones en las personas al consumirlos. Por eso, el llamado es siempre a visitar campings, o consumir alimentos en lugares establecidos.\u201d<\/p>\n<p style=\"text-align: justify;\">Plan de acci\u00f3n de esta Campa\u00f1a de Verano que tambi\u00e9n sum\u00f3 a organizaciones como Marcela R\u00edos, de Patagona Excursiones e integrante de la Asociaci\u00f3n de Gu\u00edas de la Patagonia Ays\u00e9n, quien reiter\u00f3 la importancia de protegerse entorno al Hantavirus.\u00a0 \u201cLa Asociaci\u00f3n de Gu\u00edas de la Patagonia, contempla a 120 gu\u00edas en todas las localidades de nuestra regi\u00f3n. Nos unimos completamente a esta campa\u00f1a que transmite la informaci\u00f3n del autocuidado, de cuidarse en los senderos que andamos chiquillos, hay que protegerse, el Hantavirus est\u00e1 presente, as\u00ed que agradecida completamente de poder transmitir esta informaci\u00f3n con todos los visitantes para que tengan una buena estad\u00eda en nuestra regi\u00f3n, y no pase nada, porque tenemos un buen trabajo de comunicaci\u00f3n entre nosotros\u201d.<\/p>\n<p style=\"text-align: justify;\">En este \u00e1mbito, el director regional de SERNATUR, Claudio Montecinos Angulo, junto con destacar esta campa\u00f1a, realiz\u00f3 un llamado a los turistas para que al visitar la regi\u00f3n utilicen gu\u00edas o agencias formalizadas. \u201cNos sumamos a la Campa\u00f1a de Verano impulsada por la Seremi de Salud. Particularmente nos interesa el poder incorporar todas las recomendaciones en materia de salud a nuestros dispositivos Planifica Tu Viaje, que entrega informaci\u00f3n dirigida al turista, recomendaciones para que efectivamente se realice un turismo responsable en nuestro destino Ays\u00e9n-Patagonia. As\u00ed que la invitaci\u00f3n es a la comunidad, pero particularmente a los turistas, a visitar el Planifica Tu Viaje, donde se van a encontrar con informaci\u00f3n relevante con respecto al destino Ays\u00e9n-Patagonia y poder as\u00ed tener una experiencia tur\u00edstica responsable, satisfactoria, feliz en el periodo de temporada alta\u201d.<\/p>\n<p style=\"text-align: justify;\">Coordinaci\u00f3n de organismo p\u00fablicos que tambi\u00e9n involucra al sector salud, como lo explic\u00f3 el director del Servicio de Salud Ays\u00e9n, Juan Pablo Bravo Quintana. \u201cEstamos trabajando en reforzar la red asistencial, sobre todo en los lugares que tengan m\u00e1s afluencia de turistas, vamos a tener refuerzos para los eventos masivos que tengamos en actividades como las jineteadas de Puerto Ib\u00e1\u00f1ez, y otros eventos donde estamos trabajando en forma conjunta con la seremi de salud y SERNATUR, para dar la mejor atenci\u00f3n en cada una de las localidades de nuestra regi\u00f3n\u201d.<\/p>\n<p style=\"text-align: justify;\"><strong>Hantavirus<\/strong><\/p>\n<p style=\"text-align: justify;\">Es una enfermedad de origen viral, que se transmite al ser humano desde los roedores silvestres como el Oligorizomys longicaudatus (rat\u00f3n de cola larga, aut\u00f3ctono), cuando \u00e9ste es portador del virus. La transmisi\u00f3n m\u00e1s com\u00fan se produce a trav\u00e9s de la inhalaci\u00f3n de aerosoles producidos a partir de la orina, saliva y excretas de roedores infectados. Al ser un roedor silvestre, el mayor riesgo lo tienen personas que viven en sectores rurales, poco intervenidos por el hombre, al igual que personas que por actividades recreacionales van a esos lugares.<\/p>\n<p style=\"text-align: justify;\">Antes de entrar a una casa, caba\u00f1a o galp\u00f3n que ha estado cerrado por mucho tiempo, ventila durante al menos 30 minutos. Usa protecci\u00f3n al limpiar o desinfectar lugares con potencial de presencia de roedores (mascarilla y guantes). \u00a0No levantes polvo: Humedece el piso antes de limpiar y no barras para evitar que las part\u00edculas contaminadas se dispersen en el aire. Los principales riesgos a la salud pueden ser similares a un resfriado, pudiendo incluso generar series dificultades respiratorias e incluso el deceso de la persona afectada.<\/p>\n<p style=\"text-align: justify;\"><strong>Marea Roja<\/strong><\/p>\n<p style=\"text-align: justify;\">Es un fen\u00f3meno natural causado por la proliferaci\u00f3n masiva de microalgas en el agua, que a menudo ti\u00f1en el agua de rojo, pero tambi\u00e9n pueden ser de otros colores como verde o pardo. Algunas de estas especies producen toxinas marinas que pueden ser venenosas y acumularse en mariscos, haci\u00e9ndolos peligrosos para el consumo humano. Los principales riesgos son las intoxicaciones que pueden causar problemas digestivos e incluso la muerte.<\/p>\n<p style=\"text-align: justify;\">La informaci\u00f3n completa de la campa\u00f1a, incluyendo material educativo, recomendaciones de prevenci\u00f3n y reportes semanales, estar\u00e1 disponible en\u00a0<a href=\"https:\/\/www.minsal.cl\/campana-verano-2024-2025\/\"><strong>https:\/\/www.minsal.cl\/campana-verano-2024-2025\/<\/strong><\/a>. Adem\u00e1s, el Ministerio cuenta con un repositorio documental t\u00e9cnico en\u00a0<a href=\"https:\/\/diprece.minsal.cl\/campana-de-verano-repositorio-de-documentos\/\"><strong>https:\/\/diprece.minsal.cl\/campana-de-verano-repositorio-de-documentos\/<\/strong><\/a>.<\/p>\n<\/div><\/section><\/div><div  style='height:50px' class='hr hr-invisible   avia-builder-el-6  el_after_av_one_full  el_before_av_social_share '><span class='hr-inner ' ><span class='hr-inner-style'><\/span><\/span><\/div><\/p>\n<div  class='av-social-sharing-box  avia-builder-el-7  el_after_av_hr  el_before_av_hr  '><div class='av-share-box'><h5 class='av-share-link-description av-no-toc '>Compartir esta noticia<\/h5><ul class='av-share-box-list noLightbox'><li class='av-share-link av-social-link-facebook' ><a target=\"_blank\" aria-label=\"Compartir en Facebook\" href='https:\/\/www.facebook.com\/sharer.php?u=https:\/\/radiorevelacionfm.cl\/?p=62123&#038;t=Con%20%C3%A9nfasis%20en%20la%20prevenci%C3%B3n%20de%20Hantavirus%20y%20Marea%20Roja%2C%20Salud%20lanza%20%E2%80%9CCampa%C3%B1a%20de%20Verano%20en%20Ays%C3%A9n%E2%80%9D' aria-hidden='false' data-av_icon='\ue8f3' data-av_iconfont='entypo-fontello' title='' data-avia-related-tooltip='Compartir en Facebook' rel=\"noopener\"><span class='avia_hidden_link_text'>Compartir en Facebook<\/span><\/a><\/li><li class='av-share-link av-social-link-twitter' ><a target=\"_blank\" aria-label=\"Compartir en Twitter\" href='https:\/\/twitter.com\/share?text=Con%20%C3%A9nfasis%20en%20la%20prevenci%C3%B3n%20de%20Hantavirus%20y%20Marea%20Roja%2C%20Salud%20lanza%20%E2%80%9CCampa%C3%B1a%20de%20Verano%20en%20Ays%C3%A9n%E2%80%9D&#038;url=https:\/\/radiorevelacionfm.cl\/?p=62123' aria-hidden='false' data-av_icon='\ue8f1' data-av_iconfont='entypo-fontello' title='' data-avia-related-tooltip='Compartir en Twitter' rel=\"noopener\"><span class='avia_hidden_link_text'>Compartir en Twitter<\/span><\/a><\/li><li class='av-share-link av-social-link-whatsapp' ><a target=\"_blank\" aria-label=\"Compartir en Whatsapp\" href='https:\/\/api.whatsapp.com\/send?text=https:\/\/radiorevelacionfm.cl\/?p=62123' aria-hidden='false' data-av_icon='\uf232' data-av_iconfont='entypo-fontello' title='' data-avia-related-tooltip='Compartir en Whatsapp' rel=\"noopener\"><span class='avia_hidden_link_text'>Compartir en Whatsapp<\/span><\/a><\/li><li class='av-share-link av-social-link-linkedin' ><a target=\"_blank\" aria-label=\"Compartir en LinkedIn\" href='https:\/\/linkedin.com\/shareArticle?mini=true&#038;title=Con%20%C3%A9nfasis%20en%20la%20prevenci%C3%B3n%20de%20Hantavirus%20y%20Marea%20Roja%2C%20Salud%20lanza%20%E2%80%9CCampa%C3%B1a%20de%20Verano%20en%20Ays%C3%A9n%E2%80%9D&#038;url=https:\/\/radiorevelacionfm.cl\/?p=62123' aria-hidden='false' data-av_icon='\ue8fc' data-av_iconfont='entypo-fontello' title='' data-avia-related-tooltip='Compartir en LinkedIn' rel=\"noopener\"><span class='avia_hidden_link_text'>Compartir en LinkedIn<\/span><\/a><\/li><li class='av-share-link av-social-link-mail' ><a  aria-label=\"Compartir por correo\" href='mailto:?subject=Con%20%C3%A9nfasis%20en%20la%20prevenci%C3%B3n%20de%20Hantavirus%20y%20Marea%20Roja%2C%20Salud%20lanza%20%E2%80%9CCampa%C3%B1a%20de%20Verano%20en%20Ays%C3%A9n%E2%80%9D&#038;body=https:\/\/radiorevelacionfm.cl\/?p=62123' aria-hidden='false' data-av_icon='\ue805' data-av_iconfont='entypo-fontello' title='' data-avia-related-tooltip='Compartir por correo'><span class='avia_hidden_link_text'>Compartir por correo<\/span><\/a><\/li><\/ul><\/div><\/div>\n<div  style='height:50px' class='hr hr-invisible   avia-builder-el-8  el_after_av_social_share  el_before_av_comments_list '><span class='hr-inner ' ><span class='hr-inner-style'><\/span><\/span><\/div>\n<div  class='av-buildercomment  av-blog-meta-html-info-disabled av-blog-meta-tag-disabled  '><\/div>\n","protected":false},"excerpt":{"rendered":"","protected":false},"author":1,"featured_media":62124,"comment_status":"closed","ping_status":"closed","sticky":false,"template":"","format":"standard","meta":{"footnotes":""},"categories":[46],"tags":[],"class_list":["post-62123","post","type-post","status-publish","format-standard","has-post-thumbnail","hentry","category-salud"],"jetpack_featured_media_url":"https:\/\/radiorevelacionfm.cl\/wp-content\/uploads\/2025\/12\/campana-1_optimized.jpeg","_links":{"self":[{"href":"https:\/\/radiorevelacionfm.cl\/index.php?rest_route=\/wp\/v2\/posts\/62123","targetHints":{"allow":["GET"]}}],"collection":[{"href":"https:\/\/radiorevelacionfm.cl\/index.php?rest_route=\/wp\/v2\/posts"}],"about":[{"href":"https:\/\/radiorevelacionfm.cl\/index.php?rest_route=\/wp\/v2\/types\/post"}],"author":[{"embeddable":true,"href":"https:\/\/radiorevelacionfm.cl\/index.php?rest_route=\/wp\/v2\/users\/1"}],"replies":[{"embeddable":true,"href":"https:\/\/radiorevelacionfm.cl\/index.php?rest_route=%2Fwp%2Fv2%2Fcomments&post=62123"}],"version-history":[{"count":2,"href":"https:\/\/radiorevelacionfm.cl\/index.php?rest_route=\/wp\/v2\/posts\/62123\/revisions"}],"predecessor-version":[{"id":62138,"href":"https:\/\/radiorevelacionfm.cl\/index.php?rest_route=\/wp\/v2\/posts\/62123\/revisions\/62138"}],"wp:featuredmedia":[{"embeddable":true,"href":"https:\/\/radiorevelacionfm.cl\/index.php?rest_route=\/wp\/v2\/media\/62124"}],"wp:attachment":[{"href":"https:\/\/radiorevelacionfm.cl\/index.php?rest_route=%2Fwp%2Fv2%2Fmedia&parent=62123"}],"wp:term":[{"taxonomy":"category","embeddable":true,"href":"https:\/\/radiorevelacionfm.cl\/index.php?rest_route=%2Fwp%2Fv2%2Fcategories&post=62123"},{"taxonomy":"post_tag","embeddable":true,"href":"https:\/\/radiorevelacionfm.cl\/index.php?rest_route=%2Fwp%2Fv2%2Ftags&post=62123"}],"curies":[{"name":"wp","href":"https:\/\/api.w.org\/{rel}","templated":true}]}}