{"id":6212,"date":"2021-07-13T10:30:58","date_gmt":"2021-07-13T13:30:58","guid":{"rendered":"https:\/\/radiorevelacionfm.cl\/?p=6212"},"modified":"2021-07-14T16:24:49","modified_gmt":"2021-07-14T19:24:49","slug":"agrupacion-cultural-malotun-estrenaran-ciclo-de-retrospectivas-teatrales-del-sur-de-chile","status":"publish","type":"post","link":"https:\/\/radiorevelacionfm.cl\/?p=6212","title":{"rendered":"Agrupaci\u00f3n cultural Malot\u00fan: Estrenar\u00e1n ciclo de Retrospectivas Teatrales del Sur de Chile"},"content":{"rendered":"<div class=\"flex_column av_one_full  flex_column_div av-zero-column-padding first  avia-builder-el-0  el_before_av_one_full  avia-builder-el-first  \" style='border-radius:0px; '><div  class='avia-image-container  av-styling-    avia-builder-el-1  avia-builder-el-no-sibling  avia-align-center '  itemprop=\"image\" itemscope=\"itemscope\" itemtype=\"https:\/\/schema.org\/ImageObject\"  ><div class='avia-image-container-inner'><div class='avia-image-overlay-wrap'><img decoding=\"async\" class='wp-image-6213 avia-img-lazy-loading-not-6213 avia_image' src=\"https:\/\/radiorevelacionfm.cl\/wp-content\/uploads\/2021\/07\/Afiche-1-1-1.jpg\" alt='' title='Afiche-1 (1) (1)' height=\"600\" width=\"530\"  itemprop=\"thumbnailUrl\" srcset=\"https:\/\/radiorevelacionfm.cl\/wp-content\/uploads\/2021\/07\/Afiche-1-1-1.jpg 530w, https:\/\/radiorevelacionfm.cl\/wp-content\/uploads\/2021\/07\/Afiche-1-1-1-265x300.jpg 265w\" sizes=\"(max-width: 530px) 100vw, 530px\" \/><\/div><\/div><\/div><\/div><div class=\"flex_column av_one_full  flex_column_div av-zero-column-padding first  avia-builder-el-2  el_after_av_one_full  el_before_av_one_full  column-top-margin\" style='border-radius:0px; '><section class=\"av_textblock_section \"  itemscope=\"itemscope\" itemtype=\"https:\/\/schema.org\/BlogPosting\" itemprop=\"blogPost\" ><div class='avia_textblock  '   itemprop=\"text\" ><p style=\"text-align: center;\"><strong><span style=\"font-size: 18pt;\">Agrupaci\u00f3n cultural Malot\u00fan: Estrenar\u00e1n ciclo de Retrospectivas Teatrales del Sur de Chile<\/span><\/strong><\/p>\n<div id=\"gtx-trans\" style=\"position: absolute; left: -50px; top: 4.31534px;\">\n<div class=\"gtx-trans-icon\"><\/div>\n<\/div>\n<\/div><\/section><\/div><div class=\"flex_column av_one_full  flex_column_div av-zero-column-padding first  avia-builder-el-4  el_after_av_one_full  el_before_av_hr  column-top-margin\" style='border-radius:0px; '><section class=\"av_textblock_section \"  itemscope=\"itemscope\" itemtype=\"https:\/\/schema.org\/BlogPosting\" itemprop=\"blogPost\" ><div class='avia_textblock  '   itemprop=\"text\" ><p style=\"text-align: justify;\">A partir del viernes 16 de julio y durante todo el mes de agosto, Patagonia en Escena, en asociatividad con la Fundaci\u00f3n Transhumantes, realizar\u00e1 una retrospectiva teatral en formato de cortos audiovisuales que muestran el trabajo realizado durante el a\u00f1o 2020 de diferentes obras teatrales, como por ejemplo \u201cEl Pa\u00eds de las Maravillas\u201d de Teatro Huevo de Ays\u00e9n, \u201cConcierto de Colores\u201d de \u00d1eque Teatral de La Araucan\u00eda, \u201cDe Guerreras y Hechiceras: Una Lucha por las que Vendr\u00e1n\u201d de Teatro a Tierra de Los R\u00edos y \u201cRomeo y Julieta de La Caleta\u201d de Teatro Chile-No de Los Lagos.<\/p>\n<p style=\"text-align: justify;\">Ver\u00f3nica Ibieta, directora de festival Patagonia en Escena, iniciativa que se encuentra celebrando 10 a\u00f1os de trabajo ininterrumpido en las artes esc\u00e9nicas, indic\u00f3 que \u00a0\u201cGracias al trabajo colaborativo que desde el a\u00f1o 2015 se viene desarrollando entre Patagonia en Escena y la Fundaci\u00f3n Trashumantes, se podr\u00e1n ver breves documentales sobre el proceso creativo de diversos montajes realizados por compa\u00f1\u00edas del sur del pa\u00eds, incluidas dos de la Regi\u00f3n de Ays\u00e9n\u201d, agregando que \u201cla disposici\u00f3n de este material en nuestra plataforma, da cuenta de la importancia del trabajo asociativo sostenido entre nuestra agrupaci\u00f3n y Red Trashumantes, posibilitando dar continuidad al trabajo de formaci\u00f3n, difusi\u00f3n y puesta en valor la creaci\u00f3n del sur del pa\u00eds\u201d.<\/p>\n<p style=\"text-align: justify;\"><strong>Fundaci\u00f3n Trashumantes<\/strong><\/p>\n<p style=\"text-align: justify;\">Trashumantes es una entidad sin fines de lucro que trabaja por el desarrollo de las artes esc\u00e9nicas a lo largo de todo Chile, estableciendo redes de colaboraci\u00f3n y alianzas con diversas instituciones y agrupaciones aut\u00f3nomas, privadas y estatales.<\/p>\n<p style=\"text-align: justify;\">La Escuela Teatral en Movimiento Trashumantes, tiene como objetivo principal descentralizar la formaci\u00f3n art\u00edstica de nuestro pa\u00eds, experimentar variadas formas de aprendizaje, creando y potenciando nuevos lenguajes y metodolog\u00edas.<\/p>\n<p style=\"text-align: justify;\"><strong>Retrospectivas<\/strong><\/p>\n<p style=\"text-align: justify;\">Las ocho retrospectivas teatrales, que fueron televisadas el a\u00f1o pasado en seis regiones del pa\u00eds, estar\u00e1n disponibles en el canal de Youtube de Patagonia en Escena todos los viernes a partir del 16 de julio y todo agosto, estrenando una cada semana a partir de las 20:00 horas. Inaugura el ciclo el corto \u201cConcierto de colores\u201d de la compa\u00f1\u00eda \u00d1eque Teatral.<\/p>\n<p style=\"text-align: justify;\">Finalmente, Ver\u00f3nica Ibieta invit\u00f3 a estar pendientes de las redes sociales de Malotun y Patagonia en Escena para informarse de los estrenos y obras que ser\u00e1n parte de esta retrospectiva.<\/p>\n<p style=\"text-align: justify;\">Tanto la Fundaci\u00f3n Trashumantes, como Malotun Ortiga, cuentan con el cofinanciamiento del Programa de Apoyo a Organizaciones Culturales Colaboradoras, del Ministerio de las Culturas, las Artes y el Patrimonio.<\/p>\n<\/div><\/section><\/div><div  style='height:50px' class='hr hr-invisible   avia-builder-el-6  el_after_av_one_full  el_before_av_social_share '><span class='hr-inner ' ><span class='hr-inner-style'><\/span><\/span><\/div><\/p>\n<div  class='av-social-sharing-box  avia-builder-el-7  el_after_av_hr  el_before_av_hr  '><div class='av-share-box'><h5 class='av-share-link-description av-no-toc '>Compartir esta noticia<\/h5><ul class='av-share-box-list noLightbox'><li class='av-share-link av-social-link-facebook' ><a target=\"_blank\" aria-label=\"Compartir en Facebook\" href='https:\/\/www.facebook.com\/sharer.php?u=https:\/\/radiorevelacionfm.cl\/?p=6212&#038;t=Agrupaci%C3%B3n%20cultural%20Malot%C3%BAn%3A%20Estrenar%C3%A1n%20ciclo%20de%20Retrospectivas%20Teatrales%20del%20Sur%20de%20Chile' aria-hidden='false' data-av_icon='\ue8f3' data-av_iconfont='entypo-fontello' title='' data-avia-related-tooltip='Compartir en Facebook' rel=\"noopener\"><span class='avia_hidden_link_text'>Compartir en Facebook<\/span><\/a><\/li><li class='av-share-link av-social-link-twitter' ><a target=\"_blank\" aria-label=\"Compartir en Twitter\" href='https:\/\/twitter.com\/share?text=Agrupaci%C3%B3n%20cultural%20Malot%C3%BAn%3A%20Estrenar%C3%A1n%20ciclo%20de%20Retrospectivas%20Teatrales%20del%20Sur%20de%20Chile&#038;url=https:\/\/radiorevelacionfm.cl\/?p=6212' aria-hidden='false' data-av_icon='\ue8f1' data-av_iconfont='entypo-fontello' title='' data-avia-related-tooltip='Compartir en Twitter' rel=\"noopener\"><span class='avia_hidden_link_text'>Compartir en Twitter<\/span><\/a><\/li><li class='av-share-link av-social-link-whatsapp' ><a target=\"_blank\" aria-label=\"Compartir en Whatsapp\" href='https:\/\/api.whatsapp.com\/send?text=https:\/\/radiorevelacionfm.cl\/?p=6212' aria-hidden='false' data-av_icon='\uf232' data-av_iconfont='entypo-fontello' title='' data-avia-related-tooltip='Compartir en Whatsapp' rel=\"noopener\"><span class='avia_hidden_link_text'>Compartir en Whatsapp<\/span><\/a><\/li><li class='av-share-link av-social-link-linkedin' ><a target=\"_blank\" aria-label=\"Compartir en LinkedIn\" href='https:\/\/linkedin.com\/shareArticle?mini=true&#038;title=Agrupaci%C3%B3n%20cultural%20Malot%C3%BAn%3A%20Estrenar%C3%A1n%20ciclo%20de%20Retrospectivas%20Teatrales%20del%20Sur%20de%20Chile&#038;url=https:\/\/radiorevelacionfm.cl\/?p=6212' aria-hidden='false' data-av_icon='\ue8fc' data-av_iconfont='entypo-fontello' title='' data-avia-related-tooltip='Compartir en LinkedIn' rel=\"noopener\"><span class='avia_hidden_link_text'>Compartir en LinkedIn<\/span><\/a><\/li><li class='av-share-link av-social-link-mail' ><a  aria-label=\"Compartir por correo\" href='mailto:?subject=Agrupaci%C3%B3n%20cultural%20Malot%C3%BAn%3A%20Estrenar%C3%A1n%20ciclo%20de%20Retrospectivas%20Teatrales%20del%20Sur%20de%20Chile&#038;body=https:\/\/radiorevelacionfm.cl\/?p=6212' aria-hidden='false' data-av_icon='\ue805' data-av_iconfont='entypo-fontello' title='' data-avia-related-tooltip='Compartir por correo'><span class='avia_hidden_link_text'>Compartir por correo<\/span><\/a><\/li><\/ul><\/div><\/div>\n<div  style='height:50px' class='hr hr-invisible   avia-builder-el-8  el_after_av_social_share  el_before_av_comments_list '><span class='hr-inner ' ><span class='hr-inner-style'><\/span><\/span><\/div>\n<div  class='av-buildercomment  av-blog-meta-html-info-disabled av-blog-meta-tag-disabled  '><\/div>\n","protected":false},"excerpt":{"rendered":"","protected":false},"author":1,"featured_media":6273,"comment_status":"open","ping_status":"open","sticky":false,"template":"","format":"standard","meta":{"footnotes":""},"categories":[52],"tags":[],"class_list":["post-6212","post","type-post","status-publish","format-standard","has-post-thumbnail","hentry","category-cultura"],"jetpack_featured_media_url":"https:\/\/radiorevelacionfm.cl\/wp-content\/uploads\/2021\/07\/Afiche-1.2-2-1.jpg","_links":{"self":[{"href":"https:\/\/radiorevelacionfm.cl\/index.php?rest_route=\/wp\/v2\/posts\/6212","targetHints":{"allow":["GET"]}}],"collection":[{"href":"https:\/\/radiorevelacionfm.cl\/index.php?rest_route=\/wp\/v2\/posts"}],"about":[{"href":"https:\/\/radiorevelacionfm.cl\/index.php?rest_route=\/wp\/v2\/types\/post"}],"author":[{"embeddable":true,"href":"https:\/\/radiorevelacionfm.cl\/index.php?rest_route=\/wp\/v2\/users\/1"}],"replies":[{"embeddable":true,"href":"https:\/\/radiorevelacionfm.cl\/index.php?rest_route=%2Fwp%2Fv2%2Fcomments&post=6212"}],"version-history":[{"count":1,"href":"https:\/\/radiorevelacionfm.cl\/index.php?rest_route=\/wp\/v2\/posts\/6212\/revisions"}],"predecessor-version":[{"id":6214,"href":"https:\/\/radiorevelacionfm.cl\/index.php?rest_route=\/wp\/v2\/posts\/6212\/revisions\/6214"}],"wp:featuredmedia":[{"embeddable":true,"href":"https:\/\/radiorevelacionfm.cl\/index.php?rest_route=\/wp\/v2\/media\/6273"}],"wp:attachment":[{"href":"https:\/\/radiorevelacionfm.cl\/index.php?rest_route=%2Fwp%2Fv2%2Fmedia&parent=6212"}],"wp:term":[{"taxonomy":"category","embeddable":true,"href":"https:\/\/radiorevelacionfm.cl\/index.php?rest_route=%2Fwp%2Fv2%2Fcategories&post=6212"},{"taxonomy":"post_tag","embeddable":true,"href":"https:\/\/radiorevelacionfm.cl\/index.php?rest_route=%2Fwp%2Fv2%2Ftags&post=6212"}],"curies":[{"name":"wp","href":"https:\/\/api.w.org\/{rel}","templated":true}]}}