{"id":62119,"date":"2025-12-04T10:26:24","date_gmt":"2025-12-04T13:26:24","guid":{"rendered":"https:\/\/radiorevelacionfm.cl\/?p=62119"},"modified":"2025-12-04T10:26:24","modified_gmt":"2025-12-04T13:26:24","slug":"ministerio-publico-y-camara-de-comercio-de-coyhaique-realizan-conversatorio-sobre-investigacion-penal-y-seguridad-del-comercio-local","status":"publish","type":"post","link":"https:\/\/radiorevelacionfm.cl\/?p=62119","title":{"rendered":"Ministerio P\u00fablico y C\u00e1mara de Comercio de Coyhaique realizan conversatorio sobre investigaci\u00f3n penal y seguridad del comercio local"},"content":{"rendered":"<div class=\"flex_column av_one_full  flex_column_div av-zero-column-padding first  avia-builder-el-0  el_before_av_one_full  avia-builder-el-first  \" style='border-radius:0px; '><div  class='avia-image-container  av-styling-    avia-builder-el-1  avia-builder-el-no-sibling  avia-align-center '  itemprop=\"image\" itemscope=\"itemscope\" itemtype=\"https:\/\/schema.org\/ImageObject\"  ><div class='avia-image-container-inner'><div class='avia-image-overlay-wrap'><img decoding=\"async\" class='wp-image-62120 avia-img-lazy-loading-not-62120 avia_image' src=\"https:\/\/radiorevelacionfm.cl\/wp-content\/uploads\/2025\/12\/1-2025-12-03t145150_optimized.277-1.jpg\" alt='' title='1---2025-12-03t145150_optimized.277-(1)' height=\"600\" width=\"900\"  itemprop=\"thumbnailUrl\" srcset=\"https:\/\/radiorevelacionfm.cl\/wp-content\/uploads\/2025\/12\/1-2025-12-03t145150_optimized.277-1.jpg 900w, https:\/\/radiorevelacionfm.cl\/wp-content\/uploads\/2025\/12\/1-2025-12-03t145150_optimized.277-1-300x200.jpg 300w, https:\/\/radiorevelacionfm.cl\/wp-content\/uploads\/2025\/12\/1-2025-12-03t145150_optimized.277-1-768x512.jpg 768w, https:\/\/radiorevelacionfm.cl\/wp-content\/uploads\/2025\/12\/1-2025-12-03t145150_optimized.277-1-705x470.jpg 705w, https:\/\/radiorevelacionfm.cl\/wp-content\/uploads\/2025\/12\/1-2025-12-03t145150_optimized.277-1-450x300.jpg 450w, https:\/\/radiorevelacionfm.cl\/wp-content\/uploads\/2025\/12\/1-2025-12-03t145150_optimized.277-1-600x400.jpg 600w\" sizes=\"(max-width: 900px) 100vw, 900px\" \/><\/div><\/div><\/div><\/div><div class=\"flex_column av_one_full  flex_column_div av-zero-column-padding first  avia-builder-el-2  el_after_av_one_full  el_before_av_one_full  column-top-margin\" style='border-radius:0px; '><section class=\"av_textblock_section \"  itemscope=\"itemscope\" itemtype=\"https:\/\/schema.org\/BlogPosting\" itemprop=\"blogPost\" ><div class='avia_textblock  '   itemprop=\"text\" ><p style=\"text-align: center;\"><span style=\"font-size: 18pt;\"><b>Ministerio P\u00fablico y C\u00e1mara de Comercio de Coyhaique realizan conversatorio sobre investigaci\u00f3n penal y seguridad del comercio local<\/b><\/span><\/p>\n<div id=\"gtx-trans\" style=\"position: absolute; left: -50px; top: 4.31534px;\">\n<div class=\"gtx-trans-icon\"><\/div>\n<\/div>\n<\/div><\/section><\/div><div class=\"flex_column av_one_full  flex_column_div av-zero-column-padding first  avia-builder-el-4  el_after_av_one_full  el_before_av_hr  column-top-margin\" style='border-radius:0px; '><section class=\"av_textblock_section \"  itemscope=\"itemscope\" itemtype=\"https:\/\/schema.org\/BlogPosting\" itemprop=\"blogPost\" ><div class='avia_textblock  '   itemprop=\"text\" ><p style=\"font-weight: 400; text-align: justify;\">La Fiscal\u00eda Regional de Ays\u00e9n y la C\u00e1mara de Comercio de Coyhaique realizaron un conversatorio denominado \u201cTrabajo conjunto en la investigaci\u00f3n y persecuci\u00f3n penal de los delitos que pueden afectar al sector Comercio\u00bb, orientado a fortalecer el v\u00ednculo entre el Ministerio P\u00fablico y el sector comercio, abordando los principales desaf\u00edos en materia de seguridad, denuncia y colaboraci\u00f3n investigativa. En la ocasi\u00f3n, adem\u00e1s del Ministerio P\u00fablico, estuvo presente la Presidenta de la C\u00e1mara de Comercio, Daissy Mondelo, numerosos afiliados y jefes policiales de Carabineros y la PDI.<\/p>\n<p style=\"font-weight: 400; text-align: justify;\">La actividad cont\u00f3 con las exposiciones del Fiscal Regional, Hern\u00e1n Libedinsky y del Fiscal Jefe de Coyhaique, Luis Contreras, quienes presentaron temas claves para la prevenci\u00f3n y persecuci\u00f3n penal de delitos que afectan al comercio local, tales como robos, hurtos y hechos de violencia.<\/p>\n<p style=\"font-weight: 400; text-align: justify;\">Durante el encuentro se profundiz\u00f3 en la importancia de denunciar, donde los fiscales destacaron que la denuncia es el primer paso para activar la protecci\u00f3n de v\u00edctimas y testigos, iniciar una investigaci\u00f3n formal y evitar la impunidad. Asimismo, resaltaron que cada denuncia aporta informaci\u00f3n valiosa para detectar patrones delictuales, mejorar la toma de decisiones y aumentar la eficacia investigativa.<\/p>\n<p style=\"font-weight: 400; text-align: justify;\">El segundo punto abordado fue el rol de las c\u00e1maras de seguridad, donde se explic\u00f3 el valor de los registros audiovisuales -particulares, comunitarios o del comercio- como una de las fuentes de prueba m\u00e1s relevantes en una investigaci\u00f3n penal. Las c\u00e1maras permiten identificar autores, reconstruir secuencias, corroborar testimonios y agilizar diligencias, especialmente cuando el material se entrega de manera oportuna.<\/p>\n<p style=\"font-weight: 400; text-align: justify;\">Y finalmente, se present\u00f3 un caso de \u00e9xito investigativo y coordinaci\u00f3n interinstitucional, donde la Unidad de An\u00e1lisis Criminal y Focos Investigativos (SACFI) de la Fiscal\u00eda Regional de Ays\u00e9n, en conjunto con la Brigada Investigadora de Robos (BIRO) de la PDI Coyhaique, gracias al an\u00e1lisis criminal, el aporte de c\u00e1maras de seguridad y la denuncia oportuna de locatarios y trabajadores nocturnos, se logr\u00f3 identificar y detener a un imputado responsable de m\u00faltiples robos con intimidaci\u00f3n. El sujeto fue formalizado por cinco hechos y qued\u00f3 en prisi\u00f3n preventiva por representar un peligro para la seguridad de la sociedad.<\/p>\n<p style=\"font-weight: 400; text-align: justify;\">La investigaci\u00f3n permiti\u00f3 neutralizar a un autor prol\u00edfico que afectaba a distintos comercios c\u00e9ntricos, reforzando la confianza en el trabajo coordinado entre Fiscal\u00eda, polic\u00edas y comunidad.<\/p>\n<p style=\"font-weight: 400; text-align: justify;\">El conversatorio permiti\u00f3 fortalecer v\u00ednculos y promover acciones colaborativas entre la Fiscal\u00eda y el sector comercio, con miras a mejorar la seguridad, prevenir nuevos delitos y continuar avanzando en una persecuci\u00f3n penal eficaz en la ciudad de Coyhaique.<\/p>\n<\/div><\/section><\/div><div  style='height:50px' class='hr hr-invisible   avia-builder-el-6  el_after_av_one_full  el_before_av_social_share '><span class='hr-inner ' ><span class='hr-inner-style'><\/span><\/span><\/div><\/p>\n<div  class='av-social-sharing-box  avia-builder-el-7  el_after_av_hr  el_before_av_hr  '><div class='av-share-box'><h5 class='av-share-link-description av-no-toc '>Compartir esta noticia<\/h5><ul class='av-share-box-list noLightbox'><li class='av-share-link av-social-link-facebook' ><a target=\"_blank\" aria-label=\"Compartir en Facebook\" href='https:\/\/www.facebook.com\/sharer.php?u=https:\/\/radiorevelacionfm.cl\/?p=62119&#038;t=Ministerio%20P%C3%BAblico%20y%20C%C3%A1mara%20de%20Comercio%20de%20Coyhaique%20realizan%20conversatorio%20sobre%20investigaci%C3%B3n%20penal%20y%20seguridad%20del%20comercio%20local' aria-hidden='false' data-av_icon='\ue8f3' data-av_iconfont='entypo-fontello' title='' data-avia-related-tooltip='Compartir en Facebook' rel=\"noopener\"><span class='avia_hidden_link_text'>Compartir en Facebook<\/span><\/a><\/li><li class='av-share-link av-social-link-twitter' ><a target=\"_blank\" aria-label=\"Compartir en Twitter\" href='https:\/\/twitter.com\/share?text=Ministerio%20P%C3%BAblico%20y%20C%C3%A1mara%20de%20Comercio%20de%20Coyhaique%20realizan%20conversatorio%20sobre%20investigaci%C3%B3n%20penal%20y%20seguridad%20del%20comercio%20local&#038;url=https:\/\/radiorevelacionfm.cl\/?p=62119' aria-hidden='false' data-av_icon='\ue8f1' data-av_iconfont='entypo-fontello' title='' data-avia-related-tooltip='Compartir en Twitter' rel=\"noopener\"><span class='avia_hidden_link_text'>Compartir en Twitter<\/span><\/a><\/li><li class='av-share-link av-social-link-whatsapp' ><a target=\"_blank\" aria-label=\"Compartir en Whatsapp\" href='https:\/\/api.whatsapp.com\/send?text=https:\/\/radiorevelacionfm.cl\/?p=62119' aria-hidden='false' data-av_icon='\uf232' data-av_iconfont='entypo-fontello' title='' data-avia-related-tooltip='Compartir en Whatsapp' rel=\"noopener\"><span class='avia_hidden_link_text'>Compartir en Whatsapp<\/span><\/a><\/li><li class='av-share-link av-social-link-linkedin' ><a target=\"_blank\" aria-label=\"Compartir en LinkedIn\" href='https:\/\/linkedin.com\/shareArticle?mini=true&#038;title=Ministerio%20P%C3%BAblico%20y%20C%C3%A1mara%20de%20Comercio%20de%20Coyhaique%20realizan%20conversatorio%20sobre%20investigaci%C3%B3n%20penal%20y%20seguridad%20del%20comercio%20local&#038;url=https:\/\/radiorevelacionfm.cl\/?p=62119' aria-hidden='false' data-av_icon='\ue8fc' data-av_iconfont='entypo-fontello' title='' data-avia-related-tooltip='Compartir en LinkedIn' rel=\"noopener\"><span class='avia_hidden_link_text'>Compartir en LinkedIn<\/span><\/a><\/li><li class='av-share-link av-social-link-mail' ><a  aria-label=\"Compartir por correo\" href='mailto:?subject=Ministerio%20P%C3%BAblico%20y%20C%C3%A1mara%20de%20Comercio%20de%20Coyhaique%20realizan%20conversatorio%20sobre%20investigaci%C3%B3n%20penal%20y%20seguridad%20del%20comercio%20local&#038;body=https:\/\/radiorevelacionfm.cl\/?p=62119' aria-hidden='false' data-av_icon='\ue805' data-av_iconfont='entypo-fontello' title='' data-avia-related-tooltip='Compartir por correo'><span class='avia_hidden_link_text'>Compartir por correo<\/span><\/a><\/li><\/ul><\/div><\/div>\n<div  style='height:50px' class='hr hr-invisible   avia-builder-el-8  el_after_av_social_share  el_before_av_comments_list '><span class='hr-inner ' ><span class='hr-inner-style'><\/span><\/span><\/div>\n<div  class='av-buildercomment  av-blog-meta-html-info-disabled av-blog-meta-tag-disabled  '><\/div>\n","protected":false},"excerpt":{"rendered":"","protected":false},"author":1,"featured_media":62120,"comment_status":"closed","ping_status":"closed","sticky":false,"template":"","format":"standard","meta":{"footnotes":""},"categories":[55],"tags":[],"class_list":["post-62119","post","type-post","status-publish","format-standard","has-post-thumbnail","hentry","category-justicia"],"jetpack_featured_media_url":"https:\/\/radiorevelacionfm.cl\/wp-content\/uploads\/2025\/12\/1-2025-12-03t145150_optimized.277-1.jpg","_links":{"self":[{"href":"https:\/\/radiorevelacionfm.cl\/index.php?rest_route=\/wp\/v2\/posts\/62119","targetHints":{"allow":["GET"]}}],"collection":[{"href":"https:\/\/radiorevelacionfm.cl\/index.php?rest_route=\/wp\/v2\/posts"}],"about":[{"href":"https:\/\/radiorevelacionfm.cl\/index.php?rest_route=\/wp\/v2\/types\/post"}],"author":[{"embeddable":true,"href":"https:\/\/radiorevelacionfm.cl\/index.php?rest_route=\/wp\/v2\/users\/1"}],"replies":[{"embeddable":true,"href":"https:\/\/radiorevelacionfm.cl\/index.php?rest_route=%2Fwp%2Fv2%2Fcomments&post=62119"}],"version-history":[{"count":2,"href":"https:\/\/radiorevelacionfm.cl\/index.php?rest_route=\/wp\/v2\/posts\/62119\/revisions"}],"predecessor-version":[{"id":62141,"href":"https:\/\/radiorevelacionfm.cl\/index.php?rest_route=\/wp\/v2\/posts\/62119\/revisions\/62141"}],"wp:featuredmedia":[{"embeddable":true,"href":"https:\/\/radiorevelacionfm.cl\/index.php?rest_route=\/wp\/v2\/media\/62120"}],"wp:attachment":[{"href":"https:\/\/radiorevelacionfm.cl\/index.php?rest_route=%2Fwp%2Fv2%2Fmedia&parent=62119"}],"wp:term":[{"taxonomy":"category","embeddable":true,"href":"https:\/\/radiorevelacionfm.cl\/index.php?rest_route=%2Fwp%2Fv2%2Fcategories&post=62119"},{"taxonomy":"post_tag","embeddable":true,"href":"https:\/\/radiorevelacionfm.cl\/index.php?rest_route=%2Fwp%2Fv2%2Ftags&post=62119"}],"curies":[{"name":"wp","href":"https:\/\/api.w.org\/{rel}","templated":true}]}}