{"id":62115,"date":"2025-12-03T14:33:28","date_gmt":"2025-12-03T17:33:28","guid":{"rendered":"https:\/\/radiorevelacionfm.cl\/?p=62115"},"modified":"2025-12-03T14:33:28","modified_gmt":"2025-12-03T17:33:28","slug":"destacan-a-mujeres-rurales-de-aysen-quienes-celebran-y-reconocen-avances-tras-una-larga-lucha","status":"publish","type":"post","link":"https:\/\/radiorevelacionfm.cl\/?p=62115","title":{"rendered":"Destacan a mujeres rurales de Ays\u00e9n, quienes celebran y reconocen avances tras \u00abuna larga lucha\u00bb"},"content":{"rendered":"<div class=\"flex_column av_one_full  flex_column_div av-zero-column-padding first  avia-builder-el-0  el_before_av_one_full  avia-builder-el-first  \" style='border-radius:0px; '><div  class='avia-image-container  av-styling-    avia-builder-el-1  avia-builder-el-no-sibling  avia-align-center '  itemprop=\"image\" itemscope=\"itemscope\" itemtype=\"https:\/\/schema.org\/ImageObject\"  ><div class='avia-image-container-inner'><div class='avia-image-overlay-wrap'><img decoding=\"async\" class='wp-image-62116 avia-img-lazy-loading-not-62116 avia_image' src=\"https:\/\/radiorevelacionfm.cl\/wp-content\/uploads\/2025\/12\/foto_2-2-1_optimized-1.jpg\" alt='' title='foto_2-(2)-(1)_optimized (1)' height=\"600\" width=\"1067\"  itemprop=\"thumbnailUrl\" srcset=\"https:\/\/radiorevelacionfm.cl\/wp-content\/uploads\/2025\/12\/foto_2-2-1_optimized-1.jpg 1067w, https:\/\/radiorevelacionfm.cl\/wp-content\/uploads\/2025\/12\/foto_2-2-1_optimized-1-300x169.jpg 300w, https:\/\/radiorevelacionfm.cl\/wp-content\/uploads\/2025\/12\/foto_2-2-1_optimized-1-1030x579.jpg 1030w, https:\/\/radiorevelacionfm.cl\/wp-content\/uploads\/2025\/12\/foto_2-2-1_optimized-1-768x432.jpg 768w, https:\/\/radiorevelacionfm.cl\/wp-content\/uploads\/2025\/12\/foto_2-2-1_optimized-1-705x396.jpg 705w, https:\/\/radiorevelacionfm.cl\/wp-content\/uploads\/2025\/12\/foto_2-2-1_optimized-1-450x253.jpg 450w, https:\/\/radiorevelacionfm.cl\/wp-content\/uploads\/2025\/12\/foto_2-2-1_optimized-1-600x337.jpg 600w\" sizes=\"(max-width: 1067px) 100vw, 1067px\" \/><\/div><\/div><\/div><\/div><div class=\"flex_column av_one_full  flex_column_div av-zero-column-padding first  avia-builder-el-2  el_after_av_one_full  el_before_av_one_full  column-top-margin\" style='border-radius:0px; '><section class=\"av_textblock_section \"  itemscope=\"itemscope\" itemtype=\"https:\/\/schema.org\/BlogPosting\" itemprop=\"blogPost\" ><div class='avia_textblock  '   itemprop=\"text\" ><p style=\"text-align: center;\"><strong><span style=\"font-size: 18pt;\">Destacan a mujeres rurales de Ays\u00e9n, quienes celebran y reconocen avances tras \u00abuna larga lucha\u00bb<\/span><\/strong><\/p>\n<div id=\"gtx-trans\" style=\"position: absolute; left: -50px; top: 4.31534px;\">\n<div class=\"gtx-trans-icon\"><\/div>\n<\/div>\n<\/div><\/section><\/div><div class=\"flex_column av_one_full  flex_column_div av-zero-column-padding first  avia-builder-el-4  el_after_av_one_full  el_before_av_hr  column-top-margin\" style='border-radius:0px; '><section class=\"av_textblock_section \"  itemscope=\"itemscope\" itemtype=\"https:\/\/schema.org\/BlogPosting\" itemprop=\"blogPost\" ><div class='avia_textblock  '   itemprop=\"text\" ><p style=\"text-align: justify;\"><em>En el marco de la Mesa de la Mujer Rural, autoridades y dirigentas conmemoraron la fecha con un emotivo encuentro en sector El Balseo. La seremi de Agricultura resalt\u00f3 el trabajo para superar brechas, mientras las campesinas agradecieron el apoyo gubernamental y reflexionaron sobre su empoderamiento econ\u00f3mico y social.<\/em><\/p>\n<p style=\"text-align: justify;\">Con \u00abmuy buena energ\u00eda\u00bb y un esp\u00edritu de reencuentro, ocho organizaciones de la regi\u00f3n de Ays\u00e9n conmemoraron el D\u00eda Internacional de las Mujeres Rurales. El encuentro, liderado por la Seremi de Agricultura, sirvi\u00f3 como cierre a un a\u00f1o de gesti\u00f3n donde se destac\u00f3 un mayor presupuesto sectorial y el trabajo asociativo. Las dirigentas, emocionadas, valoraron el reconocimiento a su labor hist\u00f3rica y el impulso que les ha permitido \u00abcreerse el cuento\u00bb, abri\u00e9ndose paso como emprendedoras y agentes clave para la soberan\u00eda alimentaria regional.<\/p>\n<p style=\"text-align: justify;\">La actividad, desarrollada en el sector El Balseo, de Puerto Ays\u00e9n, congreg\u00f3 a mujeres de toda la Regi\u00f3n de Ays\u00e9n bajo el alero de la Mesa de la Mujer Rural. Para el seremi de Agricultura, Eugenio Ruiz, esta actividad confirma que, como Ministerio, y \u201cGobierno del Presidente Gabriel Boric estamos presentes con ellas y estamos trabajando justamente en ir superando estas brechas que tienen hoy d\u00eda en el mundo campesino. Le entregamos las herramientas a la mujer rural para poder desarrollarse dentro de todas sus capacidades que tiene\u00bb. Adem\u00e1s, destac\u00f3 los logros del periodo, incluyendo un mayor presupuesto sectorial y la articulaci\u00f3n con otras instituciones p\u00fablicas para \u00abapalancar recursos\u00bb.<\/p>\n<p style=\"text-align: justify;\">El evento fue m\u00e1s que una ceremonia; fue un espacio de reconocimiento entre pares y de reflexi\u00f3n sobre el camino recorrido. Elsa Ancamil, presidenta de la Agrupaci\u00f3n Flor del Litoral de Puerto Cisnes, se mostr\u00f3 conmovida, \u00abha sido muy emotivo&#8230; Cuando hablan&#8230; ven la larga lucha que hemos tenido que llevar como mujeres a lo largo de toda la historia. Uno de repente ahora lo ve como que est\u00e1 todo hecho, pero ha sido una larga lucha para llegar a tener una independencia, a creernos el cuento\u00bb.<\/p>\n<p style=\"text-align: justify;\">El sentimiento de gratitud hacia el apoyo institucional fue una constante. Marta Soto Ruiz, de la Agrupaci\u00f3n Gremial de Mujeres de la Patagonia expres\u00f3 que est\u00e1n muy agradecidas \u00abpor todos los programas que me han estado apoyando&#8230; me ha servido crecer como mujer, en la autonom\u00eda tambi\u00e9n econ\u00f3mica. El campo est\u00e1 m\u00e1s vivo que nunca, pero igual tenemos que innovarnos, no quedarnos pegados\u00bb.<\/p>\n<p style=\"text-align: justify;\">Para muchas, este apoyo ha sido transformador, permiti\u00e9ndoles trascender roles tradicionales. Eduvina Troncoso, horticultora de Villa Ma\u00f1ihuales, con 24 a\u00f1os de experiencia fue invitada especial a la actividad, y su gratitud la grafic\u00f3 con fuerza, \u00abantes \u00e9ramos la cocina y los ni\u00f1os, pero hoy d\u00eda ya pegamos ese salto para afuera. Hemos podido ser mujeres emprendedoras, visionarias, aprender, negociar&#8230; Hoy tenemos puertas abiertas para emprender\u00bb. Tambi\u00e9n enfatiz\u00f3 el rol fundamental de las mujeres rurales, \u00absomos el apoyo de los pueblos&#8230; aqu\u00ed en la regi\u00f3n de Ays\u00e9n se puede producir\u00bb.<\/p>\n<p style=\"text-align: justify;\">Andrea Elgueta, de la Asociaci\u00f3n Gremial de Mujeres Campesinas de La Junta, destac\u00f3 la relevancia del trabajo asociativo, \u00abes muy importante que todas las instituciones p\u00fablicas se unan&#8230; para poder llegar al gobierno con las necesidades de todas las mujeres\u00bb. Adem\u00e1s, reivindic\u00f3 el rol hist\u00f3rico y futuro de las campesinas, \u00ablas mujeres por d\u00e9cadas siempre la han llevado&#8230; El campo sigue vivo y va a seguir vivo por mucho tiempo mientras existamos mujeres que lo hagamos vivir\u00bb.<\/p>\n<p style=\"text-align: justify;\">La celebraci\u00f3n no solo marc\u00f3 una fecha en el calendario, sino que evidenci\u00f3 un proceso consolidado de empoderamiento, donde las mujeres rurales de Ays\u00e9n se proyectan como pilares fundamentales del desarrollo econ\u00f3mico, social y cultural de la regi\u00f3n gracias al apoyo de la Seremi de Agricultura y todos sus servicios involucrados.<\/p>\n<\/div><\/section><\/div><div  style='height:50px' class='hr hr-invisible   avia-builder-el-6  el_after_av_one_full  el_before_av_social_share '><span class='hr-inner ' ><span class='hr-inner-style'><\/span><\/span><\/div><\/p>\n<div  class='av-social-sharing-box  avia-builder-el-7  el_after_av_hr  el_before_av_hr  '><div class='av-share-box'><h5 class='av-share-link-description av-no-toc '>Compartir esta noticia<\/h5><ul class='av-share-box-list noLightbox'><li class='av-share-link av-social-link-facebook' ><a target=\"_blank\" aria-label=\"Compartir en Facebook\" href='https:\/\/www.facebook.com\/sharer.php?u=https:\/\/radiorevelacionfm.cl\/?p=62115&#038;t=Destacan%20a%20mujeres%20rurales%20de%20Ays%C3%A9n%2C%20quienes%20celebran%20y%20reconocen%20avances%20tras%20%C2%ABuna%20larga%20lucha%C2%BB' aria-hidden='false' data-av_icon='\ue8f3' data-av_iconfont='entypo-fontello' title='' data-avia-related-tooltip='Compartir en Facebook' rel=\"noopener\"><span class='avia_hidden_link_text'>Compartir en Facebook<\/span><\/a><\/li><li class='av-share-link av-social-link-twitter' ><a target=\"_blank\" aria-label=\"Compartir en Twitter\" href='https:\/\/twitter.com\/share?text=Destacan%20a%20mujeres%20rurales%20de%20Ays%C3%A9n%2C%20quienes%20celebran%20y%20reconocen%20avances%20tras%20%C2%ABuna%20larga%20lucha%C2%BB&#038;url=https:\/\/radiorevelacionfm.cl\/?p=62115' aria-hidden='false' data-av_icon='\ue8f1' data-av_iconfont='entypo-fontello' title='' data-avia-related-tooltip='Compartir en Twitter' rel=\"noopener\"><span class='avia_hidden_link_text'>Compartir en Twitter<\/span><\/a><\/li><li class='av-share-link av-social-link-whatsapp' ><a target=\"_blank\" aria-label=\"Compartir en Whatsapp\" href='https:\/\/api.whatsapp.com\/send?text=https:\/\/radiorevelacionfm.cl\/?p=62115' aria-hidden='false' data-av_icon='\uf232' data-av_iconfont='entypo-fontello' title='' data-avia-related-tooltip='Compartir en Whatsapp' rel=\"noopener\"><span class='avia_hidden_link_text'>Compartir en Whatsapp<\/span><\/a><\/li><li class='av-share-link av-social-link-linkedin' ><a target=\"_blank\" aria-label=\"Compartir en LinkedIn\" href='https:\/\/linkedin.com\/shareArticle?mini=true&#038;title=Destacan%20a%20mujeres%20rurales%20de%20Ays%C3%A9n%2C%20quienes%20celebran%20y%20reconocen%20avances%20tras%20%C2%ABuna%20larga%20lucha%C2%BB&#038;url=https:\/\/radiorevelacionfm.cl\/?p=62115' aria-hidden='false' data-av_icon='\ue8fc' data-av_iconfont='entypo-fontello' title='' data-avia-related-tooltip='Compartir en LinkedIn' rel=\"noopener\"><span class='avia_hidden_link_text'>Compartir en LinkedIn<\/span><\/a><\/li><li class='av-share-link av-social-link-mail' ><a  aria-label=\"Compartir por correo\" href='mailto:?subject=Destacan%20a%20mujeres%20rurales%20de%20Ays%C3%A9n%2C%20quienes%20celebran%20y%20reconocen%20avances%20tras%20%C2%ABuna%20larga%20lucha%C2%BB&#038;body=https:\/\/radiorevelacionfm.cl\/?p=62115' aria-hidden='false' data-av_icon='\ue805' data-av_iconfont='entypo-fontello' title='' data-avia-related-tooltip='Compartir por correo'><span class='avia_hidden_link_text'>Compartir por correo<\/span><\/a><\/li><\/ul><\/div><\/div>\n<div  style='height:50px' class='hr hr-invisible   avia-builder-el-8  el_after_av_social_share  el_before_av_comments_list '><span class='hr-inner ' ><span class='hr-inner-style'><\/span><\/span><\/div>\n<div  class='av-buildercomment  av-blog-meta-html-info-disabled av-blog-meta-tag-disabled  '><\/div>\n","protected":false},"excerpt":{"rendered":"","protected":false},"author":1,"featured_media":62116,"comment_status":"closed","ping_status":"closed","sticky":false,"template":"","format":"standard","meta":{"footnotes":""},"categories":[58],"tags":[],"class_list":["post-62115","post","type-post","status-publish","format-standard","has-post-thumbnail","hentry","category-agricultura"],"jetpack_featured_media_url":"https:\/\/radiorevelacionfm.cl\/wp-content\/uploads\/2025\/12\/foto_2-2-1_optimized-1.jpg","_links":{"self":[{"href":"https:\/\/radiorevelacionfm.cl\/index.php?rest_route=\/wp\/v2\/posts\/62115","targetHints":{"allow":["GET"]}}],"collection":[{"href":"https:\/\/radiorevelacionfm.cl\/index.php?rest_route=\/wp\/v2\/posts"}],"about":[{"href":"https:\/\/radiorevelacionfm.cl\/index.php?rest_route=\/wp\/v2\/types\/post"}],"author":[{"embeddable":true,"href":"https:\/\/radiorevelacionfm.cl\/index.php?rest_route=\/wp\/v2\/users\/1"}],"replies":[{"embeddable":true,"href":"https:\/\/radiorevelacionfm.cl\/index.php?rest_route=%2Fwp%2Fv2%2Fcomments&post=62115"}],"version-history":[{"count":2,"href":"https:\/\/radiorevelacionfm.cl\/index.php?rest_route=\/wp\/v2\/posts\/62115\/revisions"}],"predecessor-version":[{"id":62118,"href":"https:\/\/radiorevelacionfm.cl\/index.php?rest_route=\/wp\/v2\/posts\/62115\/revisions\/62118"}],"wp:featuredmedia":[{"embeddable":true,"href":"https:\/\/radiorevelacionfm.cl\/index.php?rest_route=\/wp\/v2\/media\/62116"}],"wp:attachment":[{"href":"https:\/\/radiorevelacionfm.cl\/index.php?rest_route=%2Fwp%2Fv2%2Fmedia&parent=62115"}],"wp:term":[{"taxonomy":"category","embeddable":true,"href":"https:\/\/radiorevelacionfm.cl\/index.php?rest_route=%2Fwp%2Fv2%2Fcategories&post=62115"},{"taxonomy":"post_tag","embeddable":true,"href":"https:\/\/radiorevelacionfm.cl\/index.php?rest_route=%2Fwp%2Fv2%2Ftags&post=62115"}],"curies":[{"name":"wp","href":"https:\/\/api.w.org\/{rel}","templated":true}]}}