{"id":62112,"date":"2025-12-04T15:39:23","date_gmt":"2025-12-04T18:39:23","guid":{"rendered":"https:\/\/radiorevelacionfm.cl\/?p=62112"},"modified":"2025-12-04T15:39:23","modified_gmt":"2025-12-04T18:39:23","slug":"con-servicios-dependientes-y-relacionados-del-sector-justicia-realizan-gabinete-de-justicia-y-proyectos","status":"publish","type":"post","link":"https:\/\/radiorevelacionfm.cl\/?p=62112","title":{"rendered":"Con servicios dependientes y relacionados del sector Justicia: Realizan Gabinete de Justicia y Proyectos"},"content":{"rendered":"<div class=\"flex_column av_one_full  flex_column_div av-zero-column-padding first  avia-builder-el-0  el_before_av_one_full  avia-builder-el-first  \" style='border-radius:0px; '><div  class='avia-image-container  av-styling-    avia-builder-el-1  avia-builder-el-no-sibling  avia-align-center '  itemprop=\"image\" itemscope=\"itemscope\" itemtype=\"https:\/\/schema.org\/ImageObject\"  ><div class='avia-image-container-inner'><div class='avia-image-overlay-wrap'><img decoding=\"async\" class='wp-image-62113 avia-img-lazy-loading-not-62113 avia_image' src=\"https:\/\/radiorevelacionfm.cl\/wp-content\/uploads\/2025\/12\/gabinete-1-1_optimized.jpg\" alt='' title='gabinete-1-(1)_optimized' height=\"600\" width=\"800\"  itemprop=\"thumbnailUrl\" srcset=\"https:\/\/radiorevelacionfm.cl\/wp-content\/uploads\/2025\/12\/gabinete-1-1_optimized.jpg 800w, https:\/\/radiorevelacionfm.cl\/wp-content\/uploads\/2025\/12\/gabinete-1-1_optimized-300x225.jpg 300w, https:\/\/radiorevelacionfm.cl\/wp-content\/uploads\/2025\/12\/gabinete-1-1_optimized-768x576.jpg 768w, https:\/\/radiorevelacionfm.cl\/wp-content\/uploads\/2025\/12\/gabinete-1-1_optimized-705x529.jpg 705w, https:\/\/radiorevelacionfm.cl\/wp-content\/uploads\/2025\/12\/gabinete-1-1_optimized-450x338.jpg 450w, https:\/\/radiorevelacionfm.cl\/wp-content\/uploads\/2025\/12\/gabinete-1-1_optimized-600x450.jpg 600w\" sizes=\"(max-width: 800px) 100vw, 800px\" \/><\/div><\/div><\/div><\/div><div class=\"flex_column av_one_full  flex_column_div av-zero-column-padding first  avia-builder-el-2  el_after_av_one_full  el_before_av_one_full  column-top-margin\" style='border-radius:0px; '><section class=\"av_textblock_section \"  itemscope=\"itemscope\" itemtype=\"https:\/\/schema.org\/BlogPosting\" itemprop=\"blogPost\" ><div class='avia_textblock  '   itemprop=\"text\" ><p style=\"text-align: center;\"><strong><span style=\"font-size: 18pt;\">Con servicios dependientes y relacionados del sector Justicia: Realizan Gabinete de Justicia y Proyectos <\/span><\/strong><\/p>\n<div id=\"gtx-trans\" style=\"position: absolute; left: -50px; top: 4.31534px;\">\n<div class=\"gtx-trans-icon\"><\/div>\n<\/div>\n<\/div><\/section><\/div><div class=\"flex_column av_one_full  flex_column_div av-zero-column-padding first  avia-builder-el-4  el_after_av_one_full  el_before_av_hr  column-top-margin\" style='border-radius:0px; '><section class=\"av_textblock_section \"  itemscope=\"itemscope\" itemtype=\"https:\/\/schema.org\/BlogPosting\" itemprop=\"blogPost\" ><div class='avia_textblock  '   itemprop=\"text\" ><p style=\"text-align: justify;\">Para conocer el estado de avance de los proyectos de inversi\u00f3n y el normal funcionamiento de los distintos servicios dependientes y relacionados, se llev\u00f3 a cabo un nuevo Gabinete de Justicia y Proyectos, instancia encabezada por el Seremi de Justicia y Derechos Humanos Samuel Navarro y que cont\u00f3 con la participaci\u00f3n de todos los directores regionales de los servicios del sector.<\/p>\n<p style=\"text-align: justify;\">En la oportunidad, el Seremi de Justicia y Derechos Humanos Samuel Navarro Castro explic\u00f3 que \u201ccomo es regular una vez al mes nos juntamos con los servicio p\u00fablicos dependientes y relacionados para ver el estado de avance tanto de la gesti\u00f3n institucional como de los proyectos e inversiones que cada servicio se encuentra desarrollando, en este sentido podemos decir con total certeza en lo que dice relaci\u00f3n con la gesti\u00f3n, las metas y compromisos que est\u00e1n establecidos en sus planificaciones se han ido verificando correcta y oportunamente as\u00ed como la ejecuci\u00f3n presupuestaria en cada uno de los servicios p\u00fablicos relacionados y dependientes en materia de Justicia\u201d.<\/p>\n<p style=\"text-align: justify;\">Por otro lado, la autoridad regional se\u00f1al\u00f3 que \u201cse han ido concretando en las iniciativas que est\u00e1n a cargo de cada uno de los servicios particularmente lo que dice relaci\u00f3n con el avance del nuevo edificio del Servicio M\u00e9dico Legal que comienza ya su construcci\u00f3n, as\u00ed como otras iniciativas y actividades que son propias de los servicios, podr\u00edamos decir que estamos satisfechos con la gesti\u00f3n que se ha hecho este a\u00f1o y pr\u00f3ximamente estaremos entregando novedades a la comunidad\u201d.<\/p>\n<p style=\"text-align: justify;\">Finalmente, cabe mencionar que una vez al mes se realiza este encuentro, y que busca conocer el avance de iniciativas existentes al interior de cada uno de los servicios, as\u00ed tambi\u00e9n realizar las mejoras y brechas para ir corrigiendo algunas situaciones que se puedan ir presentando ya sea en el Servicio M\u00e9dico Legal, Gendarmer\u00eda de Chile, Defensor\u00eda Penal P\u00fablica, Corporaci\u00f3n de Asistencia Judicial, el Servicio de Registro Civil e Identificaci\u00f3n o el Servicio de Reinserci\u00f3n Social Juvenil.<\/p>\n<\/div><\/section><\/div><div  style='height:50px' class='hr hr-invisible   avia-builder-el-6  el_after_av_one_full  el_before_av_social_share '><span class='hr-inner ' ><span class='hr-inner-style'><\/span><\/span><\/div><\/p>\n<div  class='av-social-sharing-box  avia-builder-el-7  el_after_av_hr  el_before_av_hr  '><div class='av-share-box'><h5 class='av-share-link-description av-no-toc '>Compartir esta noticia<\/h5><ul class='av-share-box-list noLightbox'><li class='av-share-link av-social-link-facebook' ><a target=\"_blank\" aria-label=\"Compartir en Facebook\" href='https:\/\/www.facebook.com\/sharer.php?u=https:\/\/radiorevelacionfm.cl\/?p=62112&#038;t=Con%20servicios%20dependientes%20y%20relacionados%20del%20sector%20Justicia%3A%20Realizan%20Gabinete%20de%20Justicia%20y%20Proyectos' aria-hidden='false' data-av_icon='\ue8f3' data-av_iconfont='entypo-fontello' title='' data-avia-related-tooltip='Compartir en Facebook' rel=\"noopener\"><span class='avia_hidden_link_text'>Compartir en Facebook<\/span><\/a><\/li><li class='av-share-link av-social-link-twitter' ><a target=\"_blank\" aria-label=\"Compartir en Twitter\" href='https:\/\/twitter.com\/share?text=Con%20servicios%20dependientes%20y%20relacionados%20del%20sector%20Justicia%3A%20Realizan%20Gabinete%20de%20Justicia%20y%20Proyectos&#038;url=https:\/\/radiorevelacionfm.cl\/?p=62112' aria-hidden='false' data-av_icon='\ue8f1' data-av_iconfont='entypo-fontello' title='' data-avia-related-tooltip='Compartir en Twitter' rel=\"noopener\"><span class='avia_hidden_link_text'>Compartir en Twitter<\/span><\/a><\/li><li class='av-share-link av-social-link-whatsapp' ><a target=\"_blank\" aria-label=\"Compartir en Whatsapp\" href='https:\/\/api.whatsapp.com\/send?text=https:\/\/radiorevelacionfm.cl\/?p=62112' aria-hidden='false' data-av_icon='\uf232' data-av_iconfont='entypo-fontello' title='' data-avia-related-tooltip='Compartir en Whatsapp' rel=\"noopener\"><span class='avia_hidden_link_text'>Compartir en Whatsapp<\/span><\/a><\/li><li class='av-share-link av-social-link-linkedin' ><a target=\"_blank\" aria-label=\"Compartir en LinkedIn\" href='https:\/\/linkedin.com\/shareArticle?mini=true&#038;title=Con%20servicios%20dependientes%20y%20relacionados%20del%20sector%20Justicia%3A%20Realizan%20Gabinete%20de%20Justicia%20y%20Proyectos&#038;url=https:\/\/radiorevelacionfm.cl\/?p=62112' aria-hidden='false' data-av_icon='\ue8fc' data-av_iconfont='entypo-fontello' title='' data-avia-related-tooltip='Compartir en LinkedIn' rel=\"noopener\"><span class='avia_hidden_link_text'>Compartir en LinkedIn<\/span><\/a><\/li><li class='av-share-link av-social-link-mail' ><a  aria-label=\"Compartir por correo\" href='mailto:?subject=Con%20servicios%20dependientes%20y%20relacionados%20del%20sector%20Justicia%3A%20Realizan%20Gabinete%20de%20Justicia%20y%20Proyectos&#038;body=https:\/\/radiorevelacionfm.cl\/?p=62112' aria-hidden='false' data-av_icon='\ue805' data-av_iconfont='entypo-fontello' title='' data-avia-related-tooltip='Compartir por correo'><span class='avia_hidden_link_text'>Compartir por correo<\/span><\/a><\/li><\/ul><\/div><\/div>\n<div  style='height:50px' class='hr hr-invisible   avia-builder-el-8  el_after_av_social_share  el_before_av_comments_list '><span class='hr-inner ' ><span class='hr-inner-style'><\/span><\/span><\/div>\n<div  class='av-buildercomment  av-blog-meta-html-info-disabled av-blog-meta-tag-disabled  '><\/div>\n","protected":false},"excerpt":{"rendered":"","protected":false},"author":1,"featured_media":62113,"comment_status":"closed","ping_status":"closed","sticky":false,"template":"","format":"standard","meta":{"footnotes":""},"categories":[55],"tags":[],"class_list":["post-62112","post","type-post","status-publish","format-standard","has-post-thumbnail","hentry","category-justicia"],"jetpack_featured_media_url":"https:\/\/radiorevelacionfm.cl\/wp-content\/uploads\/2025\/12\/gabinete-1-1_optimized.jpg","_links":{"self":[{"href":"https:\/\/radiorevelacionfm.cl\/index.php?rest_route=\/wp\/v2\/posts\/62112","targetHints":{"allow":["GET"]}}],"collection":[{"href":"https:\/\/radiorevelacionfm.cl\/index.php?rest_route=\/wp\/v2\/posts"}],"about":[{"href":"https:\/\/radiorevelacionfm.cl\/index.php?rest_route=\/wp\/v2\/types\/post"}],"author":[{"embeddable":true,"href":"https:\/\/radiorevelacionfm.cl\/index.php?rest_route=\/wp\/v2\/users\/1"}],"replies":[{"embeddable":true,"href":"https:\/\/radiorevelacionfm.cl\/index.php?rest_route=%2Fwp%2Fv2%2Fcomments&post=62112"}],"version-history":[{"count":2,"href":"https:\/\/radiorevelacionfm.cl\/index.php?rest_route=\/wp\/v2\/posts\/62112\/revisions"}],"predecessor-version":[{"id":62171,"href":"https:\/\/radiorevelacionfm.cl\/index.php?rest_route=\/wp\/v2\/posts\/62112\/revisions\/62171"}],"wp:featuredmedia":[{"embeddable":true,"href":"https:\/\/radiorevelacionfm.cl\/index.php?rest_route=\/wp\/v2\/media\/62113"}],"wp:attachment":[{"href":"https:\/\/radiorevelacionfm.cl\/index.php?rest_route=%2Fwp%2Fv2%2Fmedia&parent=62112"}],"wp:term":[{"taxonomy":"category","embeddable":true,"href":"https:\/\/radiorevelacionfm.cl\/index.php?rest_route=%2Fwp%2Fv2%2Fcategories&post=62112"},{"taxonomy":"post_tag","embeddable":true,"href":"https:\/\/radiorevelacionfm.cl\/index.php?rest_route=%2Fwp%2Fv2%2Ftags&post=62112"}],"curies":[{"name":"wp","href":"https:\/\/api.w.org\/{rel}","templated":true}]}}