{"id":62109,"date":"2025-12-04T17:37:25","date_gmt":"2025-12-04T20:37:25","guid":{"rendered":"https:\/\/radiorevelacionfm.cl\/?p=62109"},"modified":"2025-12-04T17:37:25","modified_gmt":"2025-12-04T20:37:25","slug":"ximena-ordenes-destaco-la-incorporacion-de-tres-nuevas-patologias-al-ges-seguiremos-trabajando-para-fortalecer-las-garantias-explicitas-en-salud","status":"publish","type":"post","link":"https:\/\/radiorevelacionfm.cl\/?p=62109","title":{"rendered":"Ximena \u00d3rdenes destac\u00f3 la incorporaci\u00f3n de tres nuevas patolog\u00edas al GES: \u201cSeguiremos trabajando para fortalecer las garant\u00edas expl\u00edcitas en salud\u201d"},"content":{"rendered":"<div class=\"flex_column av_one_full  flex_column_div av-zero-column-padding first  avia-builder-el-0  el_before_av_one_full  avia-builder-el-first  \" style='border-radius:0px; '><div  class='avia-image-container  av-styling-    avia-builder-el-1  avia-builder-el-no-sibling  avia-align-center '  itemprop=\"image\" itemscope=\"itemscope\" itemtype=\"https:\/\/schema.org\/ImageObject\"  ><div class='avia-image-container-inner'><div class='avia-image-overlay-wrap'><img decoding=\"async\" class='wp-image-62110 avia-img-lazy-loading-not-62110 avia_image' src=\"https:\/\/radiorevelacionfm.cl\/wp-content\/uploads\/2025\/12\/foto-22-1_optimized-1.jpeg\" alt='' title='foto-(22)-(1)_optimized (1)' height=\"600\" width=\"1067\"  itemprop=\"thumbnailUrl\" srcset=\"https:\/\/radiorevelacionfm.cl\/wp-content\/uploads\/2025\/12\/foto-22-1_optimized-1.jpeg 1067w, https:\/\/radiorevelacionfm.cl\/wp-content\/uploads\/2025\/12\/foto-22-1_optimized-1-300x169.jpeg 300w, https:\/\/radiorevelacionfm.cl\/wp-content\/uploads\/2025\/12\/foto-22-1_optimized-1-1030x579.jpeg 1030w, https:\/\/radiorevelacionfm.cl\/wp-content\/uploads\/2025\/12\/foto-22-1_optimized-1-768x432.jpeg 768w, https:\/\/radiorevelacionfm.cl\/wp-content\/uploads\/2025\/12\/foto-22-1_optimized-1-705x396.jpeg 705w, https:\/\/radiorevelacionfm.cl\/wp-content\/uploads\/2025\/12\/foto-22-1_optimized-1-450x253.jpeg 450w, https:\/\/radiorevelacionfm.cl\/wp-content\/uploads\/2025\/12\/foto-22-1_optimized-1-600x337.jpeg 600w\" sizes=\"(max-width: 1067px) 100vw, 1067px\" \/><\/div><\/div><\/div><\/div><div class=\"flex_column av_one_full  flex_column_div av-zero-column-padding first  avia-builder-el-2  el_after_av_one_full  el_before_av_one_full  column-top-margin\" style='border-radius:0px; '><section class=\"av_textblock_section \"  itemscope=\"itemscope\" itemtype=\"https:\/\/schema.org\/BlogPosting\" itemprop=\"blogPost\" ><div class='avia_textblock  '   itemprop=\"text\" ><p style=\"text-align: center;\"><strong><span style=\"font-size: 18pt;\">Ximena \u00d3rdenes destac\u00f3 la incorporaci\u00f3n de tres nuevas patolog\u00edas al GES: \u201cSeguiremos trabajando para fortalecer las garant\u00edas expl\u00edcitas en salud\u201d<\/span><\/strong><\/p>\n<div id=\"gtx-trans\" style=\"position: absolute; left: -50px; top: 4.31534px;\">\n<div class=\"gtx-trans-icon\"><\/div>\n<\/div>\n<\/div><\/section><\/div><div class=\"flex_column av_one_full  flex_column_div av-zero-column-padding first  avia-builder-el-4  el_after_av_one_full  el_before_av_hr  column-top-margin\" style='border-radius:0px; '><section class=\"av_textblock_section \"  itemscope=\"itemscope\" itemtype=\"https:\/\/schema.org\/BlogPosting\" itemprop=\"blogPost\" ><div class='avia_textblock  '   itemprop=\"text\" ><p style=\"text-align: justify;\">Con una inyecci\u00f3n de 100 mil millones de pesos anuales adicionales, son tres las nuevas patolog\u00edas que se incorporan a las Garant\u00edas Expl\u00edcitas en Salud, que benefician a miles de personas en Chile. La representante en el Senado por la regi\u00f3n de Ays\u00e9n, Ximena Ordenes Neira, valor\u00f3 que ya sean 90 las patolog\u00edas que cubre esta pol\u00edtica p\u00fablica tan importante en el Sistema de Salud nacional.<\/p>\n<p style=\"text-align: justify;\">\u201c\u00a1Esta es sin duda una excelente noticia! La incorporaci\u00f3n de tres nuevas patolog\u00edas al sistema de Garant\u00edas Expl\u00edcitas en Salud\u201d, anunci\u00f3 la legisladora, se\u00f1alando que \u201clas tres nuevas patolog\u00edas son el tratamiento de hospitalizaci\u00f3n para menores de 15 a\u00f1os con depresi\u00f3n grave, el tratamiento tras el alta por cirrosis hep\u00e1tica y la cesaci\u00f3n de consumo de tabaco para personas mayores de 25 a\u00f1os, incluyendo la terapia farmacol\u00f3gica y el apoyo psicol\u00f3gico\u201d.<\/p>\n<p style=\"text-align: justify;\">Esta noticia se suma al avance en mostrado por el gobierno en la capacidad resolutiva en listas de espera GES retrasadas y a los nuevos anuncios para mejorar la atenci\u00f3n en salud, sobre el fortalecimiento de la Atenci\u00f3n Primaria de Salud, con 70 nuevos dispositivos de atenci\u00f3n primaria a lo largo del pa\u00eds, el proyecto de Fertilizaci\u00f3n Asistida, el aumento de salas y equipos para atender a la poblaci\u00f3n TEA y la habilitaci\u00f3n de nuevos COSAM.<\/p>\n<p style=\"text-align: justify;\">Adem\u00e1s, Ordenes tambi\u00e9n destac\u00f3 que parte de los recursos se destinar\u00e1n para el fortalecimiento de otras GES. \u201cJunto con esta buena noticia, les quiero contar que se suma el fortalecimiento de diez patolog\u00edas que ya existen, como por ejemplo la diabetes tipo uno, la diabetes tipo dos, la epilepsia refractaria y la leucemia en personas de 15 a\u00f1os y m\u00e1s\u201d, indic\u00f3 la representante aysenina, asegurando que \u201cseguiremos trabajando por fortalecer las garant\u00edas expl\u00edcitas en salud que garantizan oportunidad y tratamiento\u201d.<\/p>\n<p style=\"text-align: justify;\">En definitiva, las 10 Garant\u00edas que se fortalecer\u00e1n ser\u00e1n: Diabetes tipo 1, ampliaci\u00f3n de la detecci\u00f3n de Virus Papiloma Humano, inclusi\u00f3n de Trikafka para Fibrosis Qu\u00edstica en mayores de 6 a\u00f1os, Diabetes tipo 2, Epilepsia Refractaria, Leucemia en personas de 15 a\u00f1os y m\u00e1s, nuevos tratamientos para tumores del Sistema Nervioso Central, Ampliaci\u00f3n de t\u00e9cnicas quir\u00fargicas para Cardiopat\u00edas Cong\u00e9nitas, acceso a nuevos medicamentos para la sensibilizaci\u00f3n pre trasplante para Enfermedad Renal Cr\u00f3nica, acceso a nuevos tratamientos para Asma Bronquial grave.<\/p>\n<\/div><\/section><\/div><div  style='height:50px' class='hr hr-invisible   avia-builder-el-6  el_after_av_one_full  el_before_av_social_share '><span class='hr-inner ' ><span class='hr-inner-style'><\/span><\/span><\/div><\/p>\n<div  class='av-social-sharing-box  avia-builder-el-7  el_after_av_hr  el_before_av_hr  '><div class='av-share-box'><h5 class='av-share-link-description av-no-toc '>Compartir esta noticia<\/h5><ul class='av-share-box-list noLightbox'><li class='av-share-link av-social-link-facebook' ><a target=\"_blank\" aria-label=\"Compartir en Facebook\" href='https:\/\/www.facebook.com\/sharer.php?u=https:\/\/radiorevelacionfm.cl\/?p=62109&#038;t=Ximena%20%C3%93rdenes%20destac%C3%B3%20la%20incorporaci%C3%B3n%20de%20tres%20nuevas%20patolog%C3%ADas%20al%20GES%3A%20%E2%80%9CSeguiremos%20trabajando%20para%20fortalecer%20las%20garant%C3%ADas%20expl%C3%ADcitas%20en%20salud%E2%80%9D' aria-hidden='false' data-av_icon='\ue8f3' data-av_iconfont='entypo-fontello' title='' data-avia-related-tooltip='Compartir en Facebook' rel=\"noopener\"><span class='avia_hidden_link_text'>Compartir en Facebook<\/span><\/a><\/li><li class='av-share-link av-social-link-twitter' ><a target=\"_blank\" aria-label=\"Compartir en Twitter\" href='https:\/\/twitter.com\/share?text=Ximena%20%C3%93rdenes%20destac%C3%B3%20la%20incorporaci%C3%B3n%20de%20tres%20nuevas%20patolog%C3%ADas%20al%20GES%3A%20%E2%80%9CSeguiremos%20trabajando%20para%20fortalecer%20las%20garant%C3%ADas%20expl%C3%ADcitas%20en%20salud%E2%80%9D&#038;url=https:\/\/radiorevelacionfm.cl\/?p=62109' aria-hidden='false' data-av_icon='\ue8f1' data-av_iconfont='entypo-fontello' title='' data-avia-related-tooltip='Compartir en Twitter' rel=\"noopener\"><span class='avia_hidden_link_text'>Compartir en Twitter<\/span><\/a><\/li><li class='av-share-link av-social-link-whatsapp' ><a target=\"_blank\" aria-label=\"Compartir en Whatsapp\" href='https:\/\/api.whatsapp.com\/send?text=https:\/\/radiorevelacionfm.cl\/?p=62109' aria-hidden='false' data-av_icon='\uf232' data-av_iconfont='entypo-fontello' title='' data-avia-related-tooltip='Compartir en Whatsapp' rel=\"noopener\"><span class='avia_hidden_link_text'>Compartir en Whatsapp<\/span><\/a><\/li><li class='av-share-link av-social-link-linkedin' ><a target=\"_blank\" aria-label=\"Compartir en LinkedIn\" href='https:\/\/linkedin.com\/shareArticle?mini=true&#038;title=Ximena%20%C3%93rdenes%20destac%C3%B3%20la%20incorporaci%C3%B3n%20de%20tres%20nuevas%20patolog%C3%ADas%20al%20GES%3A%20%E2%80%9CSeguiremos%20trabajando%20para%20fortalecer%20las%20garant%C3%ADas%20expl%C3%ADcitas%20en%20salud%E2%80%9D&#038;url=https:\/\/radiorevelacionfm.cl\/?p=62109' aria-hidden='false' data-av_icon='\ue8fc' data-av_iconfont='entypo-fontello' title='' data-avia-related-tooltip='Compartir en LinkedIn' rel=\"noopener\"><span class='avia_hidden_link_text'>Compartir en LinkedIn<\/span><\/a><\/li><li class='av-share-link av-social-link-mail' ><a  aria-label=\"Compartir por correo\" href='mailto:?subject=Ximena%20%C3%93rdenes%20destac%C3%B3%20la%20incorporaci%C3%B3n%20de%20tres%20nuevas%20patolog%C3%ADas%20al%20GES%3A%20%E2%80%9CSeguiremos%20trabajando%20para%20fortalecer%20las%20garant%C3%ADas%20expl%C3%ADcitas%20en%20salud%E2%80%9D&#038;body=https:\/\/radiorevelacionfm.cl\/?p=62109' aria-hidden='false' data-av_icon='\ue805' data-av_iconfont='entypo-fontello' title='' data-avia-related-tooltip='Compartir por correo'><span class='avia_hidden_link_text'>Compartir por correo<\/span><\/a><\/li><\/ul><\/div><\/div>\n<div  style='height:50px' class='hr hr-invisible   avia-builder-el-8  el_after_av_social_share  el_before_av_comments_list '><span class='hr-inner ' ><span class='hr-inner-style'><\/span><\/span><\/div>\n<div  class='av-buildercomment  av-blog-meta-html-info-disabled av-blog-meta-tag-disabled  '><\/div>\n","protected":false},"excerpt":{"rendered":"","protected":false},"author":1,"featured_media":62110,"comment_status":"closed","ping_status":"closed","sticky":false,"template":"","format":"standard","meta":{"footnotes":""},"categories":[35],"tags":[],"class_list":["post-62109","post","type-post","status-publish","format-standard","has-post-thumbnail","hentry","category-politica"],"jetpack_featured_media_url":"https:\/\/radiorevelacionfm.cl\/wp-content\/uploads\/2025\/12\/foto-22-1_optimized-1.jpeg","_links":{"self":[{"href":"https:\/\/radiorevelacionfm.cl\/index.php?rest_route=\/wp\/v2\/posts\/62109","targetHints":{"allow":["GET"]}}],"collection":[{"href":"https:\/\/radiorevelacionfm.cl\/index.php?rest_route=\/wp\/v2\/posts"}],"about":[{"href":"https:\/\/radiorevelacionfm.cl\/index.php?rest_route=\/wp\/v2\/types\/post"}],"author":[{"embeddable":true,"href":"https:\/\/radiorevelacionfm.cl\/index.php?rest_route=\/wp\/v2\/users\/1"}],"replies":[{"embeddable":true,"href":"https:\/\/radiorevelacionfm.cl\/index.php?rest_route=%2Fwp%2Fv2%2Fcomments&post=62109"}],"version-history":[{"count":2,"href":"https:\/\/radiorevelacionfm.cl\/index.php?rest_route=\/wp\/v2\/posts\/62109\/revisions"}],"predecessor-version":[{"id":62179,"href":"https:\/\/radiorevelacionfm.cl\/index.php?rest_route=\/wp\/v2\/posts\/62109\/revisions\/62179"}],"wp:featuredmedia":[{"embeddable":true,"href":"https:\/\/radiorevelacionfm.cl\/index.php?rest_route=\/wp\/v2\/media\/62110"}],"wp:attachment":[{"href":"https:\/\/radiorevelacionfm.cl\/index.php?rest_route=%2Fwp%2Fv2%2Fmedia&parent=62109"}],"wp:term":[{"taxonomy":"category","embeddable":true,"href":"https:\/\/radiorevelacionfm.cl\/index.php?rest_route=%2Fwp%2Fv2%2Fcategories&post=62109"},{"taxonomy":"post_tag","embeddable":true,"href":"https:\/\/radiorevelacionfm.cl\/index.php?rest_route=%2Fwp%2Fv2%2Ftags&post=62109"}],"curies":[{"name":"wp","href":"https:\/\/api.w.org\/{rel}","templated":true}]}}