{"id":62105,"date":"2025-12-03T16:07:32","date_gmt":"2025-12-03T19:07:32","guid":{"rendered":"https:\/\/radiorevelacionfm.cl\/?p=62105"},"modified":"2025-12-03T16:07:32","modified_gmt":"2025-12-03T19:07:32","slug":"agrupacion-feria-palafitos-de-puerto-aysen-busca-mejorar-ventas-y-fortalecer-capacidades-con-apoyo-del-fosis","status":"publish","type":"post","link":"https:\/\/radiorevelacionfm.cl\/?p=62105","title":{"rendered":"Agrupaci\u00f3n Feria Palafitos de Puerto Ays\u00e9n busca mejorar ventas y fortalecer capacidades con apoyo del FOSIS"},"content":{"rendered":"<div class=\"flex_column av_one_full  flex_column_div av-zero-column-padding first  avia-builder-el-0  el_before_av_one_full  avia-builder-el-first  \" style='border-radius:0px; '><div  class='avia-image-container  av-styling-    avia-builder-el-1  avia-builder-el-no-sibling  avia-align-center '  itemprop=\"image\" itemscope=\"itemscope\" itemtype=\"https:\/\/schema.org\/ImageObject\"  ><div class='avia-image-container-inner'><div class='avia-image-overlay-wrap'><img decoding=\"async\" class='wp-image-62106 avia-img-lazy-loading-not-62106 avia_image' src=\"https:\/\/radiorevelacionfm.cl\/wp-content\/uploads\/2025\/12\/1eg-palafitos-aysen-1_optimized-1.jpeg\" alt='' title='1eg-palafitos-ays\u00e9n-(1)_optimized (1)' height=\"600\" width=\"1067\"  itemprop=\"thumbnailUrl\" srcset=\"https:\/\/radiorevelacionfm.cl\/wp-content\/uploads\/2025\/12\/1eg-palafitos-aysen-1_optimized-1.jpeg 1067w, https:\/\/radiorevelacionfm.cl\/wp-content\/uploads\/2025\/12\/1eg-palafitos-aysen-1_optimized-1-300x169.jpeg 300w, https:\/\/radiorevelacionfm.cl\/wp-content\/uploads\/2025\/12\/1eg-palafitos-aysen-1_optimized-1-1030x579.jpeg 1030w, https:\/\/radiorevelacionfm.cl\/wp-content\/uploads\/2025\/12\/1eg-palafitos-aysen-1_optimized-1-768x432.jpeg 768w, https:\/\/radiorevelacionfm.cl\/wp-content\/uploads\/2025\/12\/1eg-palafitos-aysen-1_optimized-1-705x396.jpeg 705w, https:\/\/radiorevelacionfm.cl\/wp-content\/uploads\/2025\/12\/1eg-palafitos-aysen-1_optimized-1-450x253.jpeg 450w, https:\/\/radiorevelacionfm.cl\/wp-content\/uploads\/2025\/12\/1eg-palafitos-aysen-1_optimized-1-600x337.jpeg 600w\" sizes=\"(max-width: 1067px) 100vw, 1067px\" \/><\/div><\/div><\/div><\/div><div class=\"flex_column av_one_full  flex_column_div av-zero-column-padding first  avia-builder-el-2  el_after_av_one_full  el_before_av_one_full  column-top-margin\" style='border-radius:0px; '><section class=\"av_textblock_section \"  itemscope=\"itemscope\" itemtype=\"https:\/\/schema.org\/BlogPosting\" itemprop=\"blogPost\" ><div class='avia_textblock  '   itemprop=\"text\" ><p style=\"text-align: center;\"><strong><span style=\"font-size: 18pt;\">Agrupaci\u00f3n Feria Palafitos de Puerto Ays\u00e9n busca mejorar ventas y fortalecer capacidades con apoyo del FOSIS<\/span><\/strong><\/p>\n<div id=\"gtx-trans\" style=\"position: absolute; left: -50px; top: 4.31534px;\">\n<div class=\"gtx-trans-icon\"><\/div>\n<\/div>\n<\/div><\/section><\/div><div class=\"flex_column av_one_full  flex_column_div av-zero-column-padding first  avia-builder-el-4  el_after_av_one_full  el_before_av_hr  column-top-margin\" style='border-radius:0px; '><section class=\"av_textblock_section \"  itemscope=\"itemscope\" itemtype=\"https:\/\/schema.org\/BlogPosting\" itemprop=\"blogPost\" ><div class='avia_textblock  '   itemprop=\"text\" ><ul>\n<li style=\"text-align: justify;\"><em>El proyecto, financiado gracias al programa Emprendamos Grupal, permitir\u00e1 capacitar a integrantes de esta organizaci\u00f3n productiva, junto con adquirir mobiliario y equipamiento tecnol\u00f3gico para promocionar sus productos.<\/em><\/li>\n<\/ul>\n<p style=\"text-align: justify;\">Hasta la Feria Palafitos de Puerto Ays\u00e9n, lleg\u00f3 la directora regional del FOSIS, Fernanda Leiva, para reunirse con la agrupaci\u00f3n que se adjudic\u00f3 la ejecuci\u00f3n del programa Emprendamos Grupal con el proyecto denominado \u201cEquipos e implementaci\u00f3n y capacitaci\u00f3n para mejorar nuestra feria y a los socios\u201d, que tiene el objetivo de mejorar las ventas de las 35 personas que componen la agrupaci\u00f3n.<\/p>\n<p style=\"text-align: justify;\">Este programa, financiado por el Fondo de Solidaridad e Inversi\u00f3n Social, FOSIS, apoya a organizaciones o grupos productivos a fortalecer su actividad econ\u00f3mica a trav\u00e9s de capacitaci\u00f3n, asesor\u00eda y financiamiento de sus propias iniciativas. Esta instancia busca financiar capacitaciones en atencional al cliente, contabilidad b\u00e1sica, marketing y administraci\u00f3n; junto con adquirir pantallas led, parlantes, mesas plegables, banderas, letrero, proyector, computador, impresora, l\u00e1mparas y cajas de almacenamiento.<\/p>\n<p style=\"text-align: justify;\">Soledad Ojeda, presidenta de la agrupaci\u00f3n Feria Palafitos de Puerto Ays\u00e9n, valor\u00f3 positivamente el apoyo. \u201cAgradecimientos para FOSIS que crey\u00f3 en el proyecto que presentamos para fortalecer m\u00e1s nuestra organizaci\u00f3n. Lo que va a financiar este proyecto va en directo beneficio de la organizaci\u00f3n y de los socios. Un computador, una impresora o un data que no ten\u00edamos y que hoy vamos a poder adquirir para presentar todas las actividades que venimos realizando como Feria Palafitos\u201d.<\/p>\n<p style=\"text-align: justify;\">La directora regional del FOSIS en Ays\u00e9n, Fernanda Leiva, destac\u00f3 la labor solidaria y productiva de la agrupaci\u00f3n y asegur\u00f3 que \u201cestamos muy contentos y contentas porque vemos a trav\u00e9s de este tiempo el trabajo que han invertido, el esfuerzo que han realizado por hacer crecer esta organizaci\u00f3n y adem\u00e1s abrir las puertas a emprendedores y emprendedoras no solo de Puerto Ays\u00e9n, sino que de otros lugares para generar este espacio de comercializaci\u00f3n y visibilizaci\u00f3n de emprendimientos\u201d.<\/p>\n<p style=\"text-align: justify;\">La Feria Palafitos de Puerto Ays\u00e9n es una agrupaci\u00f3n social, cultural y deportiva, compuesta por 35 personas, principalmente mujeres jefas de hogar que trabajan en rubros como la artesan\u00eda, venta de ropa, art\u00edculos de bazar, paqueter\u00eda, plantas de exterior e interior, entre otros.<\/p>\n<p style=\"text-align: justify;\">El programa Emprendamos Grupal permite que organizaciones productivas desarrollen actividades econ\u00f3micas y mejoren las condiciones de producci\u00f3n de sus negocios, fortaleciendo capacidades personales y de las organizaciones, lazos de asociatividad y acceso a redes; con el fin de aumentar sus ingresos y fomentar su autonom\u00eda econ\u00f3mica.<\/p>\n<\/div><\/section><\/div><div  style='height:50px' class='hr hr-invisible   avia-builder-el-6  el_after_av_one_full  el_before_av_social_share '><span class='hr-inner ' ><span class='hr-inner-style'><\/span><\/span><\/div><\/p>\n<div  class='av-social-sharing-box  avia-builder-el-7  el_after_av_hr  el_before_av_hr  '><div class='av-share-box'><h5 class='av-share-link-description av-no-toc '>Compartir esta noticia<\/h5><ul class='av-share-box-list noLightbox'><li class='av-share-link av-social-link-facebook' ><a target=\"_blank\" aria-label=\"Compartir en Facebook\" href='https:\/\/www.facebook.com\/sharer.php?u=https:\/\/radiorevelacionfm.cl\/?p=62105&#038;t=Agrupaci%C3%B3n%20Feria%20Palafitos%20de%20Puerto%20Ays%C3%A9n%20busca%20mejorar%20ventas%20y%20fortalecer%20capacidades%20con%20apoyo%20del%20FOSIS' aria-hidden='false' data-av_icon='\ue8f3' data-av_iconfont='entypo-fontello' title='' data-avia-related-tooltip='Compartir en Facebook' rel=\"noopener\"><span class='avia_hidden_link_text'>Compartir en Facebook<\/span><\/a><\/li><li class='av-share-link av-social-link-twitter' ><a target=\"_blank\" aria-label=\"Compartir en Twitter\" href='https:\/\/twitter.com\/share?text=Agrupaci%C3%B3n%20Feria%20Palafitos%20de%20Puerto%20Ays%C3%A9n%20busca%20mejorar%20ventas%20y%20fortalecer%20capacidades%20con%20apoyo%20del%20FOSIS&#038;url=https:\/\/radiorevelacionfm.cl\/?p=62105' aria-hidden='false' data-av_icon='\ue8f1' data-av_iconfont='entypo-fontello' title='' data-avia-related-tooltip='Compartir en Twitter' rel=\"noopener\"><span class='avia_hidden_link_text'>Compartir en Twitter<\/span><\/a><\/li><li class='av-share-link av-social-link-whatsapp' ><a target=\"_blank\" aria-label=\"Compartir en Whatsapp\" href='https:\/\/api.whatsapp.com\/send?text=https:\/\/radiorevelacionfm.cl\/?p=62105' aria-hidden='false' data-av_icon='\uf232' data-av_iconfont='entypo-fontello' title='' data-avia-related-tooltip='Compartir en Whatsapp' rel=\"noopener\"><span class='avia_hidden_link_text'>Compartir en Whatsapp<\/span><\/a><\/li><li class='av-share-link av-social-link-linkedin' ><a target=\"_blank\" aria-label=\"Compartir en LinkedIn\" href='https:\/\/linkedin.com\/shareArticle?mini=true&#038;title=Agrupaci%C3%B3n%20Feria%20Palafitos%20de%20Puerto%20Ays%C3%A9n%20busca%20mejorar%20ventas%20y%20fortalecer%20capacidades%20con%20apoyo%20del%20FOSIS&#038;url=https:\/\/radiorevelacionfm.cl\/?p=62105' aria-hidden='false' data-av_icon='\ue8fc' data-av_iconfont='entypo-fontello' title='' data-avia-related-tooltip='Compartir en LinkedIn' rel=\"noopener\"><span class='avia_hidden_link_text'>Compartir en LinkedIn<\/span><\/a><\/li><li class='av-share-link av-social-link-mail' ><a  aria-label=\"Compartir por correo\" href='mailto:?subject=Agrupaci%C3%B3n%20Feria%20Palafitos%20de%20Puerto%20Ays%C3%A9n%20busca%20mejorar%20ventas%20y%20fortalecer%20capacidades%20con%20apoyo%20del%20FOSIS&#038;body=https:\/\/radiorevelacionfm.cl\/?p=62105' aria-hidden='false' data-av_icon='\ue805' data-av_iconfont='entypo-fontello' title='' data-avia-related-tooltip='Compartir por correo'><span class='avia_hidden_link_text'>Compartir por correo<\/span><\/a><\/li><\/ul><\/div><\/div>\n<div  style='height:50px' class='hr hr-invisible   avia-builder-el-8  el_after_av_social_share  el_before_av_comments_list '><span class='hr-inner ' ><span class='hr-inner-style'><\/span><\/span><\/div>\n<div  class='av-buildercomment  av-blog-meta-html-info-disabled av-blog-meta-tag-disabled  '><\/div>\n","protected":false},"excerpt":{"rendered":"","protected":false},"author":1,"featured_media":62106,"comment_status":"closed","ping_status":"closed","sticky":false,"template":"","format":"standard","meta":{"footnotes":""},"categories":[38],"tags":[],"class_list":["post-62105","post","type-post","status-publish","format-standard","has-post-thumbnail","hentry","category-regional"],"jetpack_featured_media_url":"https:\/\/radiorevelacionfm.cl\/wp-content\/uploads\/2025\/12\/1eg-palafitos-aysen-1_optimized-1.jpeg","_links":{"self":[{"href":"https:\/\/radiorevelacionfm.cl\/index.php?rest_route=\/wp\/v2\/posts\/62105","targetHints":{"allow":["GET"]}}],"collection":[{"href":"https:\/\/radiorevelacionfm.cl\/index.php?rest_route=\/wp\/v2\/posts"}],"about":[{"href":"https:\/\/radiorevelacionfm.cl\/index.php?rest_route=\/wp\/v2\/types\/post"}],"author":[{"embeddable":true,"href":"https:\/\/radiorevelacionfm.cl\/index.php?rest_route=\/wp\/v2\/users\/1"}],"replies":[{"embeddable":true,"href":"https:\/\/radiorevelacionfm.cl\/index.php?rest_route=%2Fwp%2Fv2%2Fcomments&post=62105"}],"version-history":[{"count":2,"href":"https:\/\/radiorevelacionfm.cl\/index.php?rest_route=\/wp\/v2\/posts\/62105\/revisions"}],"predecessor-version":[{"id":62122,"href":"https:\/\/radiorevelacionfm.cl\/index.php?rest_route=\/wp\/v2\/posts\/62105\/revisions\/62122"}],"wp:featuredmedia":[{"embeddable":true,"href":"https:\/\/radiorevelacionfm.cl\/index.php?rest_route=\/wp\/v2\/media\/62106"}],"wp:attachment":[{"href":"https:\/\/radiorevelacionfm.cl\/index.php?rest_route=%2Fwp%2Fv2%2Fmedia&parent=62105"}],"wp:term":[{"taxonomy":"category","embeddable":true,"href":"https:\/\/radiorevelacionfm.cl\/index.php?rest_route=%2Fwp%2Fv2%2Fcategories&post=62105"},{"taxonomy":"post_tag","embeddable":true,"href":"https:\/\/radiorevelacionfm.cl\/index.php?rest_route=%2Fwp%2Fv2%2Ftags&post=62105"}],"curies":[{"name":"wp","href":"https:\/\/api.w.org\/{rel}","templated":true}]}}