{"id":62101,"date":"2025-12-03T17:14:03","date_gmt":"2025-12-03T20:14:03","guid":{"rendered":"https:\/\/radiorevelacionfm.cl\/?p=62101"},"modified":"2025-12-03T17:14:03","modified_gmt":"2025-12-03T20:14:03","slug":"uaysen-certifico-a-funcionarios-municipales-tras-completar-programa-formulacion-y-gestion-de-proyectos","status":"publish","type":"post","link":"https:\/\/radiorevelacionfm.cl\/?p=62101","title":{"rendered":"UAys\u00e9n certific\u00f3 a funcionarios municipales tras completar programa \u201cFormulaci\u00f3n y Gesti\u00f3n de Proyectos\u201d"},"content":{"rendered":"<div class=\"flex_column av_one_full  flex_column_div av-zero-column-padding first  avia-builder-el-0  el_before_av_one_full  avia-builder-el-first  \" style='border-radius:0px; '><div  class='avia-image-container  av-styling-    avia-builder-el-1  avia-builder-el-no-sibling  avia-align-center '  itemprop=\"image\" itemscope=\"itemscope\" itemtype=\"https:\/\/schema.org\/ImageObject\"  ><div class='avia-image-container-inner'><div class='avia-image-overlay-wrap'><img decoding=\"async\" class='wp-image-62102 avia-img-lazy-loading-not-62102 avia_image' src=\"https:\/\/radiorevelacionfm.cl\/wp-content\/uploads\/2025\/12\/dsc03775_optimized.jpg\" alt='' title='dsc03775_optimized' height=\"600\" width=\"1067\"  itemprop=\"thumbnailUrl\" srcset=\"https:\/\/radiorevelacionfm.cl\/wp-content\/uploads\/2025\/12\/dsc03775_optimized.jpg 1067w, https:\/\/radiorevelacionfm.cl\/wp-content\/uploads\/2025\/12\/dsc03775_optimized-300x169.jpg 300w, https:\/\/radiorevelacionfm.cl\/wp-content\/uploads\/2025\/12\/dsc03775_optimized-1030x579.jpg 1030w, https:\/\/radiorevelacionfm.cl\/wp-content\/uploads\/2025\/12\/dsc03775_optimized-768x432.jpg 768w, https:\/\/radiorevelacionfm.cl\/wp-content\/uploads\/2025\/12\/dsc03775_optimized-705x396.jpg 705w, https:\/\/radiorevelacionfm.cl\/wp-content\/uploads\/2025\/12\/dsc03775_optimized-450x253.jpg 450w, https:\/\/radiorevelacionfm.cl\/wp-content\/uploads\/2025\/12\/dsc03775_optimized-600x337.jpg 600w\" sizes=\"(max-width: 1067px) 100vw, 1067px\" \/><\/div><\/div><\/div><\/div><div class=\"flex_column av_one_full  flex_column_div av-zero-column-padding first  avia-builder-el-2  el_after_av_one_full  el_before_av_one_full  column-top-margin\" style='border-radius:0px; '><section class=\"av_textblock_section \"  itemscope=\"itemscope\" itemtype=\"https:\/\/schema.org\/BlogPosting\" itemprop=\"blogPost\" ><div class='avia_textblock  '   itemprop=\"text\" ><p style=\"text-align: center;\"><strong><span style=\"font-size: 18pt;\">UAys\u00e9n certific\u00f3 a funcionarios municipales tras completar programa \u201cFormulaci\u00f3n y Gesti\u00f3n de Proyectos\u201d<\/span><\/strong><\/p>\n<div id=\"gtx-trans\" style=\"position: absolute; left: -50px; top: 4.31534px;\">\n<div class=\"gtx-trans-icon\"><\/div>\n<\/div>\n<\/div><\/section><\/div><div class=\"flex_column av_one_full  flex_column_div av-zero-column-padding first  avia-builder-el-4  el_after_av_one_full  el_before_av_hr  column-top-margin\" style='border-radius:0px; '><section class=\"av_textblock_section \"  itemscope=\"itemscope\" itemtype=\"https:\/\/schema.org\/BlogPosting\" itemprop=\"blogPost\" ><div class='avia_textblock  '   itemprop=\"text\" ><p style=\"text-align: justify;\">La ceremonia marc\u00f3 el cierre de un proceso formativo que fortaleci\u00f3 las capacidades t\u00e9cnicas de 19 funcionarios municipales de toda la regi\u00f3n en el marco del programa del Centro de Asistencia T\u00e9cnica Universidad de Ays\u00e9n financiado por el Gobierno Regional.<\/p>\n<p style=\"text-align: justify;\">El Centro de Asistencia T\u00e9cnica de la Universidad de Ays\u00e9n (CAT UAys\u00e9n) realiz\u00f3 este martes la ceremonia de certificaci\u00f3n del programa \u201cFormulaci\u00f3n y Gesti\u00f3n de Proyectos\u201d, iniciativa financiada por el Gobierno Regional y que tiene como prop\u00f3sito fortalecer el trabajo de los equipos municipales de la regi\u00f3n responsables de la planificaci\u00f3n y la inversi\u00f3n p\u00fablica. La actividad se desarroll\u00f3 en el Sal\u00f3n MOP de Coyhaique y cont\u00f3 con la presencia de Gabriel N\u00fa\u00f1ez, Director General de V\u00ednculos UAys\u00e9n, Magdalena L\u00e9niz, Jefa de la Divisi\u00f3n de Presupuesto e Inversi\u00f3n Regional, funcionarios de la UAys\u00e9n y los estudiantes certificados.<\/p>\n<p style=\"text-align: justify;\">Los funcionarios certificados culminaron exitosamente un proceso formativo de 139 horas orientado a entregar herramientas t\u00e9cnicas para la formulaci\u00f3n, evaluaci\u00f3n y gesti\u00f3n de proyectos con pertinencia territorial. El programa nace frente a la baja cantidad de proyectos presentados por las comunas al Sistema Nacional de Inversiones y al Gobierno Regional, por lo que busca responder a los desaf\u00edos regionales de desarrollar carteras de proyectos m\u00e1s s\u00f3lidas, articuladas y ajustadas a las necesidades de cada territorio, en l\u00ednea con la pol\u00edtica de vinculaci\u00f3n con el medio de la Universidad.<\/p>\n<p style=\"text-align: justify;\">Gabriel N\u00fa\u00f1ez, Director General de V\u00ednculos, destac\u00f3 el sentido profundo que este programa ha ido tomando al interior de la Universidad y en su relaci\u00f3n con los territorios, subrayando que \u201cnos ha permitido entender y formular tambi\u00e9n toda una l\u00ednea de desarrollo nueva, que es la asistencia t\u00e9cnica, de la mano tambi\u00e9n con la educaci\u00f3n continua, que es un foco muy importante de nuestra pol\u00edtica y modelo de vinculaci\u00f3n con el medio tambi\u00e9n para nuestra universidad y sus perspectivas de crecimiento. Cerramos una jornada muy bonita, con la entrega de certificados con sus calificaciones y con una etapa tambi\u00e9n de retroalimentaci\u00f3n que nos va a permitir mejorar y mirar hacia el futuro con una perspectiva de calidad en lo que se refiere a formaci\u00f3n continua, asistencia t\u00e9cnica y la relaci\u00f3n con los municipios y el Gobierno Regional\u201d.<\/p>\n<p style=\"text-align: justify;\">Para Catalina Z\u00fa\u00f1iga, arquitecta del SECPLAC de Chile Chico, el programa signific\u00f3 un antes y un despu\u00e9s en su forma de comprender la formulaci\u00f3n de proyectos \u201cporque desde mi labor en la formulaci\u00f3n de proyectos no estaban como todas estas fases que pasamos en el programa. Hay muchos conceptos que yo no hab\u00eda revisado, que solo me dedicaba como a la l\u00ednea de arquitectura, y ahora tengo los conocimientos m\u00e1s extensos para poder desarrollar el proyecto desde un inicio hasta la postulaci\u00f3n\u201d.<\/p>\n<p style=\"text-align: justify;\">A su vez, Marcelo Prambs, secretario comunal de planificaci\u00f3n de la Municipalidad de Coyhaique, valor\u00f3 especialmente la diversidad de docentes, la modalidad del programa y las posibilidades reales de aplicar estos aprendizajes en su municipio, asegurando que \u201cse agradece que hayan sido diferentes profesores los que hayan tomado el contenido. Pudimos recoger las experiencias de varios de ellos en distintas partes del pa\u00eds. Se hizo a trav\u00e9s de la modalidad online, as\u00ed que eso nos permiti\u00f3 conocer otras realidades de otras regiones, lo que tambi\u00e9n incide en que nosotros podamos aplicar la experiencia que tienen ellos en los proyectos que hoy d\u00eda nosotros llevamos en nuestro municipio\u201d. Por otro lado, agreg\u00f3 que uno de los aportes m\u00e1s importantes del programa es \u201cayudarnos en la gesti\u00f3n. Hay muchas cosas en las que los proyectos quedan atrapados, por m\u00e1s que nada, por desconocimiento. Pero hoy d\u00eda, con los contenidos del programa y con los ejemplos que trabajamos durante el proceso, que fue bastante largo, de abril a noviembre, pudimos abarcar casi todas las instancias que lleva la formulaci\u00f3n de un proyecto\u201d.<\/p>\n<p style=\"text-align: justify;\">La capacitaci\u00f3n profundiz\u00f3 en los mecanismos de inversi\u00f3n y financiamiento del Gobierno Regional de Ays\u00e9n, revisando criterios del Fondo Nacional de Desarrollo Regional (FNDR), etapas del Sistema Nacional de Inversiones y los requisitos t\u00e9cnicos necesarios para priorizar iniciativas en los procesos regionales. Adem\u00e1s, los participantes trabajaron con ejercicios aplicados vinculados a casos reales, elaborando perfiles y carpetas t\u00e9cnicas que respond\u00edan a las necesidades de sus propias comunas. Este enfoque pr\u00e1ctico permiti\u00f3 fortalecer la capacidad de los municipios para preparar proyectos estrat\u00e9gicos con mayor consistencia t\u00e9cnica y mejorar sus posibilidades de avanzar en los circuitos formales de financiamiento regional y nacional.<\/p>\n<\/div><\/section><\/div><div  style='height:50px' class='hr hr-invisible   avia-builder-el-6  el_after_av_one_full  el_before_av_social_share '><span class='hr-inner ' ><span class='hr-inner-style'><\/span><\/span><\/div><\/p>\n<div  class='av-social-sharing-box  avia-builder-el-7  el_after_av_hr  el_before_av_hr  '><div class='av-share-box'><h5 class='av-share-link-description av-no-toc '>Compartir esta noticia<\/h5><ul class='av-share-box-list noLightbox'><li class='av-share-link av-social-link-facebook' ><a target=\"_blank\" aria-label=\"Compartir en Facebook\" href='https:\/\/www.facebook.com\/sharer.php?u=https:\/\/radiorevelacionfm.cl\/?p=62101&#038;t=UAys%C3%A9n%20certific%C3%B3%20a%20funcionarios%20municipales%20tras%20completar%20programa%20%E2%80%9CFormulaci%C3%B3n%20y%20Gesti%C3%B3n%20de%20Proyectos%E2%80%9D' aria-hidden='false' data-av_icon='\ue8f3' data-av_iconfont='entypo-fontello' title='' data-avia-related-tooltip='Compartir en Facebook' rel=\"noopener\"><span class='avia_hidden_link_text'>Compartir en Facebook<\/span><\/a><\/li><li class='av-share-link av-social-link-twitter' ><a target=\"_blank\" aria-label=\"Compartir en Twitter\" href='https:\/\/twitter.com\/share?text=UAys%C3%A9n%20certific%C3%B3%20a%20funcionarios%20municipales%20tras%20completar%20programa%20%E2%80%9CFormulaci%C3%B3n%20y%20Gesti%C3%B3n%20de%20Proyectos%E2%80%9D&#038;url=https:\/\/radiorevelacionfm.cl\/?p=62101' aria-hidden='false' data-av_icon='\ue8f1' data-av_iconfont='entypo-fontello' title='' data-avia-related-tooltip='Compartir en Twitter' rel=\"noopener\"><span class='avia_hidden_link_text'>Compartir en Twitter<\/span><\/a><\/li><li class='av-share-link av-social-link-whatsapp' ><a target=\"_blank\" aria-label=\"Compartir en Whatsapp\" href='https:\/\/api.whatsapp.com\/send?text=https:\/\/radiorevelacionfm.cl\/?p=62101' aria-hidden='false' data-av_icon='\uf232' data-av_iconfont='entypo-fontello' title='' data-avia-related-tooltip='Compartir en Whatsapp' rel=\"noopener\"><span class='avia_hidden_link_text'>Compartir en Whatsapp<\/span><\/a><\/li><li class='av-share-link av-social-link-linkedin' ><a target=\"_blank\" aria-label=\"Compartir en LinkedIn\" href='https:\/\/linkedin.com\/shareArticle?mini=true&#038;title=UAys%C3%A9n%20certific%C3%B3%20a%20funcionarios%20municipales%20tras%20completar%20programa%20%E2%80%9CFormulaci%C3%B3n%20y%20Gesti%C3%B3n%20de%20Proyectos%E2%80%9D&#038;url=https:\/\/radiorevelacionfm.cl\/?p=62101' aria-hidden='false' data-av_icon='\ue8fc' data-av_iconfont='entypo-fontello' title='' data-avia-related-tooltip='Compartir en LinkedIn' rel=\"noopener\"><span class='avia_hidden_link_text'>Compartir en LinkedIn<\/span><\/a><\/li><li class='av-share-link av-social-link-mail' ><a  aria-label=\"Compartir por correo\" href='mailto:?subject=UAys%C3%A9n%20certific%C3%B3%20a%20funcionarios%20municipales%20tras%20completar%20programa%20%E2%80%9CFormulaci%C3%B3n%20y%20Gesti%C3%B3n%20de%20Proyectos%E2%80%9D&#038;body=https:\/\/radiorevelacionfm.cl\/?p=62101' aria-hidden='false' data-av_icon='\ue805' data-av_iconfont='entypo-fontello' title='' data-avia-related-tooltip='Compartir por correo'><span class='avia_hidden_link_text'>Compartir por correo<\/span><\/a><\/li><\/ul><\/div><\/div>\n<div  style='height:50px' class='hr hr-invisible   avia-builder-el-8  el_after_av_social_share  el_before_av_comments_list '><span class='hr-inner ' ><span class='hr-inner-style'><\/span><\/span><\/div>\n<div  class='av-buildercomment  av-blog-meta-html-info-disabled av-blog-meta-tag-disabled  '><\/div>\n","protected":false},"excerpt":{"rendered":"","protected":false},"author":1,"featured_media":62102,"comment_status":"closed","ping_status":"closed","sticky":false,"template":"","format":"standard","meta":{"footnotes":""},"categories":[49],"tags":[],"class_list":["post-62101","post","type-post","status-publish","format-standard","has-post-thumbnail","hentry","category-educacion"],"jetpack_featured_media_url":"https:\/\/radiorevelacionfm.cl\/wp-content\/uploads\/2025\/12\/dsc03775_optimized.jpg","_links":{"self":[{"href":"https:\/\/radiorevelacionfm.cl\/index.php?rest_route=\/wp\/v2\/posts\/62101","targetHints":{"allow":["GET"]}}],"collection":[{"href":"https:\/\/radiorevelacionfm.cl\/index.php?rest_route=\/wp\/v2\/posts"}],"about":[{"href":"https:\/\/radiorevelacionfm.cl\/index.php?rest_route=\/wp\/v2\/types\/post"}],"author":[{"embeddable":true,"href":"https:\/\/radiorevelacionfm.cl\/index.php?rest_route=\/wp\/v2\/users\/1"}],"replies":[{"embeddable":true,"href":"https:\/\/radiorevelacionfm.cl\/index.php?rest_route=%2Fwp%2Fv2%2Fcomments&post=62101"}],"version-history":[{"count":2,"href":"https:\/\/radiorevelacionfm.cl\/index.php?rest_route=\/wp\/v2\/posts\/62101\/revisions"}],"predecessor-version":[{"id":62127,"href":"https:\/\/radiorevelacionfm.cl\/index.php?rest_route=\/wp\/v2\/posts\/62101\/revisions\/62127"}],"wp:featuredmedia":[{"embeddable":true,"href":"https:\/\/radiorevelacionfm.cl\/index.php?rest_route=\/wp\/v2\/media\/62102"}],"wp:attachment":[{"href":"https:\/\/radiorevelacionfm.cl\/index.php?rest_route=%2Fwp%2Fv2%2Fmedia&parent=62101"}],"wp:term":[{"taxonomy":"category","embeddable":true,"href":"https:\/\/radiorevelacionfm.cl\/index.php?rest_route=%2Fwp%2Fv2%2Fcategories&post=62101"},{"taxonomy":"post_tag","embeddable":true,"href":"https:\/\/radiorevelacionfm.cl\/index.php?rest_route=%2Fwp%2Fv2%2Ftags&post=62101"}],"curies":[{"name":"wp","href":"https:\/\/api.w.org\/{rel}","templated":true}]}}