{"id":6209,"date":"2021-07-12T20:04:16","date_gmt":"2021-07-12T23:04:16","guid":{"rendered":"https:\/\/radiorevelacionfm.cl\/?p=6209"},"modified":"2021-07-12T20:04:16","modified_gmt":"2021-07-12T23:04:16","slug":"intendencia-de-aysen-se-prepara-para-el-cambio-institucional-a-delegacion-presidencial","status":"publish","type":"post","link":"https:\/\/radiorevelacionfm.cl\/?p=6209","title":{"rendered":"Intendencia de Ays\u00e9n se prepara para el cambio institucional a Delegaci\u00f3n Presidencial"},"content":{"rendered":"<div class=\"flex_column av_one_full  flex_column_div av-zero-column-padding first  avia-builder-el-0  el_before_av_one_full  avia-builder-el-first  \" style='border-radius:0px; '><div  class='avia-image-container  av-styling-    avia-builder-el-1  avia-builder-el-no-sibling  avia-align-center '  itemprop=\"image\" itemscope=\"itemscope\" itemtype=\"https:\/\/schema.org\/ImageObject\"  ><div class='avia-image-container-inner'><div class='avia-image-overlay-wrap'><img decoding=\"async\" class='wp-image-0 avia-img-lazy-loading-not-0 avia_image' src=\"https:\/\/radiorevelacionfm.cl\/wp-content\/uploads\/2021\/07\/FOTO-cambio-institucional-1-1-1.jpg\" alt='' title=''   itemprop=\"thumbnailUrl\"  \/><\/div><\/div><\/div><\/div><div class=\"flex_column av_one_full  flex_column_div av-zero-column-padding first  avia-builder-el-2  el_after_av_one_full  el_before_av_one_full  column-top-margin\" style='border-radius:0px; '><section class=\"av_textblock_section \"  itemscope=\"itemscope\" itemtype=\"https:\/\/schema.org\/BlogPosting\" itemprop=\"blogPost\" ><div class='avia_textblock  '   itemprop=\"text\" ><p style=\"text-align: center;\"><strong><span style=\"font-size: 18pt;\">Intendencia de Ays\u00e9n se prepara para el cambio institucional a Delegaci\u00f3n Presidencial<\/span><\/strong><\/p>\n<div id=\"gtx-trans\" style=\"position: absolute; left: -50px; top: 4.31534px;\">\n<div class=\"gtx-trans-icon\"><\/div>\n<\/div>\n<\/div><\/section><\/div><div class=\"flex_column av_one_full  flex_column_div av-zero-column-padding first  avia-builder-el-4  el_after_av_one_full  el_before_av_hr  column-top-margin\" style='border-radius:0px; '><section class=\"av_textblock_section \"  itemscope=\"itemscope\" itemtype=\"https:\/\/schema.org\/BlogPosting\" itemprop=\"blogPost\" ><div class='avia_textblock  '   itemprop=\"text\" ><p style=\"font-weight: 400; text-align: justify;\">Cada lunes, la Intendenta de la Regi\u00f3n de Ays\u00e9n, Margarita Ossa Rojas, sostiene su reuni\u00f3n de gabinete junto a los Secretarios Regionales Ministeriales de cada cartera, para abordar los avances del Gobierno en diversas materias \u2013entre ellas de conectividad y desarrollo regional\u2013. Sin embargo, el inicio de esta semana fue particular debido a que el mi\u00e9rcoles se produce el t\u00e9rmino de las Intendencias para dar origen a la nueva instituci\u00f3n: la Delegaci\u00f3n Presidencial.<\/p>\n<p style=\"font-weight: 400; text-align: justify;\">\u201cComo ha dicho el Presidente Sebasti\u00e1n Pi\u00f1era, este proceso que vamos a vivir es hist\u00f3rico y responde en avanzar en materia de descentralizaci\u00f3n y regionalizaci\u00f3n a nivel nacional, cuyo mecanismo se consagr\u00f3 en la Reforma Constitucional aprobada en 2017. Ah\u00ed se dispuso la elecci\u00f3n popular del \u00f3rgano ejecutivo del Gobierno Regional y, con ello, la separaci\u00f3n de las funciones que dan origen a la nueva institucionalidad llamada Delegaci\u00f3n Presidencial; cuyo accionar del delegado regional ser\u00e1 ejercer el Gobierno Interior de cada regi\u00f3n del pa\u00eds, adem\u00e1s de ser el representante del Presidente de la Rep\u00fablica\u201d,\u00a0detall\u00f3 la Intendenta Margarita Ossa Rojas.<\/p>\n<p style=\"font-weight: 400; text-align: justify;\">Las funciones espec\u00edficas que tendr\u00e1 la nueva autoridad ser\u00e1n: la coordinaci\u00f3n, supervigilancia o fiscalizaci\u00f3n de los servicios p\u00fablicos regionales y provinciales, que dependan o se relacionen con el Presidente de la Rep\u00fablica a trav\u00e9s de un ministerio. Tambi\u00e9n, le compete velar por la tranquilidad, orden p\u00fablico y resguardo de las personas y bienes; donde podr\u00e1 requerir el auxilio de la fuerza p\u00fablica en el territorio de su jurisdicci\u00f3n, en conformidad a la ley.<\/p>\n<p style=\"font-weight: 400; text-align: justify;\">\u201cA contar del mi\u00e9rcoles, la Intendencia y la Gobernaci\u00f3n Provincial de Coyhaique pasar\u00e1n a ser un solo organismo, denominado Delegaci\u00f3n Presidencial Regional, \u00f3rgano descentralizado que contar\u00e1 con Delegaciones Presidenciales Provinciales en los territorios de Capit\u00e1n Prat, General Carrera y Ays\u00e9n que seguir\u00e1n trabajando de la misma forma, con el mismo compromiso y profesionalismo de todos nuestros funcionarios para entregar la mejor atenci\u00f3n a nuestros vecinos\u201d, explic\u00f3 la m\u00e1xima autoridad regional.<\/p>\n<p style=\"font-weight: 400; text-align: justify;\">Cabe destacar que la ceremonia de t\u00e9rmino de las funciones de la Intendenta Regional se llevar\u00e1 a cabo este martes \u2013en el frontis de la instituci\u00f3n\u2013, instancia que adem\u00e1s se reconocer\u00e1 el trabajo que han realizado los funcionarios que cumplen 10 o m\u00e1s a\u00f1os de servicios.<\/p>\n<\/div><\/section><\/div><div  style='height:50px' class='hr hr-invisible   avia-builder-el-6  el_after_av_one_full  el_before_av_social_share '><span class='hr-inner ' ><span class='hr-inner-style'><\/span><\/span><\/div><\/p>\n<div  class='av-social-sharing-box  avia-builder-el-7  el_after_av_hr  el_before_av_hr  '><div class='av-share-box'><h5 class='av-share-link-description av-no-toc '>Compartir esta noticia<\/h5><ul class='av-share-box-list noLightbox'><li class='av-share-link av-social-link-facebook' ><a target=\"_blank\" aria-label=\"Compartir en Facebook\" href='https:\/\/www.facebook.com\/sharer.php?u=https:\/\/radiorevelacionfm.cl\/?p=6209&#038;t=Intendencia%20de%20Ays%C3%A9n%20se%20prepara%20para%20el%20cambio%20institucional%20a%20Delegaci%C3%B3n%20Presidencial' aria-hidden='false' data-av_icon='\ue8f3' data-av_iconfont='entypo-fontello' title='' data-avia-related-tooltip='Compartir en Facebook' rel=\"noopener\"><span class='avia_hidden_link_text'>Compartir en Facebook<\/span><\/a><\/li><li class='av-share-link av-social-link-twitter' ><a target=\"_blank\" aria-label=\"Compartir en Twitter\" href='https:\/\/twitter.com\/share?text=Intendencia%20de%20Ays%C3%A9n%20se%20prepara%20para%20el%20cambio%20institucional%20a%20Delegaci%C3%B3n%20Presidencial&#038;url=https:\/\/radiorevelacionfm.cl\/?p=6209' aria-hidden='false' data-av_icon='\ue8f1' data-av_iconfont='entypo-fontello' title='' data-avia-related-tooltip='Compartir en Twitter' rel=\"noopener\"><span class='avia_hidden_link_text'>Compartir en Twitter<\/span><\/a><\/li><li class='av-share-link av-social-link-whatsapp' ><a target=\"_blank\" aria-label=\"Compartir en Whatsapp\" href='https:\/\/api.whatsapp.com\/send?text=https:\/\/radiorevelacionfm.cl\/?p=6209' aria-hidden='false' data-av_icon='\uf232' data-av_iconfont='entypo-fontello' title='' data-avia-related-tooltip='Compartir en Whatsapp' rel=\"noopener\"><span class='avia_hidden_link_text'>Compartir en Whatsapp<\/span><\/a><\/li><li class='av-share-link av-social-link-linkedin' ><a target=\"_blank\" aria-label=\"Compartir en LinkedIn\" href='https:\/\/linkedin.com\/shareArticle?mini=true&#038;title=Intendencia%20de%20Ays%C3%A9n%20se%20prepara%20para%20el%20cambio%20institucional%20a%20Delegaci%C3%B3n%20Presidencial&#038;url=https:\/\/radiorevelacionfm.cl\/?p=6209' aria-hidden='false' data-av_icon='\ue8fc' data-av_iconfont='entypo-fontello' title='' data-avia-related-tooltip='Compartir en LinkedIn' rel=\"noopener\"><span class='avia_hidden_link_text'>Compartir en LinkedIn<\/span><\/a><\/li><li class='av-share-link av-social-link-mail' ><a  aria-label=\"Compartir por correo\" href='mailto:?subject=Intendencia%20de%20Ays%C3%A9n%20se%20prepara%20para%20el%20cambio%20institucional%20a%20Delegaci%C3%B3n%20Presidencial&#038;body=https:\/\/radiorevelacionfm.cl\/?p=6209' aria-hidden='false' data-av_icon='\ue805' data-av_iconfont='entypo-fontello' title='' data-avia-related-tooltip='Compartir por correo'><span class='avia_hidden_link_text'>Compartir por correo<\/span><\/a><\/li><\/ul><\/div><\/div>\n<div  style='height:50px' class='hr hr-invisible   avia-builder-el-8  el_after_av_social_share  el_before_av_comments_list '><span class='hr-inner ' ><span class='hr-inner-style'><\/span><\/span><\/div>\n<div  class='av-buildercomment  av-blog-meta-html-info-disabled av-blog-meta-tag-disabled  '><\/div>\n","protected":false},"excerpt":{"rendered":"","protected":false},"author":1,"featured_media":0,"comment_status":"open","ping_status":"open","sticky":false,"template":"","format":"standard","meta":{"footnotes":""},"categories":[38],"tags":[],"class_list":["post-6209","post","type-post","status-publish","format-standard","hentry","category-regional"],"jetpack_featured_media_url":"","_links":{"self":[{"href":"https:\/\/radiorevelacionfm.cl\/index.php?rest_route=\/wp\/v2\/posts\/6209","targetHints":{"allow":["GET"]}}],"collection":[{"href":"https:\/\/radiorevelacionfm.cl\/index.php?rest_route=\/wp\/v2\/posts"}],"about":[{"href":"https:\/\/radiorevelacionfm.cl\/index.php?rest_route=\/wp\/v2\/types\/post"}],"author":[{"embeddable":true,"href":"https:\/\/radiorevelacionfm.cl\/index.php?rest_route=\/wp\/v2\/users\/1"}],"replies":[{"embeddable":true,"href":"https:\/\/radiorevelacionfm.cl\/index.php?rest_route=%2Fwp%2Fv2%2Fcomments&post=6209"}],"version-history":[{"count":1,"href":"https:\/\/radiorevelacionfm.cl\/index.php?rest_route=\/wp\/v2\/posts\/6209\/revisions"}],"predecessor-version":[{"id":6211,"href":"https:\/\/radiorevelacionfm.cl\/index.php?rest_route=\/wp\/v2\/posts\/6209\/revisions\/6211"}],"wp:attachment":[{"href":"https:\/\/radiorevelacionfm.cl\/index.php?rest_route=%2Fwp%2Fv2%2Fmedia&parent=6209"}],"wp:term":[{"taxonomy":"category","embeddable":true,"href":"https:\/\/radiorevelacionfm.cl\/index.php?rest_route=%2Fwp%2Fv2%2Fcategories&post=6209"},{"taxonomy":"post_tag","embeddable":true,"href":"https:\/\/radiorevelacionfm.cl\/index.php?rest_route=%2Fwp%2Fv2%2Ftags&post=6209"}],"curies":[{"name":"wp","href":"https:\/\/api.w.org\/{rel}","templated":true}]}}