{"id":62086,"date":"2025-12-03T12:20:38","date_gmt":"2025-12-03T15:20:38","guid":{"rendered":"https:\/\/radiorevelacionfm.cl\/?p=62086"},"modified":"2025-12-03T12:20:38","modified_gmt":"2025-12-03T15:20:38","slug":"guardianes-del-clima-el-interescolar-ambiental-que-puso-a-las-ninas-ninos-y-jovenes-en-el-centro-de-la-accion-climatica","status":"publish","type":"post","link":"https:\/\/radiorevelacionfm.cl\/?p=62086","title":{"rendered":"Guardianes del Clima: El Interescolar Ambiental que puso a las ni\u00f1as, ni\u00f1os y j\u00f3venes en el centro de la acci\u00f3n clim\u00e1tica"},"content":{"rendered":"<div class=\"flex_column av_one_full  flex_column_div av-zero-column-padding first  avia-builder-el-0  el_before_av_one_full  avia-builder-el-first  \" style='border-radius:0px; '><div  class='avia-image-container  av-styling-    avia-builder-el-1  avia-builder-el-no-sibling  avia-align-center '  itemprop=\"image\" itemscope=\"itemscope\" itemtype=\"https:\/\/schema.org\/ImageObject\"  ><div class='avia-image-container-inner'><div class='avia-image-overlay-wrap'><img decoding=\"async\" class='wp-image-62087 avia-img-lazy-loading-not-62087 avia_image' src=\"https:\/\/radiorevelacionfm.cl\/wp-content\/uploads\/2025\/12\/img_9422-2-1_optimized-1.jpg\" alt='' title='img_9422-(2)-(1)_optimized (1)' height=\"600\" width=\"1067\"  itemprop=\"thumbnailUrl\" srcset=\"https:\/\/radiorevelacionfm.cl\/wp-content\/uploads\/2025\/12\/img_9422-2-1_optimized-1.jpg 1067w, https:\/\/radiorevelacionfm.cl\/wp-content\/uploads\/2025\/12\/img_9422-2-1_optimized-1-300x169.jpg 300w, https:\/\/radiorevelacionfm.cl\/wp-content\/uploads\/2025\/12\/img_9422-2-1_optimized-1-1030x579.jpg 1030w, https:\/\/radiorevelacionfm.cl\/wp-content\/uploads\/2025\/12\/img_9422-2-1_optimized-1-768x432.jpg 768w, https:\/\/radiorevelacionfm.cl\/wp-content\/uploads\/2025\/12\/img_9422-2-1_optimized-1-705x396.jpg 705w, https:\/\/radiorevelacionfm.cl\/wp-content\/uploads\/2025\/12\/img_9422-2-1_optimized-1-450x253.jpg 450w, https:\/\/radiorevelacionfm.cl\/wp-content\/uploads\/2025\/12\/img_9422-2-1_optimized-1-600x337.jpg 600w\" sizes=\"(max-width: 1067px) 100vw, 1067px\" \/><\/div><\/div><\/div><\/div><div class=\"flex_column av_one_full  flex_column_div av-zero-column-padding first  avia-builder-el-2  el_after_av_one_full  el_before_av_one_full  column-top-margin\" style='border-radius:0px; '><section class=\"av_textblock_section \"  itemscope=\"itemscope\" itemtype=\"https:\/\/schema.org\/BlogPosting\" itemprop=\"blogPost\" ><div class='avia_textblock  '   itemprop=\"text\" ><p style=\"text-align: center;\"><strong><span style=\"font-size: 18pt;\">Guardianes del Clima: El Interescolar Ambiental que puso a las ni\u00f1as, ni\u00f1os y j\u00f3venes en el centro de la acci\u00f3n clim\u00e1tica<\/span><\/strong><\/p>\n<div id=\"gtx-trans\" style=\"position: absolute; left: -50px; top: 4.31534px;\">\n<div class=\"gtx-trans-icon\"><\/div>\n<\/div>\n<\/div><\/section><\/div><div class=\"flex_column av_one_full  flex_column_div av-zero-column-padding first  avia-builder-el-4  el_after_av_one_full  el_before_av_hr  column-top-margin\" style='border-radius:0px; '><section class=\"av_textblock_section \"  itemscope=\"itemscope\" itemtype=\"https:\/\/schema.org\/BlogPosting\" itemprop=\"blogPost\" ><div class='avia_textblock  '   itemprop=\"text\" ><p style=\"text-align: justify;\">Este martes, el Museo Regional de Ays\u00e9n se convirti\u00f3 en un punto de encuentro para las comunidades escolares de Coyhaique, en el marco del Segundo Interescolar Ambiental: Guardianes del Clima, una jornada educativa organizada por la Seremi del Medio Ambiente con financiamiento del Gobierno Regional y su Consejo, a trav\u00e9s del 8% del FNDR.<\/p>\n<p style=\"text-align: justify;\">La actividad estuvo dirigida principalmente a los establecimientos educacionales que forman parte de la Red SNCAE, es decir, el conjunto de escuelas y liceos que participan activamente del Sistema Nacional de Certificaci\u00f3n Ambiental del Ministerio del Medio Ambiente, reforzando su compromiso con una educaci\u00f3n ambiental transformadora y territorialmente pertinente.<\/p>\n<p style=\"text-align: justify;\">Desde las 10:00 de la ma\u00f1ana y durante toda la jornada, el espacio se llen\u00f3 de colores, ideas y aprendizajes compartidos entre 13 establecimientos educacionales, 5 de ellos rurales, 14 docentes y 73 estudiantes desde tercero b\u00e1sico a tercero medio, todos unidos por un objetivo com\u00fan: enfrentar el cambio clim\u00e1tico desde la educaci\u00f3n, la creatividad y la acci\u00f3n colaborativa.<\/p>\n<p style=\"text-align: justify;\">\u201cEsta segunda versi\u00f3n del Interescolar Ambiental, organizada junto al Gobierno Regional y su Consejo, nos permiti\u00f3 trabajar con estudiantes en estaciones dedicadas al cambio clim\u00e1tico. Nuestro Plan de Acci\u00f3n Regional tiene cuatro ejes y en ellos estamos enfocando el trabajo con los estudiantes, quienes ser\u00e1n los futuros l\u00edderes que deber\u00e1n abordar la crisis clim\u00e1tica en la regi\u00f3n de Ays\u00e9n\u201d, se\u00f1al\u00f3 el, Seremi del Medio Ambiente, Yoal D\u00edaz.<\/p>\n<p style=\"text-align: justify;\">Esta iniciativa naci\u00f3 como una acci\u00f3n concreta frente a los impactos del cambio clim\u00e1tico en la Regi\u00f3n de Ays\u00e9n, y se enmarca directamente en el trabajo de la Red SNCAE, fortaleciendo el rol de los establecimientos certificados como agentes clave para movilizar a sus comunidades en torno a la sostenibilidad. La profesional de Educaci\u00f3n Ambiental de la Seremi del Medio Ambiente, Ana Vel\u00e1squez explic\u00f3 que la jornada tuvo como fin incorporar temas de cambio clim\u00e1tico dentro de la sala de clases en los distintos establecimientos educacionales de la comuna de Coyhaique, \u201crevisamos cuatro ejes del Plan Regional de Cambio Clim\u00e1tico a trav\u00e9s de estaciones donde los ni\u00f1os aprendieron de manera directa y experiencial. Adem\u00e1s, entregaremos a docentes material con r\u00fabricas listas para que puedan replicar esta actividad durante el a\u00f1o 2026. Es contenido did\u00e1ctico, entretenido, territorial y muy representativo del Plan Regional.\u201d<\/p>\n<p style=\"text-align: justify;\">La actividad destac\u00f3 la importancia de desarrollar habilidades como el liderazgo, la conciencia ecol\u00f3gica, el trabajo en equipo y la creatividad en ni\u00f1as, ni\u00f1os y adolescentes, consolidando el compromiso institucional con una educaci\u00f3n que transforma.<\/p>\n<p style=\"text-align: justify;\"><strong>Charlas, talleres y experiencias compartidas<\/strong><\/p>\n<p style=\"text-align: justify;\">Durante la jornada, se realizaron charlas tem\u00e1ticas, talleres interactivos, exposiciones y muestras de experiencias lideradas por los propios estudiantes, con el objetivo de generar conciencia, aclarar conceptos ambientales y promover cambios de h\u00e1bito sustentables.<\/p>\n<p style=\"text-align: justify;\">\u201cDesde temprana edad nuestros estudiantes deben formarse entendiendo la relaci\u00f3n entre la naturaleza y los conocimientos del aula. Lo que se aprende no puede estar disgregado: en la pizarra se ve esto, en el patio se ve esto otro. Debe ser una experiencia integrada\u201d, destac\u00f3 la Jefa Provincial de Educaci\u00f3n, Michele Grondona<\/p>\n<p style=\"text-align: justify;\">En este encuentro, quienes realmente brillaron fueron las y los estudiantes, quienes \u00a0participaron, lideraron, propusieron, crearon, observaron y ense\u00f1aron.<\/p>\n<p style=\"text-align: justify;\">El forjador ambiental, Le\u00f3n Barcel\u00f3, coment\u00f3, \u201cme pareci\u00f3 una buena experiencia. me encant\u00f3 estar aqu\u00ed. Nos contaron cosas que no sab\u00eda y aprendimos nuevas historias. Yo creo que deber\u00edan ser parte de los Forjadores porque es una actividad sana y saludable para el medio ambiente y para mi salud y de todos.\u201d, as\u00ed tambi\u00e9n la estudiante Ignacia Cruz expres\u00f3 que \u201cnosotros vivimos aqu\u00ed en la Tierra, \u00bfverdad? Entonces la Tierra nos cuida y nosotros cuidamos a la Tierra.\u201d<\/p>\n<p style=\"text-align: justify;\">La educaci\u00f3n ambiental se fortalece con las y los profesores que abren espacios, para facilitar el aprendizaje, desde el Liceo Francisco Javier Buti\u00f1\u00e1, la profesora encargada del proceso SNCAE, Alicia Cruz destac\u00f3 que dentro de sus l\u00edneas de acci\u00f3n est\u00e1 crear el grupo de Forjadores Ambientales, que comenzamos este a\u00f1o con 16 ni\u00f1os y ni\u00f1as muy motivados, \u201cnuestro colegio tiene como sello el cuidado de la creaci\u00f3n y la econom\u00eda de lo suficiente, por lo que participar en esta jornada de Cambio Clim\u00e1tico nos hace mucho sentido\u201d.<\/p>\n<p style=\"text-align: justify;\">El Segundo Interescolar Guardianes del Clima no fue solo una jornada formativa: fue una plataforma de encuentro entre generaciones, saberes, instituciones y territorios. Una oportunidad para mirar lo construido en materia ambiental, proyectar lo que a\u00fan se puede transformar y \u00a0tambi\u00e9n celebrar el\u00a0 trabajo que d\u00eda a d\u00eda realizan las escuelas de la Red SNCAE por un futuro m\u00e1s y sustentable.<\/p>\n<\/div><\/section><\/div><div  style='height:50px' class='hr hr-invisible   avia-builder-el-6  el_after_av_one_full  el_before_av_social_share '><span class='hr-inner ' ><span class='hr-inner-style'><\/span><\/span><\/div><\/p>\n<div  class='av-social-sharing-box  avia-builder-el-7  el_after_av_hr  el_before_av_hr  '><div class='av-share-box'><h5 class='av-share-link-description av-no-toc '>Compartir esta noticia<\/h5><ul class='av-share-box-list noLightbox'><li class='av-share-link av-social-link-facebook' ><a target=\"_blank\" aria-label=\"Compartir en Facebook\" href='https:\/\/www.facebook.com\/sharer.php?u=https:\/\/radiorevelacionfm.cl\/?p=62086&#038;t=Guardianes%20del%20Clima%3A%20El%20Interescolar%20Ambiental%20que%20puso%20a%20las%20ni%C3%B1as%2C%20ni%C3%B1os%20y%20j%C3%B3venes%20en%20el%20centro%20de%20la%20acci%C3%B3n%20clim%C3%A1tica' aria-hidden='false' data-av_icon='\ue8f3' data-av_iconfont='entypo-fontello' title='' data-avia-related-tooltip='Compartir en Facebook' rel=\"noopener\"><span class='avia_hidden_link_text'>Compartir en Facebook<\/span><\/a><\/li><li class='av-share-link av-social-link-twitter' ><a target=\"_blank\" aria-label=\"Compartir en Twitter\" href='https:\/\/twitter.com\/share?text=Guardianes%20del%20Clima%3A%20El%20Interescolar%20Ambiental%20que%20puso%20a%20las%20ni%C3%B1as%2C%20ni%C3%B1os%20y%20j%C3%B3venes%20en%20el%20centro%20de%20la%20acci%C3%B3n%20clim%C3%A1tica&#038;url=https:\/\/radiorevelacionfm.cl\/?p=62086' aria-hidden='false' data-av_icon='\ue8f1' data-av_iconfont='entypo-fontello' title='' data-avia-related-tooltip='Compartir en Twitter' rel=\"noopener\"><span class='avia_hidden_link_text'>Compartir en Twitter<\/span><\/a><\/li><li class='av-share-link av-social-link-whatsapp' ><a target=\"_blank\" aria-label=\"Compartir en Whatsapp\" href='https:\/\/api.whatsapp.com\/send?text=https:\/\/radiorevelacionfm.cl\/?p=62086' aria-hidden='false' data-av_icon='\uf232' data-av_iconfont='entypo-fontello' title='' data-avia-related-tooltip='Compartir en Whatsapp' rel=\"noopener\"><span class='avia_hidden_link_text'>Compartir en Whatsapp<\/span><\/a><\/li><li class='av-share-link av-social-link-linkedin' ><a target=\"_blank\" aria-label=\"Compartir en LinkedIn\" href='https:\/\/linkedin.com\/shareArticle?mini=true&#038;title=Guardianes%20del%20Clima%3A%20El%20Interescolar%20Ambiental%20que%20puso%20a%20las%20ni%C3%B1as%2C%20ni%C3%B1os%20y%20j%C3%B3venes%20en%20el%20centro%20de%20la%20acci%C3%B3n%20clim%C3%A1tica&#038;url=https:\/\/radiorevelacionfm.cl\/?p=62086' aria-hidden='false' data-av_icon='\ue8fc' data-av_iconfont='entypo-fontello' title='' data-avia-related-tooltip='Compartir en LinkedIn' rel=\"noopener\"><span class='avia_hidden_link_text'>Compartir en LinkedIn<\/span><\/a><\/li><li class='av-share-link av-social-link-mail' ><a  aria-label=\"Compartir por correo\" href='mailto:?subject=Guardianes%20del%20Clima%3A%20El%20Interescolar%20Ambiental%20que%20puso%20a%20las%20ni%C3%B1as%2C%20ni%C3%B1os%20y%20j%C3%B3venes%20en%20el%20centro%20de%20la%20acci%C3%B3n%20clim%C3%A1tica&#038;body=https:\/\/radiorevelacionfm.cl\/?p=62086' aria-hidden='false' data-av_icon='\ue805' data-av_iconfont='entypo-fontello' title='' data-avia-related-tooltip='Compartir por correo'><span class='avia_hidden_link_text'>Compartir por correo<\/span><\/a><\/li><\/ul><\/div><\/div>\n<div  style='height:50px' class='hr hr-invisible   avia-builder-el-8  el_after_av_social_share  el_before_av_comments_list '><span class='hr-inner ' ><span class='hr-inner-style'><\/span><\/span><\/div>\n<div  class='av-buildercomment  av-blog-meta-html-info-disabled av-blog-meta-tag-disabled  '><\/div>\n","protected":false},"excerpt":{"rendered":"","protected":false},"author":1,"featured_media":62087,"comment_status":"closed","ping_status":"closed","sticky":false,"template":"","format":"standard","meta":{"footnotes":""},"categories":[39],"tags":[],"class_list":["post-62086","post","type-post","status-publish","format-standard","has-post-thumbnail","hentry","category-medio-ambiente"],"jetpack_featured_media_url":"https:\/\/radiorevelacionfm.cl\/wp-content\/uploads\/2025\/12\/img_9422-2-1_optimized-1.jpg","_links":{"self":[{"href":"https:\/\/radiorevelacionfm.cl\/index.php?rest_route=\/wp\/v2\/posts\/62086","targetHints":{"allow":["GET"]}}],"collection":[{"href":"https:\/\/radiorevelacionfm.cl\/index.php?rest_route=\/wp\/v2\/posts"}],"about":[{"href":"https:\/\/radiorevelacionfm.cl\/index.php?rest_route=\/wp\/v2\/types\/post"}],"author":[{"embeddable":true,"href":"https:\/\/radiorevelacionfm.cl\/index.php?rest_route=\/wp\/v2\/users\/1"}],"replies":[{"embeddable":true,"href":"https:\/\/radiorevelacionfm.cl\/index.php?rest_route=%2Fwp%2Fv2%2Fcomments&post=62086"}],"version-history":[{"count":2,"href":"https:\/\/radiorevelacionfm.cl\/index.php?rest_route=\/wp\/v2\/posts\/62086\/revisions"}],"predecessor-version":[{"id":62104,"href":"https:\/\/radiorevelacionfm.cl\/index.php?rest_route=\/wp\/v2\/posts\/62086\/revisions\/62104"}],"wp:featuredmedia":[{"embeddable":true,"href":"https:\/\/radiorevelacionfm.cl\/index.php?rest_route=\/wp\/v2\/media\/62087"}],"wp:attachment":[{"href":"https:\/\/radiorevelacionfm.cl\/index.php?rest_route=%2Fwp%2Fv2%2Fmedia&parent=62086"}],"wp:term":[{"taxonomy":"category","embeddable":true,"href":"https:\/\/radiorevelacionfm.cl\/index.php?rest_route=%2Fwp%2Fv2%2Fcategories&post=62086"},{"taxonomy":"post_tag","embeddable":true,"href":"https:\/\/radiorevelacionfm.cl\/index.php?rest_route=%2Fwp%2Fv2%2Ftags&post=62086"}],"curies":[{"name":"wp","href":"https:\/\/api.w.org\/{rel}","templated":true}]}}