{"id":62081,"date":"2025-12-02T20:59:45","date_gmt":"2025-12-02T23:59:45","guid":{"rendered":"https:\/\/radiorevelacionfm.cl\/?p=62081"},"modified":"2025-12-02T20:59:45","modified_gmt":"2025-12-02T23:59:45","slug":"en-puerto-aysen-lanzan-programacion-especial-para-convertir-diciembre-en-el-mes-de-la-discapacidad","status":"publish","type":"post","link":"https:\/\/radiorevelacionfm.cl\/?p=62081","title":{"rendered":"En Puerto Ays\u00e9n lanzan programaci\u00f3n especial para convertir diciembre en el Mes de la Discapacidad"},"content":{"rendered":"<div class=\"flex_column av_one_full  flex_column_div av-zero-column-padding first  avia-builder-el-0  el_before_av_one_full  avia-builder-el-first  \" style='border-radius:0px; '><div  class='avia-image-container  av-styling-    avia-builder-el-1  avia-builder-el-no-sibling  avia-align-center '  itemprop=\"image\" itemscope=\"itemscope\" itemtype=\"https:\/\/schema.org\/ImageObject\"  ><div class='avia-image-container-inner'><div class='avia-image-overlay-wrap'><img decoding=\"async\" class='wp-image-62082 avia-img-lazy-loading-not-62082 avia_image' src=\"https:\/\/radiorevelacionfm.cl\/wp-content\/uploads\/2025\/12\/basquetbol-adaptado-1_optimized.jpg\" alt='' title='basquetbol-adaptado-(1)_optimized' height=\"600\" width=\"900\"  itemprop=\"thumbnailUrl\" srcset=\"https:\/\/radiorevelacionfm.cl\/wp-content\/uploads\/2025\/12\/basquetbol-adaptado-1_optimized.jpg 900w, https:\/\/radiorevelacionfm.cl\/wp-content\/uploads\/2025\/12\/basquetbol-adaptado-1_optimized-300x200.jpg 300w, https:\/\/radiorevelacionfm.cl\/wp-content\/uploads\/2025\/12\/basquetbol-adaptado-1_optimized-768x512.jpg 768w, https:\/\/radiorevelacionfm.cl\/wp-content\/uploads\/2025\/12\/basquetbol-adaptado-1_optimized-705x470.jpg 705w, https:\/\/radiorevelacionfm.cl\/wp-content\/uploads\/2025\/12\/basquetbol-adaptado-1_optimized-450x300.jpg 450w, https:\/\/radiorevelacionfm.cl\/wp-content\/uploads\/2025\/12\/basquetbol-adaptado-1_optimized-600x400.jpg 600w\" sizes=\"(max-width: 900px) 100vw, 900px\" \/><\/div><\/div><\/div><\/div><div class=\"flex_column av_one_full  flex_column_div av-zero-column-padding first  avia-builder-el-2  el_after_av_one_full  el_before_av_one_full  column-top-margin\" style='border-radius:0px; '><section class=\"av_textblock_section \"  itemscope=\"itemscope\" itemtype=\"https:\/\/schema.org\/BlogPosting\" itemprop=\"blogPost\" ><div class='avia_textblock  '   itemprop=\"text\" ><p style=\"text-align: center;\"><strong><span style=\"font-size: 18pt;\">En Puerto Ays\u00e9n lanzan programaci\u00f3n especial para convertir diciembre en el Mes de la Discapacidad <\/span><\/strong><\/p>\n<div id=\"gtx-trans\" style=\"position: absolute; left: -50px; top: 4.31534px;\">\n<div class=\"gtx-trans-icon\"><\/div>\n<\/div>\n<\/div><\/section><\/div><div class=\"flex_column av_one_full  flex_column_div av-zero-column-padding first  avia-builder-el-4  el_after_av_one_full  el_before_av_hr  column-top-margin\" style='border-radius:0px; '><section class=\"av_textblock_section \"  itemscope=\"itemscope\" itemtype=\"https:\/\/schema.org\/BlogPosting\" itemprop=\"blogPost\" ><div class='avia_textblock  '   itemprop=\"text\" ><p style=\"text-align: justify;\">Con el objetivo de promover la inclusi\u00f3n, sensibilizar a la comunidad y visibilizar los derechos de las personas con discapacidad, la Municipalidad de Ays\u00e9n, junto al Centro Rehabilita, la Escuela Despertar y diversas organizaciones locales, anunciaron una variada programaci\u00f3n de actividades que se desarrollar\u00e1n durante diciembre, en torno a la conmemoraci\u00f3n del D\u00eda Internacional de las Personas con Discapacidad (3 de diciembre).<\/p>\n<p style=\"text-align: justify;\">La iniciativa busca que este mes sea un espacio de encuentro, participaci\u00f3n comunitaria y reflexi\u00f3n colectiva respecto a la inclusi\u00f3n, con actividades culturales, deportivas, educativas y familiares abiertas a toda la ciudadan\u00eda.<\/p>\n<p style=\"text-align: justify;\">Pablo Arredondo, el encargado de la Oficina de la Discapacidad de la Municipalidad de Ays\u00e9n, comenta que \u201chacemos el llamado a que esta actividad la hacemos todos. Abarcamos desde lo cultural, lo deportivo y la toma de conciencia de lo que significa estar en el papel de una persona con discapacidad. Es por esto que, como municipio y desde la Oficina, hacemos el llamado a la participaci\u00f3n ciudadana, a que se integren en nuestras actividades y est\u00e9n atentas a nuestras redes sociales, que vamos a estar informando cada evento\u201d.<\/p>\n<p style=\"text-align: justify;\">Las actividades iniciaron el 2 de diciembre con un conversatorio organizado junto al Centro Rehabilita, que abord\u00f3 el concepto de inclusi\u00f3n y su importancia para el desarrollo comunitario.<\/p>\n<p style=\"text-align: justify;\">El d\u00eda 3 de diciembre se realizar\u00e1 la actividad \u201cPonte en Mi Lugar\u201d, ejercicio que permitir\u00e1 evaluar la accesibilidad en espacios p\u00fablicos, comparando el estado actual con registros audiovisuales de hace cinco a\u00f1os. Ese mismo d\u00eda, la comunidad ser\u00e1 parte del \u201cPasacalle Conmemorativo\u201d, a las 14:00 horas desde Paseo Mahuen hasta la Plaza de Armas, con muestras art\u00edsticas y participaci\u00f3n de escuelas, agrupaciones y organizaciones vinculadas a la tem\u00e1tica de la discapacidad.<\/p>\n<p style=\"text-align: justify;\">La semana culmina el 4 de diciembre con el Cierre Participativo de la Estrategia de Desarrollo Local Inclusiva (EDLI), donde se expondr\u00e1n avances y resultados del trabajo realizado durante el a\u00f1o.<\/p>\n<p style=\"text-align: justify;\">El 11 de diciembre se realizar\u00e1 la Mateada Familiar \u201cDerribando Mitos\u201d en el Centro Comunitario de Cuidados, instancia para fortalecer redes de apoyo entre familias y promover la convivencia, acompa\u00f1ada de una obra de t\u00edteres con tem\u00e1tica inclusiva desde las 15:30 horas.<\/p>\n<p style=\"text-align: justify;\">Posteriormente, el 15 de diciembre se llevar\u00e1 a cabo la Campa\u00f1a de Ayudas T\u00e9cnicas en la Plaza de Armas, actividad solidaria destinada a reunir implementos como sillas de ruedas, bastones y andadores, con el fin de mejorar la autonom\u00eda y calidad de vida de las personas con discapacidad de la comuna.<\/p>\n<p style=\"text-align: justify;\"><span style=\"font-size: 12pt;\">El alcalde Luis Mart\u00ednez hizo \u00e9nfasis en esta importante campa\u00f1a para personas que no pueden adquirir estas tan necesarias ayudas t\u00e9cnicas, \u201cqueremos invitarlos a una gran acci\u00f3n que organiza nuestra Oficina de la Discapacidad junto al Centro Rehabilita. Vamos a estar recibiendo ayudas t\u00e9cnicas que tenga usted en su casa, como bastones, sillas de ruedas y diferentes apoyos que son para las personas que est\u00e1n en situaci\u00f3n de discapacidad. Por eso este 15 de diciembre los esperamos a las entre las 15:00 y las 18:00 horas en el Ode\u00f3n de la Plaza, para que estos esenciales elementos vuelvan a servirle a quien lo necesite\u201d.<\/span><\/p>\n<p style=\"text-align: justify;\">El 19 de diciembre, en el Polideportivo 21 de Abril desde las 10:00 horas, se realizar\u00e1 la Jornada Deportiva Adaptada, que incluir\u00e1 una introducci\u00f3n te\u00f3rica y talleres pr\u00e1cticos de Boccia, Baloncesto Adaptado y Goalball, promoviendo el deporte como herramienta de desarrollo integral y participaci\u00f3n.<\/p>\n<p style=\"text-align: justify;\">Finalmente, el 20 de diciembre, la Casa de la Cultura ser\u00e1 escenario de la Muestra Cultural Inclusiva, donde se presentar\u00e1n los trabajos desarrollados en los talleres de danza y teatro de la Oficina de Discapacidad, junto a exhibiciones art\u00edsticas y una funci\u00f3n de t\u00edteres, celebrando el talento y la integraci\u00f3n comunitaria.<\/p>\n<p style=\"text-align: justify;\">La Municipalidad de Ays\u00e9n invit\u00f3 a toda la comunidad a participar activamente en estas actividades, destacando que la inclusi\u00f3n es un compromiso colectivo y permanente. La programaci\u00f3n completa del Mes de la Discapacidad est\u00e1 disponible en las redes sociales oficiales del municipio.<\/p>\n<\/div><\/section><\/div><div  style='height:50px' class='hr hr-invisible   avia-builder-el-6  el_after_av_one_full  el_before_av_social_share '><span class='hr-inner ' ><span class='hr-inner-style'><\/span><\/span><\/div><\/p>\n<div  class='av-social-sharing-box  avia-builder-el-7  el_after_av_hr  el_before_av_hr  '><div class='av-share-box'><h5 class='av-share-link-description av-no-toc '>Compartir esta noticia<\/h5><ul class='av-share-box-list noLightbox'><li class='av-share-link av-social-link-facebook' ><a target=\"_blank\" aria-label=\"Compartir en Facebook\" href='https:\/\/www.facebook.com\/sharer.php?u=https:\/\/radiorevelacionfm.cl\/?p=62081&#038;t=En%20Puerto%20Ays%C3%A9n%20lanzan%20programaci%C3%B3n%20especial%20para%20convertir%20diciembre%20en%20el%20Mes%20de%20la%20Discapacidad' aria-hidden='false' data-av_icon='\ue8f3' data-av_iconfont='entypo-fontello' title='' data-avia-related-tooltip='Compartir en Facebook' rel=\"noopener\"><span class='avia_hidden_link_text'>Compartir en Facebook<\/span><\/a><\/li><li class='av-share-link av-social-link-twitter' ><a target=\"_blank\" aria-label=\"Compartir en Twitter\" href='https:\/\/twitter.com\/share?text=En%20Puerto%20Ays%C3%A9n%20lanzan%20programaci%C3%B3n%20especial%20para%20convertir%20diciembre%20en%20el%20Mes%20de%20la%20Discapacidad&#038;url=https:\/\/radiorevelacionfm.cl\/?p=62081' aria-hidden='false' data-av_icon='\ue8f1' data-av_iconfont='entypo-fontello' title='' data-avia-related-tooltip='Compartir en Twitter' rel=\"noopener\"><span class='avia_hidden_link_text'>Compartir en Twitter<\/span><\/a><\/li><li class='av-share-link av-social-link-whatsapp' ><a target=\"_blank\" aria-label=\"Compartir en Whatsapp\" href='https:\/\/api.whatsapp.com\/send?text=https:\/\/radiorevelacionfm.cl\/?p=62081' aria-hidden='false' data-av_icon='\uf232' data-av_iconfont='entypo-fontello' title='' data-avia-related-tooltip='Compartir en Whatsapp' rel=\"noopener\"><span class='avia_hidden_link_text'>Compartir en Whatsapp<\/span><\/a><\/li><li class='av-share-link av-social-link-linkedin' ><a target=\"_blank\" aria-label=\"Compartir en LinkedIn\" href='https:\/\/linkedin.com\/shareArticle?mini=true&#038;title=En%20Puerto%20Ays%C3%A9n%20lanzan%20programaci%C3%B3n%20especial%20para%20convertir%20diciembre%20en%20el%20Mes%20de%20la%20Discapacidad&#038;url=https:\/\/radiorevelacionfm.cl\/?p=62081' aria-hidden='false' data-av_icon='\ue8fc' data-av_iconfont='entypo-fontello' title='' data-avia-related-tooltip='Compartir en LinkedIn' rel=\"noopener\"><span class='avia_hidden_link_text'>Compartir en LinkedIn<\/span><\/a><\/li><li class='av-share-link av-social-link-mail' ><a  aria-label=\"Compartir por correo\" href='mailto:?subject=En%20Puerto%20Ays%C3%A9n%20lanzan%20programaci%C3%B3n%20especial%20para%20convertir%20diciembre%20en%20el%20Mes%20de%20la%20Discapacidad&#038;body=https:\/\/radiorevelacionfm.cl\/?p=62081' aria-hidden='false' data-av_icon='\ue805' data-av_iconfont='entypo-fontello' title='' data-avia-related-tooltip='Compartir por correo'><span class='avia_hidden_link_text'>Compartir por correo<\/span><\/a><\/li><\/ul><\/div><\/div>\n<div  style='height:50px' class='hr hr-invisible   avia-builder-el-8  el_after_av_social_share  el_before_av_comments_list '><span class='hr-inner ' ><span class='hr-inner-style'><\/span><\/span><\/div>\n<div  class='av-buildercomment  av-blog-meta-html-info-disabled av-blog-meta-tag-disabled  '><\/div>\n","protected":false},"excerpt":{"rendered":"","protected":false},"author":1,"featured_media":62082,"comment_status":"closed","ping_status":"closed","sticky":false,"template":"","format":"standard","meta":{"footnotes":""},"categories":[38],"tags":[],"class_list":["post-62081","post","type-post","status-publish","format-standard","has-post-thumbnail","hentry","category-regional"],"jetpack_featured_media_url":"https:\/\/radiorevelacionfm.cl\/wp-content\/uploads\/2025\/12\/basquetbol-adaptado-1_optimized.jpg","_links":{"self":[{"href":"https:\/\/radiorevelacionfm.cl\/index.php?rest_route=\/wp\/v2\/posts\/62081","targetHints":{"allow":["GET"]}}],"collection":[{"href":"https:\/\/radiorevelacionfm.cl\/index.php?rest_route=\/wp\/v2\/posts"}],"about":[{"href":"https:\/\/radiorevelacionfm.cl\/index.php?rest_route=\/wp\/v2\/types\/post"}],"author":[{"embeddable":true,"href":"https:\/\/radiorevelacionfm.cl\/index.php?rest_route=\/wp\/v2\/users\/1"}],"replies":[{"embeddable":true,"href":"https:\/\/radiorevelacionfm.cl\/index.php?rest_route=%2Fwp%2Fv2%2Fcomments&post=62081"}],"version-history":[{"count":2,"href":"https:\/\/radiorevelacionfm.cl\/index.php?rest_route=\/wp\/v2\/posts\/62081\/revisions"}],"predecessor-version":[{"id":62095,"href":"https:\/\/radiorevelacionfm.cl\/index.php?rest_route=\/wp\/v2\/posts\/62081\/revisions\/62095"}],"wp:featuredmedia":[{"embeddable":true,"href":"https:\/\/radiorevelacionfm.cl\/index.php?rest_route=\/wp\/v2\/media\/62082"}],"wp:attachment":[{"href":"https:\/\/radiorevelacionfm.cl\/index.php?rest_route=%2Fwp%2Fv2%2Fmedia&parent=62081"}],"wp:term":[{"taxonomy":"category","embeddable":true,"href":"https:\/\/radiorevelacionfm.cl\/index.php?rest_route=%2Fwp%2Fv2%2Fcategories&post=62081"},{"taxonomy":"post_tag","embeddable":true,"href":"https:\/\/radiorevelacionfm.cl\/index.php?rest_route=%2Fwp%2Fv2%2Ftags&post=62081"}],"curies":[{"name":"wp","href":"https:\/\/api.w.org\/{rel}","templated":true}]}}