{"id":62077,"date":"2025-12-02T18:14:39","date_gmt":"2025-12-02T21:14:39","guid":{"rendered":"https:\/\/radiorevelacionfm.cl\/?p=62077"},"modified":"2025-12-02T18:14:39","modified_gmt":"2025-12-02T21:14:39","slug":"conaf-informa-cierre-definitivo-del-acceso-frontal-al-glaciar-exploradores-para-resguardar-la-seguridad-de-visitantes","status":"publish","type":"post","link":"https:\/\/radiorevelacionfm.cl\/?p=62077","title":{"rendered":"CONAF informa cierre definitivo del acceso frontal al Glaciar Exploradores para resguardar la seguridad de visitantes"},"content":{"rendered":"<div class=\"flex_column av_one_full  flex_column_div av-zero-column-padding first  avia-builder-el-0  el_before_av_one_full  avia-builder-el-first  \" style='border-radius:0px; '><div  class='avia-image-container  av-styling-    avia-builder-el-1  avia-builder-el-no-sibling  avia-align-center '  itemprop=\"image\" itemscope=\"itemscope\" itemtype=\"https:\/\/schema.org\/ImageObject\"  ><div class='avia-image-container-inner'><div class='avia-image-overlay-wrap'><img decoding=\"async\" class='wp-image-62078 avia-img-lazy-loading-not-62078 avia_image' src=\"https:\/\/radiorevelacionfm.cl\/wp-content\/uploads\/2025\/12\/glaciar-2_optimized.jpg\" alt='' title='glaciar-(2)_optimized' height=\"600\" width=\"1067\"  itemprop=\"thumbnailUrl\" srcset=\"https:\/\/radiorevelacionfm.cl\/wp-content\/uploads\/2025\/12\/glaciar-2_optimized.jpg 1067w, https:\/\/radiorevelacionfm.cl\/wp-content\/uploads\/2025\/12\/glaciar-2_optimized-300x169.jpg 300w, https:\/\/radiorevelacionfm.cl\/wp-content\/uploads\/2025\/12\/glaciar-2_optimized-1030x579.jpg 1030w, https:\/\/radiorevelacionfm.cl\/wp-content\/uploads\/2025\/12\/glaciar-2_optimized-768x432.jpg 768w, https:\/\/radiorevelacionfm.cl\/wp-content\/uploads\/2025\/12\/glaciar-2_optimized-705x396.jpg 705w, https:\/\/radiorevelacionfm.cl\/wp-content\/uploads\/2025\/12\/glaciar-2_optimized-450x253.jpg 450w, https:\/\/radiorevelacionfm.cl\/wp-content\/uploads\/2025\/12\/glaciar-2_optimized-600x337.jpg 600w\" sizes=\"(max-width: 1067px) 100vw, 1067px\" \/><\/div><\/div><\/div><\/div><div class=\"flex_column av_one_full  flex_column_div av-zero-column-padding first  avia-builder-el-2  el_after_av_one_full  el_before_av_one_full  column-top-margin\" style='border-radius:0px; '><section class=\"av_textblock_section \"  itemscope=\"itemscope\" itemtype=\"https:\/\/schema.org\/BlogPosting\" itemprop=\"blogPost\" ><div class='avia_textblock  '   itemprop=\"text\" ><p style=\"text-align: center;\"><strong><span style=\"font-size: 18pt;\">CONAF informa cierre definitivo del acceso frontal al glaciar Exploradores para resguardar la seguridad de visitantes<\/span><\/strong><\/p>\n<div id=\"gtx-trans\" style=\"position: absolute; left: -50px; top: 4.31534px;\">\n<div class=\"gtx-trans-icon\"><\/div>\n<\/div>\n<\/div><\/section><\/div><div class=\"flex_column av_one_full  flex_column_div av-zero-column-padding first  avia-builder-el-4  el_after_av_one_full  el_before_av_hr  column-top-margin\" style='border-radius:0px; '><section class=\"av_textblock_section \"  itemscope=\"itemscope\" itemtype=\"https:\/\/schema.org\/BlogPosting\" itemprop=\"blogPost\" ><div class='avia_textblock  '   itemprop=\"text\" ><p style=\"text-align: justify;\">La decisi\u00f3n se fundamenta en el informe \u201cMonitoreo y An\u00e1lisis Espacial en Glaciar Exploradores 2024-2025\u201d, elaborado por la Direcci\u00f3n General de Aguas. Dicho documento se\u00f1ala que el glaciar \u201cha experimentado en los \u00faltimos a\u00f1os cambios morfol\u00f3gicos significativos asociados a procesos de fractura y colapso del hielo\u201d.<\/p>\n<p style=\"text-align: justify;\">La Corporaci\u00f3n Nacional Forestal (CONAF), dependiente del Ministerio de Agricultura, informa que tras un an\u00e1lisis t\u00e9cnico actualizado del estado del glaciar Exploradores, ubicado en el Parque Nacional Laguna San Rafael, se determin\u00f3 no habilitar el acceso frontal al glaciar durante esta ni las pr\u00f3ximas temporadas. La medida obedece a la inestabilidad progresiva detectada en el sector, caracterizado por acumulaci\u00f3n de sedimentos y procesos din\u00e1micos propios del retroceso glaciar.<\/p>\n<p style=\"text-align: justify;\">La decisi\u00f3n se fundamenta en el informe \u201cMonitoreo y An\u00e1lisis Espacial en Glaciar Exploradores 2024-2025\u201d, elaborado por la Direcci\u00f3n General de Aguas (DGA), evacuado el 02 de octubre de 2025. Dicho documento se\u00f1ala que el glaciar \u201cha experimentado en los \u00faltimos a\u00f1os cambios morfol\u00f3gicos significativos asociados a procesos de fractura y colapso del hielo\u201d, por tanto no existe un escenario seguro que permita autorizar el tr\u00e1nsito de visitantes por la ruta frontal, debido al riesgo documentado de desprendimientos y otras formas de inestabilidad.<\/p>\n<p style=\"text-align: justify;\">En virtud del deber del Estado de proteger la vida e integridad de las personas, CONAF establece que esta medida es t\u00e9cnica, preventiva y definitiva, acorde con los principios preventivo y precautorio que gu\u00edan la gesti\u00f3n en \u00e1reas protegidas. Mantener la operaci\u00f3n en la zona frontal significar\u00eda exponer a visitantes y operadores tur\u00edsticos a riesgos incompatibles con los est\u00e1ndares de seguridad exigidos.<\/p>\n<p style=\"text-align: justify;\">Por esta raz\u00f3n, no se renovar\u00e1n ni se suscribir\u00e1n nuevos permisos ecotur\u00edsticos asociados a la ruta frontal del glaciar Exploradores.<\/p>\n<p style=\"text-align: justify;\"><strong>Situaci\u00f3n contractual<\/strong><\/p>\n<p style=\"text-align: justify;\">CONAF informar\u00e1 individualmente a cada operador tur\u00edstico mediante comunicaci\u00f3n oficial, indicando los procedimientos administrativos, plazos y pasos para la firma de los t\u00e9rminos de permisos.<\/p>\n<p style=\"text-align: justify;\"><strong>Continuidad de la oferta tur\u00edstica<\/strong><\/p>\n<p style=\"text-align: justify;\">Con el fin de mantener la actividad tur\u00edstica en condiciones seguras, CONAF ha definido que la \u00fanica operaci\u00f3n autorizada para esta temporada ser\u00e1 la correspondiente al sendero lateral existente, destinado a actividades de observaci\u00f3n, interpretaci\u00f3n ambiental y uso recreativo de bajo riesgo.<\/p>\n<p style=\"text-align: justify;\">La operaci\u00f3n de esta ruta podr\u00e1 desarrollarse mediante permiso ecotur\u00edstico, resguardando tanto la seguridad de los visitantes como la continuidad econ\u00f3mica local.<\/p>\n<p style=\"text-align: justify;\">Esta determinaci\u00f3n responde a una gesti\u00f3n responsable y coherente con la obligaci\u00f3n del Estado de proteger a las personas y el patrimonio natural. La evidencia t\u00e9cnica de la DGA es categ\u00f3rica respecto de la imposibilidad de habilitar el acceso frontal mientras persistan las actuales condiciones de inestabilidad.<\/p>\n<p style=\"text-align: justify;\">CONAF agradece la comprensi\u00f3n de la comunidad, operadores tur\u00edsticos y autoridades locales, y reitera su disposici\u00f3n para coordinar las acciones necesarias asociadas a la operaci\u00f3n permitida esta temporada.<\/p>\n<\/div><\/section><\/div><div  style='height:50px' class='hr hr-invisible   avia-builder-el-6  el_after_av_one_full  el_before_av_social_share '><span class='hr-inner ' ><span class='hr-inner-style'><\/span><\/span><\/div><\/p>\n<div  class='av-social-sharing-box  avia-builder-el-7  el_after_av_hr  el_before_av_hr  '><div class='av-share-box'><h5 class='av-share-link-description av-no-toc '>Compartir esta noticia<\/h5><ul class='av-share-box-list noLightbox'><li class='av-share-link av-social-link-facebook' ><a target=\"_blank\" aria-label=\"Compartir en Facebook\" href='https:\/\/www.facebook.com\/sharer.php?u=https:\/\/radiorevelacionfm.cl\/?p=62077&#038;t=CONAF%20informa%20cierre%20definitivo%20del%20acceso%20frontal%20al%20Glaciar%20Exploradores%20para%20resguardar%20la%20seguridad%20de%20visitantes' aria-hidden='false' data-av_icon='\ue8f3' data-av_iconfont='entypo-fontello' title='' data-avia-related-tooltip='Compartir en Facebook' rel=\"noopener\"><span class='avia_hidden_link_text'>Compartir en Facebook<\/span><\/a><\/li><li class='av-share-link av-social-link-twitter' ><a target=\"_blank\" aria-label=\"Compartir en Twitter\" href='https:\/\/twitter.com\/share?text=CONAF%20informa%20cierre%20definitivo%20del%20acceso%20frontal%20al%20Glaciar%20Exploradores%20para%20resguardar%20la%20seguridad%20de%20visitantes&#038;url=https:\/\/radiorevelacionfm.cl\/?p=62077' aria-hidden='false' data-av_icon='\ue8f1' data-av_iconfont='entypo-fontello' title='' data-avia-related-tooltip='Compartir en Twitter' rel=\"noopener\"><span class='avia_hidden_link_text'>Compartir en Twitter<\/span><\/a><\/li><li class='av-share-link av-social-link-whatsapp' ><a target=\"_blank\" aria-label=\"Compartir en Whatsapp\" href='https:\/\/api.whatsapp.com\/send?text=https:\/\/radiorevelacionfm.cl\/?p=62077' aria-hidden='false' data-av_icon='\uf232' data-av_iconfont='entypo-fontello' title='' data-avia-related-tooltip='Compartir en Whatsapp' rel=\"noopener\"><span class='avia_hidden_link_text'>Compartir en Whatsapp<\/span><\/a><\/li><li class='av-share-link av-social-link-linkedin' ><a target=\"_blank\" aria-label=\"Compartir en LinkedIn\" href='https:\/\/linkedin.com\/shareArticle?mini=true&#038;title=CONAF%20informa%20cierre%20definitivo%20del%20acceso%20frontal%20al%20Glaciar%20Exploradores%20para%20resguardar%20la%20seguridad%20de%20visitantes&#038;url=https:\/\/radiorevelacionfm.cl\/?p=62077' aria-hidden='false' data-av_icon='\ue8fc' data-av_iconfont='entypo-fontello' title='' data-avia-related-tooltip='Compartir en LinkedIn' rel=\"noopener\"><span class='avia_hidden_link_text'>Compartir en LinkedIn<\/span><\/a><\/li><li class='av-share-link av-social-link-mail' ><a  aria-label=\"Compartir por correo\" href='mailto:?subject=CONAF%20informa%20cierre%20definitivo%20del%20acceso%20frontal%20al%20Glaciar%20Exploradores%20para%20resguardar%20la%20seguridad%20de%20visitantes&#038;body=https:\/\/radiorevelacionfm.cl\/?p=62077' aria-hidden='false' data-av_icon='\ue805' data-av_iconfont='entypo-fontello' title='' data-avia-related-tooltip='Compartir por correo'><span class='avia_hidden_link_text'>Compartir por correo<\/span><\/a><\/li><\/ul><\/div><\/div>\n<div  style='height:50px' class='hr hr-invisible   avia-builder-el-8  el_after_av_social_share  el_before_av_comments_list '><span class='hr-inner ' ><span class='hr-inner-style'><\/span><\/span><\/div>\n<div  class='av-buildercomment  av-blog-meta-html-info-disabled av-blog-meta-tag-disabled  '><\/div>\n","protected":false},"excerpt":{"rendered":"","protected":false},"author":1,"featured_media":62078,"comment_status":"closed","ping_status":"closed","sticky":false,"template":"","format":"standard","meta":{"footnotes":""},"categories":[38],"tags":[],"class_list":["post-62077","post","type-post","status-publish","format-standard","has-post-thumbnail","hentry","category-regional"],"jetpack_featured_media_url":"https:\/\/radiorevelacionfm.cl\/wp-content\/uploads\/2025\/12\/glaciar-2_optimized.jpg","_links":{"self":[{"href":"https:\/\/radiorevelacionfm.cl\/index.php?rest_route=\/wp\/v2\/posts\/62077","targetHints":{"allow":["GET"]}}],"collection":[{"href":"https:\/\/radiorevelacionfm.cl\/index.php?rest_route=\/wp\/v2\/posts"}],"about":[{"href":"https:\/\/radiorevelacionfm.cl\/index.php?rest_route=\/wp\/v2\/types\/post"}],"author":[{"embeddable":true,"href":"https:\/\/radiorevelacionfm.cl\/index.php?rest_route=\/wp\/v2\/users\/1"}],"replies":[{"embeddable":true,"href":"https:\/\/radiorevelacionfm.cl\/index.php?rest_route=%2Fwp%2Fv2%2Fcomments&post=62077"}],"version-history":[{"count":2,"href":"https:\/\/radiorevelacionfm.cl\/index.php?rest_route=\/wp\/v2\/posts\/62077\/revisions"}],"predecessor-version":[{"id":62080,"href":"https:\/\/radiorevelacionfm.cl\/index.php?rest_route=\/wp\/v2\/posts\/62077\/revisions\/62080"}],"wp:featuredmedia":[{"embeddable":true,"href":"https:\/\/radiorevelacionfm.cl\/index.php?rest_route=\/wp\/v2\/media\/62078"}],"wp:attachment":[{"href":"https:\/\/radiorevelacionfm.cl\/index.php?rest_route=%2Fwp%2Fv2%2Fmedia&parent=62077"}],"wp:term":[{"taxonomy":"category","embeddable":true,"href":"https:\/\/radiorevelacionfm.cl\/index.php?rest_route=%2Fwp%2Fv2%2Fcategories&post=62077"},{"taxonomy":"post_tag","embeddable":true,"href":"https:\/\/radiorevelacionfm.cl\/index.php?rest_route=%2Fwp%2Fv2%2Ftags&post=62077"}],"curies":[{"name":"wp","href":"https:\/\/api.w.org\/{rel}","templated":true}]}}