{"id":62073,"date":"2025-12-02T18:30:23","date_gmt":"2025-12-02T21:30:23","guid":{"rendered":"https:\/\/radiorevelacionfm.cl\/?p=62073"},"modified":"2025-12-02T20:35:08","modified_gmt":"2025-12-02T23:35:08","slug":"campus-patagonia-entrego-titulos-a-nuevos-tecnicos-y-profesionales-de-la-universidad-austral-de-chile-en-la-region-de-aysen","status":"publish","type":"post","link":"https:\/\/radiorevelacionfm.cl\/?p=62073","title":{"rendered":"Campus Patagonia entreg\u00f3 70 t\u00edtulos a nuevos t\u00e9cnicos y profesionales de la Universidad Austral de Chile en la Regi\u00f3n de Ays\u00e9n"},"content":{"rendered":"<div class=\"flex_column av_one_full  flex_column_div av-zero-column-padding first  avia-builder-el-0  el_before_av_one_full  avia-builder-el-first  \" style='border-radius:0px; '><div  class='avia-image-container  av-styling-    avia-builder-el-1  avia-builder-el-no-sibling  avia-align-center '  itemprop=\"image\" itemscope=\"itemscope\" itemtype=\"https:\/\/schema.org\/ImageObject\"  ><div class='avia-image-container-inner'><div class='avia-image-overlay-wrap'><img decoding=\"async\" class='wp-image-62074 avia-img-lazy-loading-not-62074 avia_image' src=\"https:\/\/radiorevelacionfm.cl\/wp-content\/uploads\/2025\/12\/titulacion9-1_optimized.jpeg\" alt='' title='titulacion9-(1)_optimized' height=\"600\" width=\"800\"  itemprop=\"thumbnailUrl\" srcset=\"https:\/\/radiorevelacionfm.cl\/wp-content\/uploads\/2025\/12\/titulacion9-1_optimized.jpeg 800w, https:\/\/radiorevelacionfm.cl\/wp-content\/uploads\/2025\/12\/titulacion9-1_optimized-300x225.jpeg 300w, https:\/\/radiorevelacionfm.cl\/wp-content\/uploads\/2025\/12\/titulacion9-1_optimized-768x576.jpeg 768w, https:\/\/radiorevelacionfm.cl\/wp-content\/uploads\/2025\/12\/titulacion9-1_optimized-705x529.jpeg 705w, https:\/\/radiorevelacionfm.cl\/wp-content\/uploads\/2025\/12\/titulacion9-1_optimized-450x338.jpeg 450w, https:\/\/radiorevelacionfm.cl\/wp-content\/uploads\/2025\/12\/titulacion9-1_optimized-600x450.jpeg 600w\" sizes=\"(max-width: 800px) 100vw, 800px\" \/><\/div><\/div><\/div><\/div>\n<div class=\"flex_column av_one_full  flex_column_div av-zero-column-padding first  avia-builder-el-2  el_after_av_one_full  el_before_av_one_full  column-top-margin\" style='border-radius:0px; '><section class=\"av_textblock_section \"  itemscope=\"itemscope\" itemtype=\"https:\/\/schema.org\/BlogPosting\" itemprop=\"blogPost\" ><div class='avia_textblock  '   itemprop=\"text\" ><p style=\"text-align: center;\"><strong><span style=\"font-size: 18pt;\">Campus Patagonia entreg\u00f3 70 t\u00edtulos a nuevos t\u00e9cnicos y profesionales de la Universidad Austral de Chile en la Regi\u00f3n de Ays\u00e9n<\/span><\/strong><\/p>\n<div id=\"gtx-trans\" style=\"position: absolute; left: -50px; top: 4.31534px;\">\n<div class=\"gtx-trans-icon\"><\/div>\n<\/div>\n<\/div><\/section><\/div><div class=\"flex_column av_one_full  flex_column_div av-zero-column-padding first  avia-builder-el-4  el_after_av_one_full  el_before_av_hr  column-top-margin\" style='border-radius:0px; '><section class=\"av_textblock_section \"  itemscope=\"itemscope\" itemtype=\"https:\/\/schema.org\/BlogPosting\" itemprop=\"blogPost\" ><div class='avia_textblock  '   itemprop=\"text\" ><ul>\n<li style=\"text-align: justify;\"><em>Acompa\u00f1ados por sus familiares, amigos y docentes, las y los nuevos titulados de la Universidad Austral de Chile, se mostraron felices por este logro, lo que les permitir\u00e1 enfrentar el mundo laboral con un t\u00edtulo de una de las m\u00e1s prestigiosas universidades del pa\u00eds.<\/em><\/li>\n<\/ul>\n<p style=\"text-align: justify;\">Con la asistencia de 70 estudiantes egresados, se realiz\u00f3 la Ceremonia de Titulaci\u00f3n de la Escuela de Formaci\u00f3n T\u00e9cnica Universitaria y de la Escuela de Pedagog\u00eda en Educaci\u00f3n B\u00e1sica con menciones del Campus Patagonia UACh, en dependencias del Centro Cultural Coyhaique.<\/p>\n<p style=\"text-align: justify;\">En compa\u00f1\u00eda de las principales autoridades de la regi\u00f3n, la comunidad universitaria, familiares y amigos, se realiz\u00f3 la ceremonia que representa el t\u00e9rmino de la formaci\u00f3n acad\u00e9mica de las y los titulados, dando paso al inicio de su vida laboral, como profesionales de una instituci\u00f3n con 71 a\u00f1os de trayectoria y que ha contribuido al \u00a0desarrollo del conocimiento a trav\u00e9s del enfoque de sus carreras, proyectos y programas.<\/p>\n<p style=\"text-align: justify;\">El director del Campus Patagonia, Prof. Juan Carlos Miranda destac\u00f3 la importancia de esta ceremonia para cada una y uno de los egresados: \u201cUstedes han sido formados en esta universidad y lo que esperamos ahora, es que imbuidos de sus conocimientos disciplinares, de una formaci\u00f3n humanista, \u00e9tica y val\u00f3rica, desarrolladas transversalmente, pongan en pr\u00e1ctica estos saberes y aptitudes que son parte de nuestro curr\u00edculum formativo, independientemente de la especialidad que hayan estudiado. Me refiero a las competencias sello que gu\u00edan nuestro modelo educativo. Como es el compromiso socio cultural y la formaci\u00f3n \u00e9tica y cr\u00edtica de nuestros estudiantes\u201d.<\/p>\n<p style=\"text-align: justify;\">Asimismo, el profesor Miranda agreg\u00f3: \u201cMantengan su compromiso con la libertad y el respeto por la diversidad, tal como lo hace nuestra universidad en todos los \u00e1mbitos, siendo \u00e9ste uno de los principios fundamentales, para contribuir al desarrollo de una sociedad m\u00e1s justa y democr\u00e1tica. Les invito a que aprovechen todas sus capacidades, para destacarse como profesionales de nuestro Campus, sean aut\u00f3nomos y reflexivos con sus decisiones en sus distintos roles y funciones. Act\u00faen con responsabilidad social y demuestren compromiso con el medio sociocultural en el que est\u00e1n insertos\u201d.<\/p>\n<p style=\"text-align: justify;\">Es a\u00f1o recibieron sus t\u00edtulos egresados de las carreras T\u00e9cnico Universitario en Mantenimiento Industrial, en Salmonicultura, en Administraci\u00f3n Contable y Financiera, en Turismo de Naturaleza, en Producci\u00f3n Agropecuaria, en Construcci\u00f3n y Obras Civiles, Asistente Ejecutivo y de Gesti\u00f3n y Pedagog\u00eda en Educaci\u00f3n B\u00e1sica con menciones, Ingenier\u00eda de Ejecuci\u00f3n en Producci\u00f3n Agropecuaria, Administraci\u00f3n en Turismo de Naturaleza e Ingenier\u00eda en Administraci\u00f3n de Empresas.<\/p>\n<p style=\"text-align: justify;\">Junto con la entrega de t\u00edtulos se distingui\u00f3, adem\u00e1s, a las y los estudiantes que obtuvieron los mejores promedios de cada Escuela y a quienes han representado los valores que definen el Sello UACh, que este a\u00f1o recay\u00f3 en Leslie Mac-Kay de la Escuela de Pedagog\u00eda en Educaci\u00f3n B\u00e1sica y Enedina Fuentes de la Escuela de Formaci\u00f3n T\u00e9cnica Universitaria, quien valor\u00f3 esta distinci\u00f3n: \u201cEste reconocimiento representa la fuerza que nace cuando uno se levanta incluso sin tener las condiciones, cuando se avanza aunque el camino se haga cuesta arriba, cuando los sue\u00f1os se sostienen con m\u00e1s coraz\u00f3n que recursos. Ser Alumna Sello, para m\u00ed, es la resiliencia, la confirmaci\u00f3n de la perseverancia, la disciplina y la fe en una misma\u201d.<\/p>\n<p style=\"text-align: justify;\">Durante la actividad, tambi\u00e9n se consider\u00f3 un momento de m\u00fasica, a cargo de la profesora de la Escuela de Pedagog\u00eda en Educaci\u00f3n B\u00e1sica y una de las m\u00e1s destacadas violonchelistas del pa\u00eds, Prof. Magdalena Rosas Ossa, quien junto a uno de sus estudiantes interpret\u00f3 algunas piezas cl\u00e1sicas que deleitaron a los asistentes.<\/p>\n<\/div><\/section><\/div><\/p>\n<div  style='height:50px' class='hr hr-invisible   avia-builder-el-6  el_after_av_one_full  el_before_av_social_share '><span class='hr-inner ' ><span class='hr-inner-style'><\/span><\/span><\/div>\n<div  class='av-social-sharing-box  avia-builder-el-7  el_after_av_hr  el_before_av_hr  '><div class='av-share-box'><h5 class='av-share-link-description av-no-toc '>Compartir esta noticia<\/h5><ul class='av-share-box-list noLightbox'><li class='av-share-link av-social-link-facebook' ><a target=\"_blank\" aria-label=\"Compartir en Facebook\" href='https:\/\/www.facebook.com\/sharer.php?u=https:\/\/radiorevelacionfm.cl\/?p=62073&#038;t=Campus%20Patagonia%20entreg%C3%B3%2070%20t%C3%ADtulos%20a%20nuevos%20t%C3%A9cnicos%20y%20profesionales%20de%20la%20Universidad%20Austral%20de%20Chile%20en%20la%20Regi%C3%B3n%20de%20Ays%C3%A9n' aria-hidden='false' data-av_icon='\ue8f3' data-av_iconfont='entypo-fontello' title='' data-avia-related-tooltip='Compartir en Facebook' rel=\"noopener\"><span class='avia_hidden_link_text'>Compartir en Facebook<\/span><\/a><\/li><li class='av-share-link av-social-link-twitter' ><a target=\"_blank\" aria-label=\"Compartir en Twitter\" href='https:\/\/twitter.com\/share?text=Campus%20Patagonia%20entreg%C3%B3%2070%20t%C3%ADtulos%20a%20nuevos%20t%C3%A9cnicos%20y%20profesionales%20de%20la%20Universidad%20Austral%20de%20Chile%20en%20la%20Regi%C3%B3n%20de%20Ays%C3%A9n&#038;url=https:\/\/radiorevelacionfm.cl\/?p=62073' aria-hidden='false' data-av_icon='\ue8f1' data-av_iconfont='entypo-fontello' title='' data-avia-related-tooltip='Compartir en Twitter' rel=\"noopener\"><span class='avia_hidden_link_text'>Compartir en Twitter<\/span><\/a><\/li><li class='av-share-link av-social-link-whatsapp' ><a target=\"_blank\" aria-label=\"Compartir en Whatsapp\" href='https:\/\/api.whatsapp.com\/send?text=https:\/\/radiorevelacionfm.cl\/?p=62073' aria-hidden='false' data-av_icon='\uf232' data-av_iconfont='entypo-fontello' title='' data-avia-related-tooltip='Compartir en Whatsapp' rel=\"noopener\"><span class='avia_hidden_link_text'>Compartir en Whatsapp<\/span><\/a><\/li><li class='av-share-link av-social-link-linkedin' ><a target=\"_blank\" aria-label=\"Compartir en LinkedIn\" href='https:\/\/linkedin.com\/shareArticle?mini=true&#038;title=Campus%20Patagonia%20entreg%C3%B3%2070%20t%C3%ADtulos%20a%20nuevos%20t%C3%A9cnicos%20y%20profesionales%20de%20la%20Universidad%20Austral%20de%20Chile%20en%20la%20Regi%C3%B3n%20de%20Ays%C3%A9n&#038;url=https:\/\/radiorevelacionfm.cl\/?p=62073' aria-hidden='false' data-av_icon='\ue8fc' data-av_iconfont='entypo-fontello' title='' data-avia-related-tooltip='Compartir en LinkedIn' rel=\"noopener\"><span class='avia_hidden_link_text'>Compartir en LinkedIn<\/span><\/a><\/li><li class='av-share-link av-social-link-mail' ><a  aria-label=\"Compartir por correo\" href='mailto:?subject=Campus%20Patagonia%20entreg%C3%B3%2070%20t%C3%ADtulos%20a%20nuevos%20t%C3%A9cnicos%20y%20profesionales%20de%20la%20Universidad%20Austral%20de%20Chile%20en%20la%20Regi%C3%B3n%20de%20Ays%C3%A9n&#038;body=https:\/\/radiorevelacionfm.cl\/?p=62073' aria-hidden='false' data-av_icon='\ue805' data-av_iconfont='entypo-fontello' title='' data-avia-related-tooltip='Compartir por correo'><span class='avia_hidden_link_text'>Compartir por correo<\/span><\/a><\/li><\/ul><\/div><\/div>\n<div  style='height:50px' class='hr hr-invisible   avia-builder-el-8  el_after_av_social_share  el_before_av_comments_list '><span class='hr-inner ' ><span class='hr-inner-style'><\/span><\/span><\/div>\n<div  class='av-buildercomment  av-blog-meta-html-info-disabled av-blog-meta-tag-disabled  '><\/div>\n","protected":false},"excerpt":{"rendered":"","protected":false},"author":1,"featured_media":62074,"comment_status":"closed","ping_status":"closed","sticky":false,"template":"","format":"standard","meta":{"footnotes":""},"categories":[49],"tags":[],"class_list":["post-62073","post","type-post","status-publish","format-standard","has-post-thumbnail","hentry","category-educacion"],"jetpack_featured_media_url":"https:\/\/radiorevelacionfm.cl\/wp-content\/uploads\/2025\/12\/titulacion9-1_optimized.jpeg","_links":{"self":[{"href":"https:\/\/radiorevelacionfm.cl\/index.php?rest_route=\/wp\/v2\/posts\/62073","targetHints":{"allow":["GET"]}}],"collection":[{"href":"https:\/\/radiorevelacionfm.cl\/index.php?rest_route=\/wp\/v2\/posts"}],"about":[{"href":"https:\/\/radiorevelacionfm.cl\/index.php?rest_route=\/wp\/v2\/types\/post"}],"author":[{"embeddable":true,"href":"https:\/\/radiorevelacionfm.cl\/index.php?rest_route=\/wp\/v2\/users\/1"}],"replies":[{"embeddable":true,"href":"https:\/\/radiorevelacionfm.cl\/index.php?rest_route=%2Fwp%2Fv2%2Fcomments&post=62073"}],"version-history":[{"count":3,"href":"https:\/\/radiorevelacionfm.cl\/index.php?rest_route=\/wp\/v2\/posts\/62073\/revisions"}],"predecessor-version":[{"id":62093,"href":"https:\/\/radiorevelacionfm.cl\/index.php?rest_route=\/wp\/v2\/posts\/62073\/revisions\/62093"}],"wp:featuredmedia":[{"embeddable":true,"href":"https:\/\/radiorevelacionfm.cl\/index.php?rest_route=\/wp\/v2\/media\/62074"}],"wp:attachment":[{"href":"https:\/\/radiorevelacionfm.cl\/index.php?rest_route=%2Fwp%2Fv2%2Fmedia&parent=62073"}],"wp:term":[{"taxonomy":"category","embeddable":true,"href":"https:\/\/radiorevelacionfm.cl\/index.php?rest_route=%2Fwp%2Fv2%2Fcategories&post=62073"},{"taxonomy":"post_tag","embeddable":true,"href":"https:\/\/radiorevelacionfm.cl\/index.php?rest_route=%2Fwp%2Fv2%2Ftags&post=62073"}],"curies":[{"name":"wp","href":"https:\/\/api.w.org\/{rel}","templated":true}]}}