{"id":62069,"date":"2025-12-02T18:58:32","date_gmt":"2025-12-02T21:58:32","guid":{"rendered":"https:\/\/radiorevelacionfm.cl\/?p=62069"},"modified":"2025-12-02T18:58:32","modified_gmt":"2025-12-02T21:58:32","slug":"sernatur-aysen-presenta-nueva-version-de-planifica-tu-viaje-por-la-carretera-austral-puerta-de-entrada-digital-al-destino-aysen-patagonia","status":"publish","type":"post","link":"https:\/\/radiorevelacionfm.cl\/?p=62069","title":{"rendered":"Sernatur Ays\u00e9n presenta nueva versi\u00f3n de \u201cPlanifica tu viaje por la Carretera Austral\u201d puerta de entrada digital al destino Ays\u00e9n Patagonia"},"content":{"rendered":"<div class=\"flex_column av_one_full  flex_column_div av-zero-column-padding first  avia-builder-el-0  el_before_av_one_full  avia-builder-el-first  \" style='border-radius:0px; '><div  class='avia-image-container  av-styling-    avia-builder-el-1  avia-builder-el-no-sibling  avia-align-center '  itemprop=\"image\" itemscope=\"itemscope\" itemtype=\"https:\/\/schema.org\/ImageObject\"  ><div class='avia-image-container-inner'><div class='avia-image-overlay-wrap'><img decoding=\"async\" class='wp-image-62070 avia-img-lazy-loading-not-62070 avia_image' src=\"https:\/\/radiorevelacionfm.cl\/wp-content\/uploads\/2025\/12\/planifica-03_optimized.jpg\" alt='' title='planifica-03_optimized' height=\"600\" width=\"1068\"  itemprop=\"thumbnailUrl\" srcset=\"https:\/\/radiorevelacionfm.cl\/wp-content\/uploads\/2025\/12\/planifica-03_optimized.jpg 1068w, https:\/\/radiorevelacionfm.cl\/wp-content\/uploads\/2025\/12\/planifica-03_optimized-300x169.jpg 300w, https:\/\/radiorevelacionfm.cl\/wp-content\/uploads\/2025\/12\/planifica-03_optimized-1030x579.jpg 1030w, https:\/\/radiorevelacionfm.cl\/wp-content\/uploads\/2025\/12\/planifica-03_optimized-768x431.jpg 768w, https:\/\/radiorevelacionfm.cl\/wp-content\/uploads\/2025\/12\/planifica-03_optimized-705x396.jpg 705w, https:\/\/radiorevelacionfm.cl\/wp-content\/uploads\/2025\/12\/planifica-03_optimized-450x253.jpg 450w, https:\/\/radiorevelacionfm.cl\/wp-content\/uploads\/2025\/12\/planifica-03_optimized-600x337.jpg 600w\" sizes=\"(max-width: 1068px) 100vw, 1068px\" \/><\/div><\/div><\/div><\/div><div class=\"flex_column av_one_full  flex_column_div av-zero-column-padding first  avia-builder-el-2  el_after_av_one_full  el_before_av_one_full  column-top-margin\" style='border-radius:0px; '><section class=\"av_textblock_section \"  itemscope=\"itemscope\" itemtype=\"https:\/\/schema.org\/BlogPosting\" itemprop=\"blogPost\" ><div class='avia_textblock  '   itemprop=\"text\" ><p style=\"text-align: center;\"><strong><span style=\"font-size: 18pt;\">Sernatur Ays\u00e9n presenta nueva versi\u00f3n de \u201cPlanifica tu viaje por la Carretera Austral\u201d puerta de entrada digital al destino Ays\u00e9n Patagonia\u00a0<\/span><\/strong><\/p>\n<div id=\"gtx-trans\" style=\"position: absolute; left: -50px; top: 4.31534px;\">\n<div class=\"gtx-trans-icon\"><\/div>\n<\/div>\n<\/div><\/section><\/div><div class=\"flex_column av_one_full  flex_column_div av-zero-column-padding first  avia-builder-el-4  el_after_av_one_full  el_before_av_hr  column-top-margin\" style='border-radius:0px; '><section class=\"av_textblock_section \"  itemscope=\"itemscope\" itemtype=\"https:\/\/schema.org\/BlogPosting\" itemprop=\"blogPost\" ><div class='avia_textblock  '   itemprop=\"text\" ><p style=\"text-align: justify;\"><em>La renovada plataforma digital centraliza informaci\u00f3n clave sobre rutas, servicios tur\u00edsticos y condiciones de la carretera para viajar de forma segura e informada por Ays\u00e9n Patagonia.\u00a0<\/em><\/p>\n<p style=\"text-align: justify;\">La iniciativa, financiada por el Gobierno Regional de Ays\u00e9n, busca mejorar la experiencia de turistas nacionales e internacionales y fortalecer la competitividad del destino Ays\u00e9n Patagonia.<\/p>\n<p style=\"text-align: justify;\">\u201cPlanifica tu viaje por Carretera Austral\u201d es la nueva invitaci\u00f3n de Sernatur Ays\u00e9n para que quienes visiten el destino Ays\u00e9n Patagonia organicen su experiencia de manera segura e informada. \u00a0As\u00ed lo dio a conocer la instituci\u00f3n regional en un punto de prensa realizado en el paseo Horn de la capital regional, instancia que cont\u00f3 adem\u00e1s con la participaci\u00f3n de autoridades regionales y empresarios locales del transporte.<\/p>\n<p style=\"text-align: justify;\">En la ocasi\u00f3n, Claudio Montecinos, director regional de Sernatur Ays\u00e9n dio a conocer las principales funcionalidades de esta nueva versi\u00f3n, que busca convertirse en la puerta de entrada digital al destino Ays\u00e9n Patagonia. \u201cEstamos muy contentos el d\u00eda de hoy porque estamos realizando el lanzamiento del nuevo \u201cPlanifica tu viaje\u201d, una herramienta digital que va a permitir entregar informaci\u00f3n robusta para nuestros turistas, las personas que van a visitar el destino de Ays\u00e9n Patagonia y lo m\u00e1s importante y que viene del Planifica Tu Viaje 1.0, va a entregar informaci\u00f3n respecto de\u00a0las condiciones del destino de Ays\u00e9n\u00a0Patagonia,\u00a0principalmente de la carretera austral\u201d, indic\u00f3 el director regional.<\/p>\n<p style=\"text-align: justify;\">De esta manera, a trav\u00e9s de un c\u00f3digo QR disponible en piezas gr\u00e1ficas adhesivas y tarjetas vehiculares (que ser\u00e1n distribuidas en puntos estrat\u00e9gicos de la regi\u00f3n) las y los viajeros podr\u00e1n acceder a un sitio web que re\u00fane, en un solo lugar, informaci\u00f3n clave para desplazarse por una de las rutas esc\u00e9nicas m\u00e1s extensas de Chile.<\/p>\n<p style=\"text-align: justify;\">En este sentido, Paloma Jara Seremi de Obras P\u00fablicas, destac\u00f3 la posibilidad de acceder a informaci\u00f3n en l\u00ednea del estado de la ruta carretera austral, que durante esta temporada tendr\u00e1 diversos trabajos y cortes de camino. \u201cNuestra carretera efectivamente este a\u00f1o va a estar en condiciones que son complejas de abordar y es importante decirlo, vamos a tener pr\u00e1cticamente cinco contratos de norte a sur y por eso es tan importante para nosotros la plataforma de Planifica tu viaje, porque efectivamente los locales vamos a saber d\u00f3nde est\u00e1n los cortes, pero las personas que entran a la regi\u00f3n no necesariamente saben d\u00f3nde van a estar estos cortes ,vamos a tener trabajo de miner\u00eda en la ruta, eso tambi\u00e9n va a implicar cierto retraso, todos nosotros sabemos que la Patagonia nos obliga a construir en esta \u00e9poca del a\u00f1o, nos encantar\u00eda decir que vamos a hacerlo cuando no es temporada estival pero efectivamente debemos hacerlo en esta fecha, por lo tanto lo importante es la informaci\u00f3n para que as\u00ed el turista tenga una grata experiencia a pesar de los cortes\u201d indic\u00f3 la Seremi de Obras P\u00fablicas.<\/p>\n<p style=\"text-align: justify;\">A trav\u00e9s de esta nueva versi\u00f3n de la plataforma, al escanear el c\u00f3digo, las personas podr\u00e1n adem\u00e1s conocer las distintas formas de llegar a la regi\u00f3n \u2013a\u00e9rea, terrestre y mar\u00edtima\u2013, buscar alojamientos y servicios gastron\u00f3micos registrados, adem\u00e1s de descubrir actividades y experiencias tur\u00edsticas en cada zona; descargar mapas regionales para usar sin conexi\u00f3n y consultar un calendario actualizado de fiestas y eventos locales, \u00a0con \u00e9nfasis en la seguridad, la formalidad de los servicios tur\u00edsticos y el respeto por la naturaleza y las comunidades locales.<\/p>\n<p style=\"text-align: justify;\"><strong>Alianza con transportes privados\u00a0<\/strong><\/p>\n<p style=\"text-align: justify;\">La actividad de presentaci\u00f3n de esta nueva versi\u00f3n cont\u00f3 con la participaci\u00f3n de empresas de transporte que fueron invitadas a sumarse a esta iniciativa, entre ellas\u00a0Varona Rent a Car, Salfa Rent y Transfer T&amp;T quienes recibieron tarjetas vehiculares que ser\u00e1n incorporadas en toda la flota de veh\u00edculos disponibles para arriendo y adhesivos para el caso del transporte de pasajeros. En la ocasi\u00f3n, Benito Hernando, gerente de Automotora Varona destac\u00f3 la importancia de contar con una plataforma que permita mejorar la experiencia tur\u00edstica. \u201cSin lugar a\u00a0dudas,\u00a0una herramienta como esta mejora la experiencia para los turistas. La verdad es que tener en una plataforma online toda la informaci\u00f3n referente a la oferta tur\u00edstica, a los festivales costumbristas, al cuadro de distancia, a los mapas ruteros, a los mapas de la ciudad, va a mejorar la experiencia y al mismo tiempo va a mejorar la seguridad, va a bajar la incertidumbre. Nuestra regi\u00f3n es pr\u00e1cticamente mil doscientos kil\u00f3metros de norte a sur, esta informaci\u00f3n concentrada en una sola plataforma va a ayudar a que nuestros turistas sean despu\u00e9s multiplicadores, lo que significa una experiencia positiva en Ays\u00e9n\u201d, indic\u00f3 el representante del sector privado.<\/p>\n<p style=\"text-align: justify;\">Desde el Gobierno Regional de Ays\u00e9n, Fernando Guzm\u00e1n, jefe de la Divisi\u00f3n de Fomento e Industrias, valor\u00f3 el desarrollo de esta plataforma digital, ya que permitir\u00e1 mejorar la competitividad del destino. \u201cReactivar la regi\u00f3n implica tambi\u00e9n responsabilidad, y una de ellas es que nuestros turistas conozcan y tengan las herramientas necesarias para planificar bien su viaje. Como lo mencionaba el director regional, justamente esto es un instrumento financiado a trav\u00e9s del fondo regional, que permite tener todos los emprendimientos tur\u00edsticos, transporte, la informaci\u00f3n necesaria, las fiestas costumbristas, todo lo necesario para que nuestros turistas se vayan contentos y sean los mejores embajadores el d\u00eda de ma\u00f1ana, y potencien a\u00fan m\u00e1s nuestra regi\u00f3n de Ays\u00e9n\u201d, indic\u00f3 el jefe de divisi\u00f3n.<\/p>\n<p style=\"text-align: justify;\">Finalmente, desde Sernatur Ays\u00e9n informaron que, como parte de la estrategia de despliegue, durante el mes de diciembre se realizar\u00e1n diversas actividades, adem\u00e1s de continuar con la distribuci\u00f3n de material en puntos clave de llegada y tr\u00e1nsito, como el aeropuerto y los pasos fronterizos, adem\u00e1s de\u00a0talleres sobre el uso de la plataforma.<\/p>\n<p style=\"text-align: justify;\">Cabe se\u00f1alar, que esta iniciativa forma parte de las acciones del Programa FNDR de Fortalecimiento para la Competitividad del Destino Ays\u00e9n Patagonia, financiado por el Gobierno Regional de Ays\u00e9n, orientado a mejorar la informaci\u00f3n disponible para turistas y comunidades locales.<\/p>\n<\/div><\/section><\/div><div  style='height:50px' class='hr hr-invisible   avia-builder-el-6  el_after_av_one_full  el_before_av_social_share '><span class='hr-inner ' ><span class='hr-inner-style'><\/span><\/span><\/div><\/p>\n<div  class='av-social-sharing-box  avia-builder-el-7  el_after_av_hr  el_before_av_hr  '><div class='av-share-box'><h5 class='av-share-link-description av-no-toc '>Compartir esta noticia<\/h5><ul class='av-share-box-list noLightbox'><li class='av-share-link av-social-link-facebook' ><a target=\"_blank\" aria-label=\"Compartir en Facebook\" href='https:\/\/www.facebook.com\/sharer.php?u=https:\/\/radiorevelacionfm.cl\/?p=62069&#038;t=Sernatur%20Ays%C3%A9n%20presenta%20nueva%20versi%C3%B3n%20de%20%E2%80%9CPlanifica%20tu%20viaje%20por%20la%20Carretera%20Austral%E2%80%9D%20puerta%20de%20entrada%20digital%20al%20destino%20Ays%C3%A9n%20Patagonia' aria-hidden='false' data-av_icon='\ue8f3' data-av_iconfont='entypo-fontello' title='' data-avia-related-tooltip='Compartir en Facebook' rel=\"noopener\"><span class='avia_hidden_link_text'>Compartir en Facebook<\/span><\/a><\/li><li class='av-share-link av-social-link-twitter' ><a target=\"_blank\" aria-label=\"Compartir en Twitter\" href='https:\/\/twitter.com\/share?text=Sernatur%20Ays%C3%A9n%20presenta%20nueva%20versi%C3%B3n%20de%20%E2%80%9CPlanifica%20tu%20viaje%20por%20la%20Carretera%20Austral%E2%80%9D%20puerta%20de%20entrada%20digital%20al%20destino%20Ays%C3%A9n%20Patagonia&#038;url=https:\/\/radiorevelacionfm.cl\/?p=62069' aria-hidden='false' data-av_icon='\ue8f1' data-av_iconfont='entypo-fontello' title='' data-avia-related-tooltip='Compartir en Twitter' rel=\"noopener\"><span class='avia_hidden_link_text'>Compartir en Twitter<\/span><\/a><\/li><li class='av-share-link av-social-link-whatsapp' ><a target=\"_blank\" aria-label=\"Compartir en Whatsapp\" href='https:\/\/api.whatsapp.com\/send?text=https:\/\/radiorevelacionfm.cl\/?p=62069' aria-hidden='false' data-av_icon='\uf232' data-av_iconfont='entypo-fontello' title='' data-avia-related-tooltip='Compartir en Whatsapp' rel=\"noopener\"><span class='avia_hidden_link_text'>Compartir en Whatsapp<\/span><\/a><\/li><li class='av-share-link av-social-link-linkedin' ><a target=\"_blank\" aria-label=\"Compartir en LinkedIn\" href='https:\/\/linkedin.com\/shareArticle?mini=true&#038;title=Sernatur%20Ays%C3%A9n%20presenta%20nueva%20versi%C3%B3n%20de%20%E2%80%9CPlanifica%20tu%20viaje%20por%20la%20Carretera%20Austral%E2%80%9D%20puerta%20de%20entrada%20digital%20al%20destino%20Ays%C3%A9n%20Patagonia&#038;url=https:\/\/radiorevelacionfm.cl\/?p=62069' aria-hidden='false' data-av_icon='\ue8fc' data-av_iconfont='entypo-fontello' title='' data-avia-related-tooltip='Compartir en LinkedIn' rel=\"noopener\"><span class='avia_hidden_link_text'>Compartir en LinkedIn<\/span><\/a><\/li><li class='av-share-link av-social-link-mail' ><a  aria-label=\"Compartir por correo\" href='mailto:?subject=Sernatur%20Ays%C3%A9n%20presenta%20nueva%20versi%C3%B3n%20de%20%E2%80%9CPlanifica%20tu%20viaje%20por%20la%20Carretera%20Austral%E2%80%9D%20puerta%20de%20entrada%20digital%20al%20destino%20Ays%C3%A9n%20Patagonia&#038;body=https:\/\/radiorevelacionfm.cl\/?p=62069' aria-hidden='false' data-av_icon='\ue805' data-av_iconfont='entypo-fontello' title='' data-avia-related-tooltip='Compartir por correo'><span class='avia_hidden_link_text'>Compartir por correo<\/span><\/a><\/li><\/ul><\/div><\/div>\n<div  style='height:50px' class='hr hr-invisible   avia-builder-el-8  el_after_av_social_share  el_before_av_comments_list '><span class='hr-inner ' ><span class='hr-inner-style'><\/span><\/span><\/div>\n<div  class='av-buildercomment  av-blog-meta-html-info-disabled av-blog-meta-tag-disabled  '><\/div>\n","protected":false},"excerpt":{"rendered":"","protected":false},"author":1,"featured_media":62070,"comment_status":"closed","ping_status":"closed","sticky":false,"template":"","format":"standard","meta":{"footnotes":""},"categories":[54],"tags":[],"class_list":["post-62069","post","type-post","status-publish","format-standard","has-post-thumbnail","hentry","category-turismo"],"jetpack_featured_media_url":"https:\/\/radiorevelacionfm.cl\/wp-content\/uploads\/2025\/12\/planifica-03_optimized.jpg","_links":{"self":[{"href":"https:\/\/radiorevelacionfm.cl\/index.php?rest_route=\/wp\/v2\/posts\/62069","targetHints":{"allow":["GET"]}}],"collection":[{"href":"https:\/\/radiorevelacionfm.cl\/index.php?rest_route=\/wp\/v2\/posts"}],"about":[{"href":"https:\/\/radiorevelacionfm.cl\/index.php?rest_route=\/wp\/v2\/types\/post"}],"author":[{"embeddable":true,"href":"https:\/\/radiorevelacionfm.cl\/index.php?rest_route=\/wp\/v2\/users\/1"}],"replies":[{"embeddable":true,"href":"https:\/\/radiorevelacionfm.cl\/index.php?rest_route=%2Fwp%2Fv2%2Fcomments&post=62069"}],"version-history":[{"count":2,"href":"https:\/\/radiorevelacionfm.cl\/index.php?rest_route=\/wp\/v2\/posts\/62069\/revisions"}],"predecessor-version":[{"id":62092,"href":"https:\/\/radiorevelacionfm.cl\/index.php?rest_route=\/wp\/v2\/posts\/62069\/revisions\/62092"}],"wp:featuredmedia":[{"embeddable":true,"href":"https:\/\/radiorevelacionfm.cl\/index.php?rest_route=\/wp\/v2\/media\/62070"}],"wp:attachment":[{"href":"https:\/\/radiorevelacionfm.cl\/index.php?rest_route=%2Fwp%2Fv2%2Fmedia&parent=62069"}],"wp:term":[{"taxonomy":"category","embeddable":true,"href":"https:\/\/radiorevelacionfm.cl\/index.php?rest_route=%2Fwp%2Fv2%2Fcategories&post=62069"},{"taxonomy":"post_tag","embeddable":true,"href":"https:\/\/radiorevelacionfm.cl\/index.php?rest_route=%2Fwp%2Fv2%2Ftags&post=62069"}],"curies":[{"name":"wp","href":"https:\/\/api.w.org\/{rel}","templated":true}]}}