{"id":62065,"date":"2025-12-03T09:10:21","date_gmt":"2025-12-03T12:10:21","guid":{"rendered":"https:\/\/radiorevelacionfm.cl\/?p=62065"},"modified":"2025-12-03T09:10:21","modified_gmt":"2025-12-03T12:10:21","slug":"universidad-de-los-lagos-certifica-en-educacion-artistica-a-gestores-culturales-de-la-region-de-aysen","status":"publish","type":"post","link":"https:\/\/radiorevelacionfm.cl\/?p=62065","title":{"rendered":"Universidad de Los Lagos certifica en Educaci\u00f3n Art\u00edstica a gestores culturales de la regi\u00f3n de Ays\u00e9n"},"content":{"rendered":"<div class=\"flex_column av_one_full  flex_column_div av-zero-column-padding first  avia-builder-el-0  el_before_av_one_full  avia-builder-el-first  \" style='border-radius:0px; '><div  class='avia-image-container  av-styling-    avia-builder-el-1  avia-builder-el-no-sibling  avia-align-center '  itemprop=\"image\" itemscope=\"itemscope\" itemtype=\"https:\/\/schema.org\/ImageObject\"  ><div class='avia-image-container-inner'><div class='avia-image-overlay-wrap'><img decoding=\"async\" class='wp-image-62066 avia-img-lazy-loading-not-62066 avia_image' src=\"https:\/\/radiorevelacionfm.cl\/wp-content\/uploads\/2025\/12\/Foto-2-63-1-1.jpeg\" alt='' title='Foto 2 (63) (1) (1)' height=\"600\" width=\"1020\"  itemprop=\"thumbnailUrl\" srcset=\"https:\/\/radiorevelacionfm.cl\/wp-content\/uploads\/2025\/12\/Foto-2-63-1-1.jpeg 1020w, https:\/\/radiorevelacionfm.cl\/wp-content\/uploads\/2025\/12\/Foto-2-63-1-1-300x176.jpeg 300w, https:\/\/radiorevelacionfm.cl\/wp-content\/uploads\/2025\/12\/Foto-2-63-1-1-768x452.jpeg 768w, https:\/\/radiorevelacionfm.cl\/wp-content\/uploads\/2025\/12\/Foto-2-63-1-1-705x415.jpeg 705w, https:\/\/radiorevelacionfm.cl\/wp-content\/uploads\/2025\/12\/Foto-2-63-1-1-450x265.jpeg 450w, https:\/\/radiorevelacionfm.cl\/wp-content\/uploads\/2025\/12\/Foto-2-63-1-1-600x353.jpeg 600w\" sizes=\"(max-width: 1020px) 100vw, 1020px\" \/><\/div><\/div><\/div><\/div><div class=\"flex_column av_one_full  flex_column_div av-zero-column-padding first  avia-builder-el-2  el_after_av_one_full  el_before_av_one_full  column-top-margin\" style='border-radius:0px; '><section class=\"av_textblock_section \"  itemscope=\"itemscope\" itemtype=\"https:\/\/schema.org\/BlogPosting\" itemprop=\"blogPost\" ><div class='avia_textblock  '   itemprop=\"text\" ><div style=\"text-align: center;\"><\/div>\n<div style=\"text-align: center;\"><\/div>\n<div>\n<p style=\"text-align: center;\"><strong><span style=\"font-size: 18pt;\">Universidad de Los Lagos certifica en Educaci\u00f3n Art\u00edstica a gestores culturales de la regi\u00f3n de Ays\u00e9n<\/span><\/strong><\/p>\n<\/div>\n<div id=\"gtx-trans\" style=\"position: absolute; left: -50px; top: 4.31534px;\">\n<div class=\"gtx-trans-icon\"><\/div>\n<\/div>\n<\/div><\/section><\/div><div class=\"flex_column av_one_full  flex_column_div av-zero-column-padding first  avia-builder-el-4  el_after_av_one_full  el_before_av_hr  column-top-margin\" style='border-radius:0px; '><section class=\"av_textblock_section \"  itemscope=\"itemscope\" itemtype=\"https:\/\/schema.org\/BlogPosting\" itemprop=\"blogPost\" ><div class='avia_textblock  '   itemprop=\"text\" ><p style=\"text-align: justify;\"><em>Durante la jornada del s\u00e1bado 29 de noviembre fueron certificados los estudiantes que participaron del Diplomado en Educaci\u00f3n Art\u00edstica dictado por la Universidad de Los Lagos a gestores culturales de la regi\u00f3n, en el marco de un convenio de cooperaci\u00f3n con el Ministerio de las Culturas, las Artes y el Patrimonio.<\/em><\/p>\n<p style=\"text-align: justify;\">El Diplomado de Educaci\u00f3n Art\u00edstica es un proyecto colaborativo entre el Departamento de Educaci\u00f3n y Formaci\u00f3n en Artes y Cultura de la Regi\u00f3n de Ays\u00e9n y la Universidad de Los Lagos, con financiamiento del Ministerio de las Culturas, las Artes y el Patrimonio.<\/p>\n<p style=\"text-align: justify;\">Su objetivo es fortalecer las capacidades de artistas, docentes y agentes culturales del territorio, promoviendo la articulaci\u00f3n entre el Estado y las instituciones de educaci\u00f3n superior. As\u00ed, es posible desarrollar programas de formaci\u00f3n en gesti\u00f3n cultural, art\u00edstica y patrimonial, con un enfoque territorial, inclusivo e innovador.<\/p>\n<p style=\"text-align: justify;\">Al respecto, el Seremi de las Culturas, las Artes y el Patrimonio, Felipe Quiroz, se\u00f1al\u00f3: \u201cHoy cerramos un proceso clave para nuestro gobierno con la certificaci\u00f3n del Diplomado de Educaci\u00f3n Art\u00edstica. Esta iniciativa refleja el compromiso de fortalecer la educaci\u00f3n art\u00edstica como un derecho y una herramienta para el desarrollo integral de nuestras comunidades. Esta acci\u00f3n forma parte constitutiva de la in\u00e9dita pol\u00edtica de educaci\u00f3n art\u00edstica que fue promulgada durante la administraci\u00f3n del presidente Boric y que tiene como prop\u00f3sito, adem\u00e1s de propender a la promoci\u00f3n de \u00e9sta, entregar capacidades y herramientas para quienes se encuentran desplegando la noble labor de generar educaci\u00f3n en nuestro territorio. As\u00ed, avanzamos en una consolidaci\u00f3n de una red art\u00edstica cultural m\u00e1s robusta para nuestra regi\u00f3n y ampliando las oportunidades de acceso a la cultura para todos y todas\u201d.<\/p>\n<p style=\"text-align: justify;\">El programa permiti\u00f3 la participaci\u00f3n de estudiantes de diferentes localidades, quienes fueron becados para obtener herramientas en interculturalidad, g\u00e9nero y proyectos educativos.<\/p>\n<p style=\"text-align: justify;\">Victoria Garc\u00eda, int\u00e9rprete superior en canto l\u00edrico, profesora de m\u00fasica y estudiante del Diplomado de Educaci\u00f3n Art\u00edstica, se refiri\u00f3 a esta instancia \u201cPara m\u00ed, este programa ha sido una experiencia totalmente transformadora, me ha permitido profundizar en el valor que tiene el arte como herramienta educativa y social, especialmente en nuestro territorio, donde la creaci\u00f3n y la cultura cumplen un rol fundamental para fortalecer la identidad y el bienestar de nuestras comunidades\u201d<\/p>\n<p style=\"text-align: justify;\">\u201cCreo que la educaci\u00f3n art\u00edstica debe estar presente en diversos espacios, porque permite de manera transversal desarrollar muchas habilidades que son esenciales para enfrentar los desaf\u00edos de la vida\u201d, concluy\u00f3.<\/p>\n<\/div><\/section><\/div><div  style='height:50px' class='hr hr-invisible   avia-builder-el-6  el_after_av_one_full  el_before_av_social_share '><span class='hr-inner ' ><span class='hr-inner-style'><\/span><\/span><\/div><\/p>\n<div  class='av-social-sharing-box  avia-builder-el-7  el_after_av_hr  el_before_av_hr  '><div class='av-share-box'><h5 class='av-share-link-description av-no-toc '>Compartir esta noticia<\/h5><ul class='av-share-box-list noLightbox'><li class='av-share-link av-social-link-facebook' ><a target=\"_blank\" aria-label=\"Compartir en Facebook\" href='https:\/\/www.facebook.com\/sharer.php?u=https:\/\/radiorevelacionfm.cl\/?p=62065&#038;t=Universidad%20de%20Los%20Lagos%20certifica%20en%20Educaci%C3%B3n%20Art%C3%ADstica%20a%20gestores%20culturales%20de%20la%20regi%C3%B3n%20de%20Ays%C3%A9n' aria-hidden='false' data-av_icon='\ue8f3' data-av_iconfont='entypo-fontello' title='' data-avia-related-tooltip='Compartir en Facebook' rel=\"noopener\"><span class='avia_hidden_link_text'>Compartir en Facebook<\/span><\/a><\/li><li class='av-share-link av-social-link-twitter' ><a target=\"_blank\" aria-label=\"Compartir en Twitter\" href='https:\/\/twitter.com\/share?text=Universidad%20de%20Los%20Lagos%20certifica%20en%20Educaci%C3%B3n%20Art%C3%ADstica%20a%20gestores%20culturales%20de%20la%20regi%C3%B3n%20de%20Ays%C3%A9n&#038;url=https:\/\/radiorevelacionfm.cl\/?p=62065' aria-hidden='false' data-av_icon='\ue8f1' data-av_iconfont='entypo-fontello' title='' data-avia-related-tooltip='Compartir en Twitter' rel=\"noopener\"><span class='avia_hidden_link_text'>Compartir en Twitter<\/span><\/a><\/li><li class='av-share-link av-social-link-whatsapp' ><a target=\"_blank\" aria-label=\"Compartir en Whatsapp\" href='https:\/\/api.whatsapp.com\/send?text=https:\/\/radiorevelacionfm.cl\/?p=62065' aria-hidden='false' data-av_icon='\uf232' data-av_iconfont='entypo-fontello' title='' data-avia-related-tooltip='Compartir en Whatsapp' rel=\"noopener\"><span class='avia_hidden_link_text'>Compartir en Whatsapp<\/span><\/a><\/li><li class='av-share-link av-social-link-linkedin' ><a target=\"_blank\" aria-label=\"Compartir en LinkedIn\" href='https:\/\/linkedin.com\/shareArticle?mini=true&#038;title=Universidad%20de%20Los%20Lagos%20certifica%20en%20Educaci%C3%B3n%20Art%C3%ADstica%20a%20gestores%20culturales%20de%20la%20regi%C3%B3n%20de%20Ays%C3%A9n&#038;url=https:\/\/radiorevelacionfm.cl\/?p=62065' aria-hidden='false' data-av_icon='\ue8fc' data-av_iconfont='entypo-fontello' title='' data-avia-related-tooltip='Compartir en LinkedIn' rel=\"noopener\"><span class='avia_hidden_link_text'>Compartir en LinkedIn<\/span><\/a><\/li><li class='av-share-link av-social-link-mail' ><a  aria-label=\"Compartir por correo\" href='mailto:?subject=Universidad%20de%20Los%20Lagos%20certifica%20en%20Educaci%C3%B3n%20Art%C3%ADstica%20a%20gestores%20culturales%20de%20la%20regi%C3%B3n%20de%20Ays%C3%A9n&#038;body=https:\/\/radiorevelacionfm.cl\/?p=62065' aria-hidden='false' data-av_icon='\ue805' data-av_iconfont='entypo-fontello' title='' data-avia-related-tooltip='Compartir por correo'><span class='avia_hidden_link_text'>Compartir por correo<\/span><\/a><\/li><\/ul><\/div><\/div>\n<div  style='height:50px' class='hr hr-invisible   avia-builder-el-8  el_after_av_social_share  el_before_av_comments_list '><span class='hr-inner ' ><span class='hr-inner-style'><\/span><\/span><\/div>\n<div  class='av-buildercomment  av-blog-meta-html-info-disabled av-blog-meta-tag-disabled  '><\/div>\n","protected":false},"excerpt":{"rendered":"","protected":false},"author":1,"featured_media":62066,"comment_status":"closed","ping_status":"closed","sticky":false,"template":"","format":"standard","meta":{"footnotes":""},"categories":[49],"tags":[],"class_list":["post-62065","post","type-post","status-publish","format-standard","has-post-thumbnail","hentry","category-educacion"],"jetpack_featured_media_url":"https:\/\/radiorevelacionfm.cl\/wp-content\/uploads\/2025\/12\/Foto-2-63-1-1.jpeg","_links":{"self":[{"href":"https:\/\/radiorevelacionfm.cl\/index.php?rest_route=\/wp\/v2\/posts\/62065","targetHints":{"allow":["GET"]}}],"collection":[{"href":"https:\/\/radiorevelacionfm.cl\/index.php?rest_route=\/wp\/v2\/posts"}],"about":[{"href":"https:\/\/radiorevelacionfm.cl\/index.php?rest_route=\/wp\/v2\/types\/post"}],"author":[{"embeddable":true,"href":"https:\/\/radiorevelacionfm.cl\/index.php?rest_route=\/wp\/v2\/users\/1"}],"replies":[{"embeddable":true,"href":"https:\/\/radiorevelacionfm.cl\/index.php?rest_route=%2Fwp%2Fv2%2Fcomments&post=62065"}],"version-history":[{"count":2,"href":"https:\/\/radiorevelacionfm.cl\/index.php?rest_route=\/wp\/v2\/posts\/62065\/revisions"}],"predecessor-version":[{"id":62099,"href":"https:\/\/radiorevelacionfm.cl\/index.php?rest_route=\/wp\/v2\/posts\/62065\/revisions\/62099"}],"wp:featuredmedia":[{"embeddable":true,"href":"https:\/\/radiorevelacionfm.cl\/index.php?rest_route=\/wp\/v2\/media\/62066"}],"wp:attachment":[{"href":"https:\/\/radiorevelacionfm.cl\/index.php?rest_route=%2Fwp%2Fv2%2Fmedia&parent=62065"}],"wp:term":[{"taxonomy":"category","embeddable":true,"href":"https:\/\/radiorevelacionfm.cl\/index.php?rest_route=%2Fwp%2Fv2%2Fcategories&post=62065"},{"taxonomy":"post_tag","embeddable":true,"href":"https:\/\/radiorevelacionfm.cl\/index.php?rest_route=%2Fwp%2Fv2%2Ftags&post=62065"}],"curies":[{"name":"wp","href":"https:\/\/api.w.org\/{rel}","templated":true}]}}