{"id":62058,"date":"2025-12-02T15:07:28","date_gmt":"2025-12-02T18:07:28","guid":{"rendered":"https:\/\/radiorevelacionfm.cl\/?p=62058"},"modified":"2025-12-02T15:07:28","modified_gmt":"2025-12-02T18:07:28","slug":"cuarta-convocatoria-del-subsidio-electrico-se-extendera-hasta-el-viernes-5-de-diciembre","status":"publish","type":"post","link":"https:\/\/radiorevelacionfm.cl\/?p=62058","title":{"rendered":"Cuarta Convocatoria del Subsidio El\u00e9ctrico se extender\u00e1 hasta el viernes 5 de diciembre"},"content":{"rendered":"<div class=\"flex_column av_one_full  flex_column_div av-zero-column-padding first  avia-builder-el-0  el_before_av_one_full  avia-builder-el-first  \" style='border-radius:0px; '><div  class='avia-image-container  av-styling-    avia-builder-el-1  avia-builder-el-no-sibling  avia-align-center '  itemprop=\"image\" itemscope=\"itemscope\" itemtype=\"https:\/\/schema.org\/ImageObject\"  ><div class='avia-image-container-inner'><div class='avia-image-overlay-wrap'><img decoding=\"async\" class='wp-image-62059 avia-img-lazy-loading-not-62059 avia_image' src=\"https:\/\/radiorevelacionfm.cl\/wp-content\/uploads\/2025\/12\/foto-2-62-1-1.jpeg\" alt='' title='foto 2 (62) (1) (1)' height=\"600\" width=\"1016\"  itemprop=\"thumbnailUrl\" srcset=\"https:\/\/radiorevelacionfm.cl\/wp-content\/uploads\/2025\/12\/foto-2-62-1-1.jpeg 1016w, https:\/\/radiorevelacionfm.cl\/wp-content\/uploads\/2025\/12\/foto-2-62-1-1-300x177.jpeg 300w, https:\/\/radiorevelacionfm.cl\/wp-content\/uploads\/2025\/12\/foto-2-62-1-1-768x454.jpeg 768w, https:\/\/radiorevelacionfm.cl\/wp-content\/uploads\/2025\/12\/foto-2-62-1-1-705x416.jpeg 705w, https:\/\/radiorevelacionfm.cl\/wp-content\/uploads\/2025\/12\/foto-2-62-1-1-450x266.jpeg 450w, https:\/\/radiorevelacionfm.cl\/wp-content\/uploads\/2025\/12\/foto-2-62-1-1-600x354.jpeg 600w\" sizes=\"(max-width: 1016px) 100vw, 1016px\" \/><\/div><\/div><\/div><\/div><div class=\"flex_column av_one_full  flex_column_div av-zero-column-padding first  avia-builder-el-2  el_after_av_one_full  el_before_av_one_full  column-top-margin\" style='border-radius:0px; '><section class=\"av_textblock_section \"  itemscope=\"itemscope\" itemtype=\"https:\/\/schema.org\/BlogPosting\" itemprop=\"blogPost\" ><div class='avia_textblock  '   itemprop=\"text\" ><p style=\"text-align: center;\"><strong><span style=\"font-size: 18pt;\">Cuarta Convocatoria del Subsidio El\u00e9ctrico se extender\u00e1 hasta el viernes 5 de diciembre<\/span><\/strong><\/p>\n<div id=\"gtx-trans\" style=\"position: absolute; left: -50px; top: 4.31534px;\">\n<div class=\"gtx-trans-icon\"><\/div>\n<\/div>\n<\/div><\/section><\/div><div class=\"flex_column av_one_full  flex_column_div av-zero-column-padding first  avia-builder-el-4  el_after_av_one_full  el_before_av_hr  column-top-margin\" style='border-radius:0px; '><section class=\"av_textblock_section \"  itemscope=\"itemscope\" itemtype=\"https:\/\/schema.org\/BlogPosting\" itemprop=\"blogPost\" ><div class='avia_textblock  '   itemprop=\"text\" ><p style=\"text-align: justify;\">La Seremi de Energ\u00eda de Ays\u00e9n, Pamela C\u00e1rdenas Seguel, recuerda los detalles de la cuarta convocatoria del Subsidio El\u00e9ctrico, proceso que se abri\u00f3 el pasado martes 25 de noviembre y que se extender\u00e1 hasta el viernes 5 de diciembre.<\/p>\n<p style=\"text-align: justify;\">El nuevo proceso de postulaci\u00f3n permitir\u00e1 que los hogares del 40% m\u00e1s vulnerable del pa\u00eds accedan a descuentos directos en sus cuentas de luz durante el primer semestre del 2026. Quienes ya son beneficiarios del subsidio deben actualizar su informaci\u00f3n en caso de cambio de domicilio o n\u00famero de cliente, para asegurar la continuidad del beneficio.<\/p>\n<p style=\"text-align: justify;\">A nivel regional a la fecha la regi\u00f3n de Ays\u00e9n cuenta con 14.875 hogares beneficiados, lo que constituye un 45,1% de cobertura pertenecientes al tramo del 40% m\u00e1s vulnerable del Registro Social de Hogares, adem\u00e1s de 72 electrodependientes que reciben esta ayuda econ\u00f3mica.<\/p>\n<p style=\"text-align: justify;\">Al respecto, la Seremi de Energ\u00eda destac\u00f3 que \u201cesta pol\u00edtica p\u00fablica es parte del compromiso del Gobierno con las familias que m\u00e1s lo necesitan y tiene un impacto directo en la econom\u00eda familiar. En este sentido, es importante destacar que este subsidio el\u00e9ctrico est\u00e1 llegando principalmente a hogares encabezados por mujeres, a hogares con ni\u00f1os, ni\u00f1as y adolescentes, y a personas cuidadoras, porque entendemos lo relevante que es entregar un apoyo econ\u00f3mico concreto a esos hogares\u201d.<\/p>\n<p style=\"text-align: justify;\">El monto semestral depender\u00e1 de la cantidad de integrantes de los hogares beneficiados. Para un hogar de 1 integrante, el descuento semestral ser\u00e1 de $30.270; de 2 a 3 integrantes, de $39.348 y de 4 o m\u00e1s integrantes de $54.486. Este monto se dividir\u00e1 en seis cuotas y se pagar\u00e1 de manera mensual entre febrero (mes que incluir\u00e1 la cuota de enero y febrero) y junio de 2026. \u00a0As\u00ed, durante el primer semestre del pr\u00f3ximo a\u00f1o las familias ver\u00e1n en su boleta dos descuentos simult\u00e1neos: el subsidio y la restituci\u00f3n por cobros en exceso, seg\u00fan lo establecido por ley.<\/p>\n<p style=\"text-align: justify;\">Finalmente, la autoridad regional de energ\u00eda reforz\u00f3 el llamado a las familias a la actualizaci\u00f3n de datos \u201ceste subsidio se mantiene en la medida que las familias sigan cumpliendo los requisitos establecidos, y para ello es fundamental contar con informaci\u00f3n actualizada. Por eso, el llamado es a que revisen y actualicen sus datos, especialmente quienes han cambiado de domicilio o de n\u00famero de cliente. Solo as\u00ed podremos asegurar que el subsidio llegue efectivamente a los hogares de nuestra regi\u00f3n que m\u00e1s lo necesitan\u201d.<\/p>\n<p style=\"text-align: justify;\">Los interesados pueden revisar su informaci\u00f3n y hacer las actualizaciones necesarias en www.subsidioelectrico.cl, en los distintos canales de atenci\u00f3n de ChileAtiende, o llamando al 600 0231 360, o en la oficina de la Seremi de Energ\u00eda ubicada en Avenida General Baquedano #310 interior para recibir orientaci\u00f3n sobre este beneficio.<\/p>\n<\/div><\/section><\/div><div  style='height:50px' class='hr hr-invisible   avia-builder-el-6  el_after_av_one_full  el_before_av_social_share '><span class='hr-inner ' ><span class='hr-inner-style'><\/span><\/span><\/div><\/p>\n<div  class='av-social-sharing-box  avia-builder-el-7  el_after_av_hr  el_before_av_hr  '><div class='av-share-box'><h5 class='av-share-link-description av-no-toc '>Compartir esta noticia<\/h5><ul class='av-share-box-list noLightbox'><li class='av-share-link av-social-link-facebook' ><a target=\"_blank\" aria-label=\"Compartir en Facebook\" href='https:\/\/www.facebook.com\/sharer.php?u=https:\/\/radiorevelacionfm.cl\/?p=62058&#038;t=Cuarta%20Convocatoria%20del%20Subsidio%20El%C3%A9ctrico%20se%20extender%C3%A1%20hasta%20el%20viernes%205%20de%20diciembre' aria-hidden='false' data-av_icon='\ue8f3' data-av_iconfont='entypo-fontello' title='' data-avia-related-tooltip='Compartir en Facebook' rel=\"noopener\"><span class='avia_hidden_link_text'>Compartir en Facebook<\/span><\/a><\/li><li class='av-share-link av-social-link-twitter' ><a target=\"_blank\" aria-label=\"Compartir en Twitter\" href='https:\/\/twitter.com\/share?text=Cuarta%20Convocatoria%20del%20Subsidio%20El%C3%A9ctrico%20se%20extender%C3%A1%20hasta%20el%20viernes%205%20de%20diciembre&#038;url=https:\/\/radiorevelacionfm.cl\/?p=62058' aria-hidden='false' data-av_icon='\ue8f1' data-av_iconfont='entypo-fontello' title='' data-avia-related-tooltip='Compartir en Twitter' rel=\"noopener\"><span class='avia_hidden_link_text'>Compartir en Twitter<\/span><\/a><\/li><li class='av-share-link av-social-link-whatsapp' ><a target=\"_blank\" aria-label=\"Compartir en Whatsapp\" href='https:\/\/api.whatsapp.com\/send?text=https:\/\/radiorevelacionfm.cl\/?p=62058' aria-hidden='false' data-av_icon='\uf232' data-av_iconfont='entypo-fontello' title='' data-avia-related-tooltip='Compartir en Whatsapp' rel=\"noopener\"><span class='avia_hidden_link_text'>Compartir en Whatsapp<\/span><\/a><\/li><li class='av-share-link av-social-link-linkedin' ><a target=\"_blank\" aria-label=\"Compartir en LinkedIn\" href='https:\/\/linkedin.com\/shareArticle?mini=true&#038;title=Cuarta%20Convocatoria%20del%20Subsidio%20El%C3%A9ctrico%20se%20extender%C3%A1%20hasta%20el%20viernes%205%20de%20diciembre&#038;url=https:\/\/radiorevelacionfm.cl\/?p=62058' aria-hidden='false' data-av_icon='\ue8fc' data-av_iconfont='entypo-fontello' title='' data-avia-related-tooltip='Compartir en LinkedIn' rel=\"noopener\"><span class='avia_hidden_link_text'>Compartir en LinkedIn<\/span><\/a><\/li><li class='av-share-link av-social-link-mail' ><a  aria-label=\"Compartir por correo\" href='mailto:?subject=Cuarta%20Convocatoria%20del%20Subsidio%20El%C3%A9ctrico%20se%20extender%C3%A1%20hasta%20el%20viernes%205%20de%20diciembre&#038;body=https:\/\/radiorevelacionfm.cl\/?p=62058' aria-hidden='false' data-av_icon='\ue805' data-av_iconfont='entypo-fontello' title='' data-avia-related-tooltip='Compartir por correo'><span class='avia_hidden_link_text'>Compartir por correo<\/span><\/a><\/li><\/ul><\/div><\/div>\n<div  style='height:50px' class='hr hr-invisible   avia-builder-el-8  el_after_av_social_share  el_before_av_comments_list '><span class='hr-inner ' ><span class='hr-inner-style'><\/span><\/span><\/div>\n<div  class='av-buildercomment  av-blog-meta-html-info-disabled av-blog-meta-tag-disabled  '><\/div>\n","protected":false},"excerpt":{"rendered":"","protected":false},"author":1,"featured_media":62059,"comment_status":"closed","ping_status":"closed","sticky":false,"template":"","format":"standard","meta":{"footnotes":""},"categories":[38],"tags":[],"class_list":["post-62058","post","type-post","status-publish","format-standard","has-post-thumbnail","hentry","category-regional"],"jetpack_featured_media_url":"https:\/\/radiorevelacionfm.cl\/wp-content\/uploads\/2025\/12\/foto-2-62-1-1.jpeg","_links":{"self":[{"href":"https:\/\/radiorevelacionfm.cl\/index.php?rest_route=\/wp\/v2\/posts\/62058","targetHints":{"allow":["GET"]}}],"collection":[{"href":"https:\/\/radiorevelacionfm.cl\/index.php?rest_route=\/wp\/v2\/posts"}],"about":[{"href":"https:\/\/radiorevelacionfm.cl\/index.php?rest_route=\/wp\/v2\/types\/post"}],"author":[{"embeddable":true,"href":"https:\/\/radiorevelacionfm.cl\/index.php?rest_route=\/wp\/v2\/users\/1"}],"replies":[{"embeddable":true,"href":"https:\/\/radiorevelacionfm.cl\/index.php?rest_route=%2Fwp%2Fv2%2Fcomments&post=62058"}],"version-history":[{"count":2,"href":"https:\/\/radiorevelacionfm.cl\/index.php?rest_route=\/wp\/v2\/posts\/62058\/revisions"}],"predecessor-version":[{"id":62061,"href":"https:\/\/radiorevelacionfm.cl\/index.php?rest_route=\/wp\/v2\/posts\/62058\/revisions\/62061"}],"wp:featuredmedia":[{"embeddable":true,"href":"https:\/\/radiorevelacionfm.cl\/index.php?rest_route=\/wp\/v2\/media\/62059"}],"wp:attachment":[{"href":"https:\/\/radiorevelacionfm.cl\/index.php?rest_route=%2Fwp%2Fv2%2Fmedia&parent=62058"}],"wp:term":[{"taxonomy":"category","embeddable":true,"href":"https:\/\/radiorevelacionfm.cl\/index.php?rest_route=%2Fwp%2Fv2%2Fcategories&post=62058"},{"taxonomy":"post_tag","embeddable":true,"href":"https:\/\/radiorevelacionfm.cl\/index.php?rest_route=%2Fwp%2Fv2%2Ftags&post=62058"}],"curies":[{"name":"wp","href":"https:\/\/api.w.org\/{rel}","templated":true}]}}