{"id":62053,"date":"2025-12-02T14:34:53","date_gmt":"2025-12-02T17:34:53","guid":{"rendered":"https:\/\/radiorevelacionfm.cl\/?p=62053"},"modified":"2025-12-02T14:35:14","modified_gmt":"2025-12-02T17:35:14","slug":"villa-manihuales-inicia-la-temporada-turistica-2025-2026-con-historica-minga-comunitaria-e-inaugura-nueva-oficina-de-informacion-turistica","status":"publish","type":"post","link":"https:\/\/radiorevelacionfm.cl\/?p=62053","title":{"rendered":"Villa Ma\u00f1ihuales inicia la Temporada Tur\u00edstica 2025 &#8211; 2026 con hist\u00f3rica minga comunitaria e inaugura nueva Oficina de Informaci\u00f3n Tur\u00edstica"},"content":{"rendered":"<div class=\"flex_column av_one_full  flex_column_div av-zero-column-padding first  avia-builder-el-0  el_before_av_one_full  avia-builder-el-first  \" style='border-radius:0px; '><div  class='avia-image-container  av-styling-    avia-builder-el-1  avia-builder-el-no-sibling  avia-align-center '  itemprop=\"image\" itemscope=\"itemscope\" itemtype=\"https:\/\/schema.org\/ImageObject\"  ><div class='avia-image-container-inner'><div class='avia-image-overlay-wrap'><img decoding=\"async\" class='wp-image-62054 avia-img-lazy-loading-not-62054 avia_image' src=\"https:\/\/radiorevelacionfm.cl\/wp-content\/uploads\/2025\/12\/img-20251130-wa0057-1_optimized-1.jpg\" alt='' title='img-20251130-wa0057-(1)_optimized (1)' height=\"600\" width=\"1152\"  itemprop=\"thumbnailUrl\" srcset=\"https:\/\/radiorevelacionfm.cl\/wp-content\/uploads\/2025\/12\/img-20251130-wa0057-1_optimized-1.jpg 1152w, https:\/\/radiorevelacionfm.cl\/wp-content\/uploads\/2025\/12\/img-20251130-wa0057-1_optimized-1-300x156.jpg 300w, https:\/\/radiorevelacionfm.cl\/wp-content\/uploads\/2025\/12\/img-20251130-wa0057-1_optimized-1-1030x536.jpg 1030w, https:\/\/radiorevelacionfm.cl\/wp-content\/uploads\/2025\/12\/img-20251130-wa0057-1_optimized-1-768x400.jpg 768w, https:\/\/radiorevelacionfm.cl\/wp-content\/uploads\/2025\/12\/img-20251130-wa0057-1_optimized-1-705x367.jpg 705w, https:\/\/radiorevelacionfm.cl\/wp-content\/uploads\/2025\/12\/img-20251130-wa0057-1_optimized-1-450x234.jpg 450w, https:\/\/radiorevelacionfm.cl\/wp-content\/uploads\/2025\/12\/img-20251130-wa0057-1_optimized-1-600x313.jpg 600w\" sizes=\"(max-width: 1152px) 100vw, 1152px\" \/><\/div><\/div><\/div><\/div><div class=\"flex_column av_one_full  flex_column_div av-zero-column-padding first  avia-builder-el-2  el_after_av_one_full  el_before_av_one_full  column-top-margin\" style='border-radius:0px; '><section class=\"av_textblock_section \"  itemscope=\"itemscope\" itemtype=\"https:\/\/schema.org\/BlogPosting\" itemprop=\"blogPost\" ><div class='avia_textblock  '   itemprop=\"text\" ><p style=\"text-align: center;\"><strong><span style=\"font-size: 18pt;\">Villa Ma\u00f1ihuales inicia la Temporada Tur\u00edstica 2025 &#8211; 2026 con hist\u00f3rica minga comunitaria e inaugura nueva Oficina de Informaci\u00f3n Tur\u00edstica<\/span><\/strong><\/p>\n<div id=\"gtx-trans\" style=\"position: absolute; left: -50px; top: 4.31534px;\">\n<div class=\"gtx-trans-icon\"><\/div>\n<\/div>\n<\/div><\/section><\/div><div class=\"flex_column av_one_full  flex_column_div av-zero-column-padding first  avia-builder-el-4  el_after_av_one_full  el_before_av_hr  column-top-margin\" style='border-radius:0px; '><section class=\"av_textblock_section \"  itemscope=\"itemscope\" itemtype=\"https:\/\/schema.org\/BlogPosting\" itemprop=\"blogPost\" ><div class='avia_textblock  '   itemprop=\"text\" ><p style=\"text-align: justify;\">En una jornada marcada por la identidad territorial y el trabajo colaborativo, la Asociaci\u00f3n Gremial de Turismo y Comercio de Villa Ma\u00f1ihuales dio inicio oficial a la Temporada Tur\u00edstica 2025\u20132026. El evento reuni\u00f3 a vecinos, emprendedores, instituciones y visitantes, consolidando el creciente protagonismo de la localidad en el panorama tur\u00edstico regional.<\/p>\n<p style=\"text-align: justify;\">La actividad comenz\u00f3 durante la tarde del reciente s\u00e1bado en calle Caupolic\u00e1n, en domicilio de la presidenta de la AG, Gabriela Barrientos, lugar donde la Oficina Modular de Informaci\u00f3n Tur\u00edstica permaneci\u00f3 instalada. Desde all\u00ed se desarroll\u00f3 una minga comunitaria, tradici\u00f3n ancestral del sur de Chile.<\/p>\n<p style=\"text-align: justify;\">Con la participaci\u00f3n activa de vecinos, vecinas, socios del gremio, familias y productores rurales, la estructura fue movilizada cuidadosamente hasta el Parque Urbano Natural Las Lavanderas, punto que se convertir\u00e1 en el nuevo centro oficial de informaci\u00f3n para los visitantes.<\/p>\n<p style=\"text-align: justify;\"><strong>Identidad, comunidad y tradici\u00f3n: una minga que marc\u00f3 un hito<\/strong><\/p>\n<p style=\"text-align: justify;\">Durante el recorrido, extendido por varias cuadras, la comunidad acompa\u00f1\u00f3 el paso de la oficina modular en un ambiente festivo. Para muchos habitantes, la escena represent\u00f3 una postal \u00fanica del esp\u00edritu Ma\u00f1ihualino.<\/p>\n<p style=\"text-align: justify;\">\u201cHoy vivimos un acontecimiento que nos devuelve a nuestras ra\u00edces. Una minga no es solo mover una estructura; es demostrar que unidos podemos lograr grandes cosas. Esta oficina representa el esfuerzo de toda la comunidad y el compromiso que tenemos con el turismo local\u201d, expres\u00f3 Gabriela Barrientos, presidenta de la Asociaci\u00f3n Gremial.<\/p>\n<p style=\"text-align: justify;\">El traslado constituy\u00f3 adem\u00e1s un hecho hist\u00f3rico, ya que es la primera vez que una infraestructura tur\u00edstica es movilizada de esta forma en la localidad, reforzando el valor simb\u00f3lico del trabajo colectivo y la identidad cultural que distingue a Ma\u00f1ihuales.<\/p>\n<p style=\"text-align: justify;\"><strong>SERCOTEC: un aliado clave en el desarrollo tur\u00edstico local<\/strong><\/p>\n<p style=\"text-align: justify;\">Durante la ceremonia, la AG de Turismo y Comercio destac\u00f3 el apoyo fundamental de SERCOTEC, instituci\u00f3n que en los \u00faltimos a\u00f1os ha impulsado diversos programas en beneficio de emprendedores del sector, fortaleciendo servicios, infraestructura y capacidades para la atenci\u00f3n tur\u00edstica.<\/p>\n<p style=\"text-align: justify;\">\u201cLa nueva oficina es un resultado concreto de esta colaboraci\u00f3n. ha sido clave para que Ma\u00f1ihuales avance con paso firme en su desarrollo tur\u00edstico\u201d, se\u00f1alaron desde la organizaci\u00f3n.<\/p>\n<p style=\"text-align: justify;\"><strong>Inauguraci\u00f3n en el Parque Las Lavanderas y un avance en conectividad para visitantes<\/strong><\/p>\n<p style=\"text-align: justify;\">Ya instalada en su nueva ubicaci\u00f3n dentro del Parque Urbano Natural Las Lavanderas \u2014espacio destacado por su belleza esc\u00e9nica\u2014 se realiz\u00f3 la inauguraci\u00f3n oficial de la Oficina de Informaci\u00f3n Tur\u00edstica. El acto cont\u00f3 con directivos, representantes institucionales, emprendedores y vecinos.<\/p>\n<p style=\"text-align: justify;\">Uno de los anuncios m\u00e1s valorados fue la instalaci\u00f3n de una antena Starlink, que permitir\u00e1 entregar acceso a internet en el sector, facilitando la b\u00fasqueda de rutas, mapas y servicios tur\u00edsticos tanto para visitantes nacionales como extranjeros. Con este avance, Ma\u00f1ihuales se posiciona como uno de los puntos rurales con mejor conectividad orientada al turismo en la Provincia de Ays\u00e9n.<\/p>\n<p style=\"text-align: justify;\"><strong>Un paso adelante para el turismo de Ma\u00f1ihuales<\/strong><\/p>\n<p style=\"text-align: justify;\">La presidenta de la AG destac\u00f3 que la apertura de esta oficina responde a una demanda hist\u00f3rica del sector y forma parte de una estrategia m\u00e1s amplia que busca fortalecer la oferta tur\u00edstica local, potenciar el parque urbano y consolidar a Ma\u00f1ihuales como un destino emergente en la regi\u00f3n.<\/p>\n<p style=\"text-align: justify;\">\u201cEstamos construyendo futuro. Esta temporada queremos visibilizar las experiencias locales, nuestras rutas, la pesca recreativa, los senderos, la gastronom\u00eda familiar, rutas rurales, las artesan\u00edas y la calidez de nuestra gente. Ma\u00f1ihuales tiene mucho que ofrecer, y hoy damos un paso concreto para recibir de mejor manera a quienes nos visiten\u201d, afirm\u00f3 Barrientos.<\/p>\n<p style=\"text-align: justify;\"><strong>Una jornada que quedar\u00e1 en la memoria<\/strong><\/p>\n<p style=\"text-align: justify;\">El evento culmin\u00f3 con actividades de camarader\u00eda, fotograf\u00edas en torno a la nueva oficina y recorridos por el parque, donde turistas y habitantes compartieron impresiones sobre la jornada.<\/p>\n<p style=\"text-align: justify;\">La Asociaci\u00f3n Gremial extendi\u00f3 la invitaci\u00f3n a la regi\u00f3n a visitar Ma\u00f1ihuales durante esta temporada, en la que se espera un aumento en la llegada de viajeros y un calendario de actividades que incluir\u00e1 ferias, encuentros culturales, gastronom\u00eda local y experiencias al aire libre.<\/p>\n<\/div><\/section><\/div><div  style='height:50px' class='hr hr-invisible   avia-builder-el-6  el_after_av_one_full  el_before_av_social_share '><span class='hr-inner ' ><span class='hr-inner-style'><\/span><\/span><\/div><\/p>\n<div  class='av-social-sharing-box  avia-builder-el-7  el_after_av_hr  el_before_av_hr  '><div class='av-share-box'><h5 class='av-share-link-description av-no-toc '>Compartir esta noticia<\/h5><ul class='av-share-box-list noLightbox'><li class='av-share-link av-social-link-facebook' ><a target=\"_blank\" aria-label=\"Compartir en Facebook\" href='https:\/\/www.facebook.com\/sharer.php?u=https:\/\/radiorevelacionfm.cl\/?p=62053&#038;t=Villa%20Ma%C3%B1ihuales%20inicia%20la%20Temporada%20Tur%C3%ADstica%202025%20%E2%80%93%202026%20con%20hist%C3%B3rica%20minga%20comunitaria%20e%20inaugura%20nueva%20Oficina%20de%20Informaci%C3%B3n%20Tur%C3%ADstica' aria-hidden='false' data-av_icon='\ue8f3' data-av_iconfont='entypo-fontello' title='' data-avia-related-tooltip='Compartir en Facebook' rel=\"noopener\"><span class='avia_hidden_link_text'>Compartir en Facebook<\/span><\/a><\/li><li class='av-share-link av-social-link-twitter' ><a target=\"_blank\" aria-label=\"Compartir en Twitter\" href='https:\/\/twitter.com\/share?text=Villa%20Ma%C3%B1ihuales%20inicia%20la%20Temporada%20Tur%C3%ADstica%202025%20%E2%80%93%202026%20con%20hist%C3%B3rica%20minga%20comunitaria%20e%20inaugura%20nueva%20Oficina%20de%20Informaci%C3%B3n%20Tur%C3%ADstica&#038;url=https:\/\/radiorevelacionfm.cl\/?p=62053' aria-hidden='false' data-av_icon='\ue8f1' data-av_iconfont='entypo-fontello' title='' data-avia-related-tooltip='Compartir en Twitter' rel=\"noopener\"><span class='avia_hidden_link_text'>Compartir en Twitter<\/span><\/a><\/li><li class='av-share-link av-social-link-whatsapp' ><a target=\"_blank\" aria-label=\"Compartir en Whatsapp\" href='https:\/\/api.whatsapp.com\/send?text=https:\/\/radiorevelacionfm.cl\/?p=62053' aria-hidden='false' data-av_icon='\uf232' data-av_iconfont='entypo-fontello' title='' data-avia-related-tooltip='Compartir en Whatsapp' rel=\"noopener\"><span class='avia_hidden_link_text'>Compartir en Whatsapp<\/span><\/a><\/li><li class='av-share-link av-social-link-linkedin' ><a target=\"_blank\" aria-label=\"Compartir en LinkedIn\" href='https:\/\/linkedin.com\/shareArticle?mini=true&#038;title=Villa%20Ma%C3%B1ihuales%20inicia%20la%20Temporada%20Tur%C3%ADstica%202025%20%E2%80%93%202026%20con%20hist%C3%B3rica%20minga%20comunitaria%20e%20inaugura%20nueva%20Oficina%20de%20Informaci%C3%B3n%20Tur%C3%ADstica&#038;url=https:\/\/radiorevelacionfm.cl\/?p=62053' aria-hidden='false' data-av_icon='\ue8fc' data-av_iconfont='entypo-fontello' title='' data-avia-related-tooltip='Compartir en LinkedIn' rel=\"noopener\"><span class='avia_hidden_link_text'>Compartir en LinkedIn<\/span><\/a><\/li><li class='av-share-link av-social-link-mail' ><a  aria-label=\"Compartir por correo\" href='mailto:?subject=Villa%20Ma%C3%B1ihuales%20inicia%20la%20Temporada%20Tur%C3%ADstica%202025%20%E2%80%93%202026%20con%20hist%C3%B3rica%20minga%20comunitaria%20e%20inaugura%20nueva%20Oficina%20de%20Informaci%C3%B3n%20Tur%C3%ADstica&#038;body=https:\/\/radiorevelacionfm.cl\/?p=62053' aria-hidden='false' data-av_icon='\ue805' data-av_iconfont='entypo-fontello' title='' data-avia-related-tooltip='Compartir por correo'><span class='avia_hidden_link_text'>Compartir por correo<\/span><\/a><\/li><\/ul><\/div><\/div>\n<div  style='height:50px' class='hr hr-invisible   avia-builder-el-8  el_after_av_social_share  el_before_av_comments_list '><span class='hr-inner ' ><span class='hr-inner-style'><\/span><\/span><\/div>\n<div  class='av-buildercomment  av-blog-meta-html-info-disabled av-blog-meta-tag-disabled  '><\/div>\n","protected":false},"excerpt":{"rendered":"","protected":false},"author":1,"featured_media":62054,"comment_status":"closed","ping_status":"closed","sticky":false,"template":"","format":"standard","meta":{"footnotes":""},"categories":[54],"tags":[],"class_list":["post-62053","post","type-post","status-publish","format-standard","has-post-thumbnail","hentry","category-turismo"],"jetpack_featured_media_url":"https:\/\/radiorevelacionfm.cl\/wp-content\/uploads\/2025\/12\/img-20251130-wa0057-1_optimized-1.jpg","_links":{"self":[{"href":"https:\/\/radiorevelacionfm.cl\/index.php?rest_route=\/wp\/v2\/posts\/62053","targetHints":{"allow":["GET"]}}],"collection":[{"href":"https:\/\/radiorevelacionfm.cl\/index.php?rest_route=\/wp\/v2\/posts"}],"about":[{"href":"https:\/\/radiorevelacionfm.cl\/index.php?rest_route=\/wp\/v2\/types\/post"}],"author":[{"embeddable":true,"href":"https:\/\/radiorevelacionfm.cl\/index.php?rest_route=\/wp\/v2\/users\/1"}],"replies":[{"embeddable":true,"href":"https:\/\/radiorevelacionfm.cl\/index.php?rest_route=%2Fwp%2Fv2%2Fcomments&post=62053"}],"version-history":[{"count":3,"href":"https:\/\/radiorevelacionfm.cl\/index.php?rest_route=\/wp\/v2\/posts\/62053\/revisions"}],"predecessor-version":[{"id":62056,"href":"https:\/\/radiorevelacionfm.cl\/index.php?rest_route=\/wp\/v2\/posts\/62053\/revisions\/62056"}],"wp:featuredmedia":[{"embeddable":true,"href":"https:\/\/radiorevelacionfm.cl\/index.php?rest_route=\/wp\/v2\/media\/62054"}],"wp:attachment":[{"href":"https:\/\/radiorevelacionfm.cl\/index.php?rest_route=%2Fwp%2Fv2%2Fmedia&parent=62053"}],"wp:term":[{"taxonomy":"category","embeddable":true,"href":"https:\/\/radiorevelacionfm.cl\/index.php?rest_route=%2Fwp%2Fv2%2Fcategories&post=62053"},{"taxonomy":"post_tag","embeddable":true,"href":"https:\/\/radiorevelacionfm.cl\/index.php?rest_route=%2Fwp%2Fv2%2Ftags&post=62053"}],"curies":[{"name":"wp","href":"https:\/\/api.w.org\/{rel}","templated":true}]}}