{"id":62050,"date":"2025-12-02T17:00:23","date_gmt":"2025-12-02T20:00:23","guid":{"rendered":"https:\/\/radiorevelacionfm.cl\/?p=62050"},"modified":"2025-12-02T17:00:23","modified_gmt":"2025-12-02T20:00:23","slug":"bioaysen-inicia-trabajo-en-terreno-para-certificar-servicios-ecosistemicos-en-la-region-de-aysen","status":"publish","type":"post","link":"https:\/\/radiorevelacionfm.cl\/?p=62050","title":{"rendered":"BioAys\u00e9n inicia trabajo en terreno para certificar servicios ecosist\u00e9micos en la Regi\u00f3n de Ays\u00e9n"},"content":{"rendered":"<div class=\"flex_column av_one_full  flex_column_div av-zero-column-padding first  avia-builder-el-0  el_before_av_one_full  avia-builder-el-first  \" style='border-radius:0px; '><div  class='avia-image-container  av-styling-    avia-builder-el-1  avia-builder-el-no-sibling  avia-align-center '  itemprop=\"image\" itemscope=\"itemscope\" itemtype=\"https:\/\/schema.org\/ImageObject\"  ><div class='avia-image-container-inner'><div class='avia-image-overlay-wrap'><img decoding=\"async\" class='wp-image-62051 avia-img-lazy-loading-not-62051 avia_image' src=\"https:\/\/radiorevelacionfm.cl\/wp-content\/uploads\/2025\/12\/bioaysen_optimized-1.jpg\" alt='' title='bioays\u00e9n_optimized (1)' height=\"630\" width=\"801\"  itemprop=\"thumbnailUrl\" srcset=\"https:\/\/radiorevelacionfm.cl\/wp-content\/uploads\/2025\/12\/bioaysen_optimized-1.jpg 801w, https:\/\/radiorevelacionfm.cl\/wp-content\/uploads\/2025\/12\/bioaysen_optimized-1-300x236.jpg 300w, https:\/\/radiorevelacionfm.cl\/wp-content\/uploads\/2025\/12\/bioaysen_optimized-1-768x604.jpg 768w, https:\/\/radiorevelacionfm.cl\/wp-content\/uploads\/2025\/12\/bioaysen_optimized-1-705x554.jpg 705w, https:\/\/radiorevelacionfm.cl\/wp-content\/uploads\/2025\/12\/bioaysen_optimized-1-450x354.jpg 450w, https:\/\/radiorevelacionfm.cl\/wp-content\/uploads\/2025\/12\/bioaysen_optimized-1-600x472.jpg 600w\" sizes=\"(max-width: 801px) 100vw, 801px\" \/><\/div><\/div><\/div><\/div><div class=\"flex_column av_one_full  flex_column_div av-zero-column-padding first  avia-builder-el-2  el_after_av_one_full  el_before_av_one_full  column-top-margin\" style='border-radius:0px; '><section class=\"av_textblock_section \"  itemscope=\"itemscope\" itemtype=\"https:\/\/schema.org\/BlogPosting\" itemprop=\"blogPost\" ><div class='avia_textblock  '   itemprop=\"text\" ><p style=\"text-align: center;\"><strong><span style=\"font-size: 18pt;\">BioAys\u00e9n inicia trabajo en terreno para certificar servicios ecosist\u00e9micos en la Regi\u00f3n de Ays\u00e9n<\/span><\/strong><\/p>\n<div id=\"gtx-trans\" style=\"position: absolute; left: -50px; top: 4.31534px;\">\n<div class=\"gtx-trans-icon\"><\/div>\n<\/div>\n<\/div><\/section><\/div><div class=\"flex_column av_one_full  flex_column_div av-zero-column-padding first  avia-builder-el-4  el_after_av_one_full  el_before_av_hr  column-top-margin\" style='border-radius:0px; '><section class=\"av_textblock_section \"  itemscope=\"itemscope\" itemtype=\"https:\/\/schema.org\/BlogPosting\" itemprop=\"blogPost\" ><div class='avia_textblock  '   itemprop=\"text\" ><p style=\"text-align: justify;\"><em>El proyecto BioAys\u00e9n inici\u00f3 una nueva etapa con trabajo en terreno para identificar y certificar servicios ecosist\u00e9micos en \u00e1reas de inter\u00e9s, paso clave para desarrollar proyectos que generen cr\u00e9ditos de biodiversidad y carbono y fortalezcan un modelo de desarrollo sostenible para la regi\u00f3n.<\/em><\/p>\n<p style=\"text-align: justify;\">Durante la semana pasada, un grupo de expertos ligados al proyecto de \u00a0<a href=\"https:\/\/www.instagram.com\/proyectobioaysen\/\">Bien P\u00fablico BioAys\u00e9n: Observatorio de Biodiversidad y Valorizaci\u00f3n de Capital Natural de Ays\u00e9n<\/a> , visit\u00f3 R\u00edo Caj\u00f3n y los predios del Acuerdo de Producci\u00f3n Limpia (APL) de Ordenaci\u00f3n Forestal para comenzar la parte m\u00e1s pr\u00e1ctica de la iniciativa, donde se comenzar\u00e1 a identificar flora y fauna nativa y los ecosistemas que subyacen en los terrenos de inter\u00e9s.<\/p>\n<p style=\"text-align: justify;\">En estas jornadas, especialistas de la <a href=\"https:\/\/fundacionchilecircular.cl\/\"><em>Fundaci\u00f3n Chile Circular<\/em><\/a>y Forest Stewardship Council (FSC), con el apoyo de Conaf, iniciaron el levantamiento de informaci\u00f3n sobre flora, fauna nativa y ecosistemas presentes en las \u00e1reas de inter\u00e9s. El objetivo es certificar proyectos que reconozcan el valor de los servicios ecosist\u00e9micos y permitan emitir bonos de biodiversidad y carbono, bajo un esquema de pagos por retribuci\u00f3n ambiental que combine conservaci\u00f3n y desarrollo sostenible.<\/p>\n<p style=\"text-align: justify;\">El director de Corfo Ays\u00e9n, Humberto Mar\u00edn Leiva, subray\u00f3 que esta iniciativa refleja la visi\u00f3n estrat\u00e9gica de la instituci\u00f3n. <em>\u201cQueremos que Ays\u00e9n se proyecte como un referente nacional en manejo sustentable y acci\u00f3n clim\u00e1tica. BioAys\u00e9n no solo certifica servicios ecosist\u00e9micos, sino que crea un modelo que convierte la biodiversidad en una oportunidad real para el desarrollo econ\u00f3mico y el bienestar territorial, articulando esfuerzos p\u00fablicos y privados\u201d, afirm\u00f3<\/em>.<\/p>\n<p style=\"text-align: justify;\">Siguiendo esta l\u00ednea de trabajo, se avanza hacia la construcci\u00f3n de un modelo piloto de valorizaci\u00f3n de capital natural y biodiversidad, que permita generar ingresos por proyectos que protejan la naturaleza. De forma complementaria, junto a las actividades de conservaci\u00f3n y restauraci\u00f3n, se busca promover tambi\u00e9n usos productivos sostenibles, como es el caso de los terrenos del APL impulsado por Conaf, la Agencia de Sustentabilidad y Cambio Clim\u00e1tico, y doce medianos y peque\u00f1os productores forestales de Coyhaique.<\/p>\n<p style=\"text-align: justify;\">El director ejecutivo de la Fundaci\u00f3n Chile Circular, Gonzalo Pumarino, se\u00f1al\u00f3 que \u201cBioAys\u00e9n es tal vez uno de los proyectos m\u00e1s relevantes a nivel pa\u00eds y continental en cuanto a implementar proyectos concretos con modelos de pagos generados por el valor de la naturaleza, la biodiversidad de Ays\u00e9n y sus servicios ecosist\u00e9micos. En esta iniciativa la base para un nuevo ciclo de desarrollo regional son los bosques, el secuestro y almacenamiento de carbono, la provisi\u00f3n de agua, la conservaci\u00f3n del suelo, los servicios recreativos y la protecci\u00f3n efectiva de especies. Con BioAys\u00e9n buscamos que la protecci\u00f3n de la naturaleza permita generar ingresos de acuerdo con est\u00e1ndares internacionales y que, con esto, ayudemos a mitigar los efectos del cambio clim\u00e1tico, pero tambi\u00e9n entregando beneficios concretos a los habitantes de la regi\u00f3n\u201d.<\/p>\n<p style=\"text-align: justify;\">En este sentido, el jefe provincial de Conaf Coyhaique, Jos\u00e9 Luis P\u00e9rez, asegur\u00f3 que estas visitas \u201cmostraron que es posible impulsar un desarrollo local, promoviendo la biodiversidad y los servicios ecosist\u00e9micos del bosque. Asimismo, la articulaci\u00f3n con BioAys\u00e9n fortalece este camino, aportando herramientas de valorizaci\u00f3n y certificaci\u00f3n de servicio ecosist\u00e9micos que proyectan a la regi\u00f3n como un referente a nivel nacional en el manejo sostenible y la conservaci\u00f3n de los bosques. Este trabajo conjunto consolida este modelo desarrollo basado en la naturaleza con beneficio concretos para los productores y las productoras de la regi\u00f3n\u201d.<\/p>\n<p style=\"text-align: justify;\">BioAys\u00e9n es un proyecto Corfo, del Comit\u00e9 Regional de Desarrollo productivo, que ejecuta la Fundaci\u00f3n Chile Circular, con el apoyo del Consejo del Salm\u00f3n y el aporte t\u00e9cnico del programa Transforma Cambio Clim\u00e1tico de Corfo.<\/p>\n<\/div><\/section><\/div><div  style='height:50px' class='hr hr-invisible   avia-builder-el-6  el_after_av_one_full  el_before_av_social_share '><span class='hr-inner ' ><span class='hr-inner-style'><\/span><\/span><\/div><\/p>\n<div  class='av-social-sharing-box  avia-builder-el-7  el_after_av_hr  el_before_av_hr  '><div class='av-share-box'><h5 class='av-share-link-description av-no-toc '>Compartir esta noticia<\/h5><ul class='av-share-box-list noLightbox'><li class='av-share-link av-social-link-facebook' ><a target=\"_blank\" aria-label=\"Compartir en Facebook\" href='https:\/\/www.facebook.com\/sharer.php?u=https:\/\/radiorevelacionfm.cl\/?p=62050&#038;t=BioAys%C3%A9n%20inicia%20trabajo%20en%20terreno%20para%20certificar%20servicios%20ecosist%C3%A9micos%20en%20la%20Regi%C3%B3n%20de%20Ays%C3%A9n' aria-hidden='false' data-av_icon='\ue8f3' data-av_iconfont='entypo-fontello' title='' data-avia-related-tooltip='Compartir en Facebook' rel=\"noopener\"><span class='avia_hidden_link_text'>Compartir en Facebook<\/span><\/a><\/li><li class='av-share-link av-social-link-twitter' ><a target=\"_blank\" aria-label=\"Compartir en Twitter\" href='https:\/\/twitter.com\/share?text=BioAys%C3%A9n%20inicia%20trabajo%20en%20terreno%20para%20certificar%20servicios%20ecosist%C3%A9micos%20en%20la%20Regi%C3%B3n%20de%20Ays%C3%A9n&#038;url=https:\/\/radiorevelacionfm.cl\/?p=62050' aria-hidden='false' data-av_icon='\ue8f1' data-av_iconfont='entypo-fontello' title='' data-avia-related-tooltip='Compartir en Twitter' rel=\"noopener\"><span class='avia_hidden_link_text'>Compartir en Twitter<\/span><\/a><\/li><li class='av-share-link av-social-link-whatsapp' ><a target=\"_blank\" aria-label=\"Compartir en Whatsapp\" href='https:\/\/api.whatsapp.com\/send?text=https:\/\/radiorevelacionfm.cl\/?p=62050' aria-hidden='false' data-av_icon='\uf232' data-av_iconfont='entypo-fontello' title='' data-avia-related-tooltip='Compartir en Whatsapp' rel=\"noopener\"><span class='avia_hidden_link_text'>Compartir en Whatsapp<\/span><\/a><\/li><li class='av-share-link av-social-link-linkedin' ><a target=\"_blank\" aria-label=\"Compartir en LinkedIn\" href='https:\/\/linkedin.com\/shareArticle?mini=true&#038;title=BioAys%C3%A9n%20inicia%20trabajo%20en%20terreno%20para%20certificar%20servicios%20ecosist%C3%A9micos%20en%20la%20Regi%C3%B3n%20de%20Ays%C3%A9n&#038;url=https:\/\/radiorevelacionfm.cl\/?p=62050' aria-hidden='false' data-av_icon='\ue8fc' data-av_iconfont='entypo-fontello' title='' data-avia-related-tooltip='Compartir en LinkedIn' rel=\"noopener\"><span class='avia_hidden_link_text'>Compartir en LinkedIn<\/span><\/a><\/li><li class='av-share-link av-social-link-mail' ><a  aria-label=\"Compartir por correo\" href='mailto:?subject=BioAys%C3%A9n%20inicia%20trabajo%20en%20terreno%20para%20certificar%20servicios%20ecosist%C3%A9micos%20en%20la%20Regi%C3%B3n%20de%20Ays%C3%A9n&#038;body=https:\/\/radiorevelacionfm.cl\/?p=62050' aria-hidden='false' data-av_icon='\ue805' data-av_iconfont='entypo-fontello' title='' data-avia-related-tooltip='Compartir por correo'><span class='avia_hidden_link_text'>Compartir por correo<\/span><\/a><\/li><\/ul><\/div><\/div>\n<div  style='height:50px' class='hr hr-invisible   avia-builder-el-8  el_after_av_social_share  el_before_av_comments_list '><span class='hr-inner ' ><span class='hr-inner-style'><\/span><\/span><\/div>\n<div  class='av-buildercomment  av-blog-meta-html-info-disabled av-blog-meta-tag-disabled  '><\/div>\n","protected":false},"excerpt":{"rendered":"","protected":false},"author":1,"featured_media":62051,"comment_status":"closed","ping_status":"closed","sticky":false,"template":"","format":"standard","meta":{"footnotes":""},"categories":[38],"tags":[],"class_list":["post-62050","post","type-post","status-publish","format-standard","has-post-thumbnail","hentry","category-regional"],"jetpack_featured_media_url":"https:\/\/radiorevelacionfm.cl\/wp-content\/uploads\/2025\/12\/bioaysen_optimized-1.jpg","_links":{"self":[{"href":"https:\/\/radiorevelacionfm.cl\/index.php?rest_route=\/wp\/v2\/posts\/62050","targetHints":{"allow":["GET"]}}],"collection":[{"href":"https:\/\/radiorevelacionfm.cl\/index.php?rest_route=\/wp\/v2\/posts"}],"about":[{"href":"https:\/\/radiorevelacionfm.cl\/index.php?rest_route=\/wp\/v2\/types\/post"}],"author":[{"embeddable":true,"href":"https:\/\/radiorevelacionfm.cl\/index.php?rest_route=\/wp\/v2\/users\/1"}],"replies":[{"embeddable":true,"href":"https:\/\/radiorevelacionfm.cl\/index.php?rest_route=%2Fwp%2Fv2%2Fcomments&post=62050"}],"version-history":[{"count":2,"href":"https:\/\/radiorevelacionfm.cl\/index.php?rest_route=\/wp\/v2\/posts\/62050\/revisions"}],"predecessor-version":[{"id":62076,"href":"https:\/\/radiorevelacionfm.cl\/index.php?rest_route=\/wp\/v2\/posts\/62050\/revisions\/62076"}],"wp:featuredmedia":[{"embeddable":true,"href":"https:\/\/radiorevelacionfm.cl\/index.php?rest_route=\/wp\/v2\/media\/62051"}],"wp:attachment":[{"href":"https:\/\/radiorevelacionfm.cl\/index.php?rest_route=%2Fwp%2Fv2%2Fmedia&parent=62050"}],"wp:term":[{"taxonomy":"category","embeddable":true,"href":"https:\/\/radiorevelacionfm.cl\/index.php?rest_route=%2Fwp%2Fv2%2Fcategories&post=62050"},{"taxonomy":"post_tag","embeddable":true,"href":"https:\/\/radiorevelacionfm.cl\/index.php?rest_route=%2Fwp%2Fv2%2Ftags&post=62050"}],"curies":[{"name":"wp","href":"https:\/\/api.w.org\/{rel}","templated":true}]}}