{"id":6204,"date":"2021-07-13T10:39:00","date_gmt":"2021-07-13T13:39:00","guid":{"rendered":"https:\/\/radiorevelacionfm.cl\/?p=6204"},"modified":"2021-07-13T10:39:00","modified_gmt":"2021-07-13T13:39:00","slug":"iniciativas-regionales-que-buscan-reutilizar-desechos-seran-apoyadas-por-corfo","status":"publish","type":"post","link":"https:\/\/radiorevelacionfm.cl\/?p=6204","title":{"rendered":"Iniciativas regionales que buscan reutilizar desechos ser\u00e1n apoyadas por Corfo"},"content":{"rendered":"<div class=\"flex_column av_one_full  flex_column_div av-zero-column-padding first  avia-builder-el-0  el_before_av_one_full  avia-builder-el-first  \" style='border-radius:0px; '><div  class='avia-image-container  av-styling-    avia-builder-el-1  avia-builder-el-no-sibling  avia-align-center '  itemprop=\"image\" itemscope=\"itemscope\" itemtype=\"https:\/\/schema.org\/ImageObject\"  ><div class='avia-image-container-inner'><div class='avia-image-overlay-wrap'><img decoding=\"async\" class='wp-image-6205 avia-img-lazy-loading-not-6205 avia_image' src=\"https:\/\/radiorevelacionfm.cl\/wp-content\/uploads\/2021\/07\/01-ec-corfo-aysen-1_optimized.jpg\" alt='' title='01-ec-corfo-ays\u00e9n-(1)_optimized' height=\"600\" width=\"1067\"  itemprop=\"thumbnailUrl\" srcset=\"https:\/\/radiorevelacionfm.cl\/wp-content\/uploads\/2021\/07\/01-ec-corfo-aysen-1_optimized.jpg 1067w, https:\/\/radiorevelacionfm.cl\/wp-content\/uploads\/2021\/07\/01-ec-corfo-aysen-1_optimized-300x169.jpg 300w, https:\/\/radiorevelacionfm.cl\/wp-content\/uploads\/2021\/07\/01-ec-corfo-aysen-1_optimized-1030x579.jpg 1030w, https:\/\/radiorevelacionfm.cl\/wp-content\/uploads\/2021\/07\/01-ec-corfo-aysen-1_optimized-768x432.jpg 768w, https:\/\/radiorevelacionfm.cl\/wp-content\/uploads\/2021\/07\/01-ec-corfo-aysen-1_optimized-705x396.jpg 705w, https:\/\/radiorevelacionfm.cl\/wp-content\/uploads\/2021\/07\/01-ec-corfo-aysen-1_optimized-600x337.jpg 600w\" sizes=\"(max-width: 1067px) 100vw, 1067px\" \/><\/div><\/div><\/div><\/div><div class=\"flex_column av_one_full  flex_column_div av-zero-column-padding first  avia-builder-el-2  el_after_av_one_full  el_before_av_one_full  column-top-margin\" style='border-radius:0px; '><section class=\"av_textblock_section \"  itemscope=\"itemscope\" itemtype=\"https:\/\/schema.org\/BlogPosting\" itemprop=\"blogPost\" ><div class='avia_textblock  '   itemprop=\"text\" ><p style=\"text-align: center;\"><strong><span style=\"font-size: 18pt;\">Iniciativas regionales que buscan reutilizar desechos ser\u00e1n apoyadas por Corfo<\/span><\/strong><\/p>\n<div id=\"gtx-trans\" style=\"position: absolute; left: -50px; top: 4.31534px;\">\n<div class=\"gtx-trans-icon\"><\/div>\n<\/div>\n<\/div><\/section><\/div><div class=\"flex_column av_one_full  flex_column_div av-zero-column-padding first  avia-builder-el-4  el_after_av_one_full  el_before_av_hr  column-top-margin\" style='border-radius:0px; '><section class=\"av_textblock_section \"  itemscope=\"itemscope\" itemtype=\"https:\/\/schema.org\/BlogPosting\" itemprop=\"blogPost\" ><div class='avia_textblock  '   itemprop=\"text\" ><p style=\"font-weight: 400; text-align: justify;\">Dos son los proyectos que ser\u00e1n beneficiados por Corfo a trav\u00e9s de la l\u00ednea Desarrolla Inversi\u00f3n Productiva que busca apoyar la elaboraci\u00f3n de nuevos productos a partir de la reutilizaci\u00f3n de residuos y del ecodise\u00f1o. Se trata de Antigua Granel de Coyhaique y Tecnolog\u00eda Austral de Puerto Ays\u00e9n, cuyas iniciativas tienen foco en el desarrollo sustentable a trav\u00e9s de la\u00a0<a href=\"https:\/\/economiacircular.mma.gob.cl\/\" data-saferedirecturl=\"https:\/\/www.google.com\/url?q=https:\/\/economiacircular.mma.gob.cl\/&amp;source=gmail&amp;ust=1626209182219000&amp;usg=AFQjCNHrcesDt4PwwmifYSLE2doMjslMcg\">econom\u00eda circular<\/a>.<\/p>\n<p style=\"font-weight: 400; text-align: justify;\">As\u00ed lo inform\u00f3 el director de Corfo Ays\u00e9n, Omar Mu\u00f1oz Sierra quien explic\u00f3 que este llamado estuvo enfocado en fomentar el reciclaje o reutilizaci\u00f3n de residuos utilizados en sus procesos productivos. \u201cLa econom\u00eda circular es una alternativa atractiva y diferente que busca que las mipymes puedan repensar su crecimiento, poniendo el \u00e9nfasis en los beneficios para toda la sociedad. <a href=\"https:\/\/www.paiscircular.cl\/industria\/pablo-terrazas-hoy-ser-sostenible-es-un-deber-y-todas-las-empresas-pymes-startups-tienen-un-gran-rol-en-este-camino\/\" data-saferedirecturl=\"https:\/\/www.google.com\/url?q=https:\/\/www.paiscircular.cl\/industria\/pablo-terrazas-hoy-ser-sostenible-es-un-deber-y-todas-las-empresas-pymes-startups-tienen-un-gran-rol-en-este-camino\/&amp;source=gmail&amp;ust=1626209182219000&amp;usg=AFQjCNFjYmuYXBkzYF3LKIyGdWWG0YIBpw\">Desde Corfo creemos<\/a> que desde las micro hasta las grandes empresas deben desarrollar estrategias para incorporar la econom\u00eda circular como una estrategia para generar cambios en sus sistemas tradicionales de producci\u00f3n, negocios y consumo, promoviendo el ecodise\u00f1o, la reutilizaci\u00f3n, reciclaje y valorizaci\u00f3n\u201d.<\/p>\n<p style=\"font-weight: 400; text-align: justify;\">Agreg\u00f3 que, en el caso de estas dos iniciativas \u201cestamos en presencia de empresas que, convencidas de este modelo de desarrollo, buscan modificar o incorporar nuevas maquinarias y procesos que les permitir\u00e1 reutilizar lo que denominamos como \u201cdesechos\u201d, generando un menor impacto en el medio ambiente. De esta forma tambi\u00e9n incidimos en mejorar la competitividad de las empresas, subi\u00e9ndolos al carro de la econom\u00eda circular\u201d, explic\u00f3 Mu\u00f1oz.<\/p>\n<p style=\"font-weight: 400; text-align: justify;\"><strong>PROYECTO<\/strong><\/p>\n<p style=\"font-weight: 400; text-align: justify;\">La primera iniciativa es de la empresa\u00a0<a href=\"https:\/\/antigua-granel.negocio.site\/\" data-saferedirecturl=\"https:\/\/www.google.com\/url?q=https:\/\/antigua-granel.negocio.site\/&amp;source=gmail&amp;ust=1626209182219000&amp;usg=AFQjCNHo7jT3t_d1TL4XjRrueFXUYPtRAA\">Antigua Granel<\/a>\u00a0de Coyhaique quienes adquirir\u00e1n una m\u00e1quina lavadora de envases, permitiendo su reutilizaci\u00f3n, disminuyendo la huella de carbono al evitar que ingresen a la regi\u00f3n nuevos envases. Asimismo, se incorporar\u00e1n stands de venta a granel, replicando el formato de venta a otros comercios de barrio. Antigua Granel es una empresa que vende alimentos y otros productos a granel, reduciendo el impacto de envases desechables, promoviendo una econom\u00eda que beneficia tanto a clientes como a peque\u00f1os productores.<\/p>\n<p style=\"font-weight: 400; text-align: justify;\">La segunda, pertenece a\u00a0<a href=\"https:\/\/www.tecnologiaaustral.com\/\" data-saferedirecturl=\"https:\/\/www.google.com\/url?q=https:\/\/www.tecnologiaaustral.com\/&amp;source=gmail&amp;ust=1626209182219000&amp;usg=AFQjCNGNM1kY3ZAvb4clP5xPshJ5IZjRLQ\">Tecnolog\u00eda Austral de Puerto Ays\u00e9n<\/a>\u00a0que busca\u00a0reutilizar el poliestireno expandido (PE) contenido en residuos salmoneros como boyas y flotadores, que son acumulados en puntos de acopio, o bien desechados al ambiente. Se propone reutilizar este residuo para la elaboraci\u00f3n de paneles SIP de Construcci\u00f3n, que adem\u00e1s sirve como aislante t\u00e9rmico para viviendas, y la utilizaci\u00f3n de Sistemas de Generaci\u00f3n Mini-Hidr\u00e1ulicas de electricidad, para ofrecer alternativas econ\u00f3micas respecto a la calefacci\u00f3n por le\u00f1a.<\/p>\n<\/div><\/section><\/div><div  style='height:50px' class='hr hr-invisible   avia-builder-el-6  el_after_av_one_full  el_before_av_social_share '><span class='hr-inner ' ><span class='hr-inner-style'><\/span><\/span><\/div><\/p>\n<div  class='av-social-sharing-box  avia-builder-el-7  el_after_av_hr  el_before_av_hr  '><div class='av-share-box'><h5 class='av-share-link-description av-no-toc '>Compartir esta noticia<\/h5><ul class='av-share-box-list noLightbox'><li class='av-share-link av-social-link-facebook' ><a target=\"_blank\" aria-label=\"Compartir en Facebook\" href='https:\/\/www.facebook.com\/sharer.php?u=https:\/\/radiorevelacionfm.cl\/?p=6204&#038;t=Iniciativas%20regionales%20que%20buscan%20reutilizar%20desechos%20ser%C3%A1n%20apoyadas%20por%20Corfo' aria-hidden='false' data-av_icon='\ue8f3' data-av_iconfont='entypo-fontello' title='' data-avia-related-tooltip='Compartir en Facebook' rel=\"noopener\"><span class='avia_hidden_link_text'>Compartir en Facebook<\/span><\/a><\/li><li class='av-share-link av-social-link-twitter' ><a target=\"_blank\" aria-label=\"Compartir en Twitter\" href='https:\/\/twitter.com\/share?text=Iniciativas%20regionales%20que%20buscan%20reutilizar%20desechos%20ser%C3%A1n%20apoyadas%20por%20Corfo&#038;url=https:\/\/radiorevelacionfm.cl\/?p=6204' aria-hidden='false' data-av_icon='\ue8f1' data-av_iconfont='entypo-fontello' title='' data-avia-related-tooltip='Compartir en Twitter' rel=\"noopener\"><span class='avia_hidden_link_text'>Compartir en Twitter<\/span><\/a><\/li><li class='av-share-link av-social-link-whatsapp' ><a target=\"_blank\" aria-label=\"Compartir en Whatsapp\" href='https:\/\/api.whatsapp.com\/send?text=https:\/\/radiorevelacionfm.cl\/?p=6204' aria-hidden='false' data-av_icon='\uf232' data-av_iconfont='entypo-fontello' title='' data-avia-related-tooltip='Compartir en Whatsapp' rel=\"noopener\"><span class='avia_hidden_link_text'>Compartir en Whatsapp<\/span><\/a><\/li><li class='av-share-link av-social-link-linkedin' ><a target=\"_blank\" aria-label=\"Compartir en LinkedIn\" href='https:\/\/linkedin.com\/shareArticle?mini=true&#038;title=Iniciativas%20regionales%20que%20buscan%20reutilizar%20desechos%20ser%C3%A1n%20apoyadas%20por%20Corfo&#038;url=https:\/\/radiorevelacionfm.cl\/?p=6204' aria-hidden='false' data-av_icon='\ue8fc' data-av_iconfont='entypo-fontello' title='' data-avia-related-tooltip='Compartir en LinkedIn' rel=\"noopener\"><span class='avia_hidden_link_text'>Compartir en LinkedIn<\/span><\/a><\/li><li class='av-share-link av-social-link-mail' ><a  aria-label=\"Compartir por correo\" href='mailto:?subject=Iniciativas%20regionales%20que%20buscan%20reutilizar%20desechos%20ser%C3%A1n%20apoyadas%20por%20Corfo&#038;body=https:\/\/radiorevelacionfm.cl\/?p=6204' aria-hidden='false' data-av_icon='\ue805' data-av_iconfont='entypo-fontello' title='' data-avia-related-tooltip='Compartir por correo'><span class='avia_hidden_link_text'>Compartir por correo<\/span><\/a><\/li><\/ul><\/div><\/div>\n<div  style='height:50px' class='hr hr-invisible   avia-builder-el-8  el_after_av_social_share  el_before_av_comments_list '><span class='hr-inner ' ><span class='hr-inner-style'><\/span><\/span><\/div>\n<div  class='av-buildercomment  av-blog-meta-html-info-disabled av-blog-meta-tag-disabled  '><\/div>\n","protected":false},"excerpt":{"rendered":"","protected":false},"author":1,"featured_media":6205,"comment_status":"open","ping_status":"open","sticky":false,"template":"","format":"standard","meta":{"footnotes":""},"categories":[37],"tags":[],"class_list":["post-6204","post","type-post","status-publish","format-standard","has-post-thumbnail","hentry","category-economia"],"jetpack_featured_media_url":"https:\/\/radiorevelacionfm.cl\/wp-content\/uploads\/2021\/07\/01-ec-corfo-aysen-1_optimized.jpg","_links":{"self":[{"href":"https:\/\/radiorevelacionfm.cl\/index.php?rest_route=\/wp\/v2\/posts\/6204","targetHints":{"allow":["GET"]}}],"collection":[{"href":"https:\/\/radiorevelacionfm.cl\/index.php?rest_route=\/wp\/v2\/posts"}],"about":[{"href":"https:\/\/radiorevelacionfm.cl\/index.php?rest_route=\/wp\/v2\/types\/post"}],"author":[{"embeddable":true,"href":"https:\/\/radiorevelacionfm.cl\/index.php?rest_route=\/wp\/v2\/users\/1"}],"replies":[{"embeddable":true,"href":"https:\/\/radiorevelacionfm.cl\/index.php?rest_route=%2Fwp%2Fv2%2Fcomments&post=6204"}],"version-history":[{"count":1,"href":"https:\/\/radiorevelacionfm.cl\/index.php?rest_route=\/wp\/v2\/posts\/6204\/revisions"}],"predecessor-version":[{"id":6206,"href":"https:\/\/radiorevelacionfm.cl\/index.php?rest_route=\/wp\/v2\/posts\/6204\/revisions\/6206"}],"wp:featuredmedia":[{"embeddable":true,"href":"https:\/\/radiorevelacionfm.cl\/index.php?rest_route=\/wp\/v2\/media\/6205"}],"wp:attachment":[{"href":"https:\/\/radiorevelacionfm.cl\/index.php?rest_route=%2Fwp%2Fv2%2Fmedia&parent=6204"}],"wp:term":[{"taxonomy":"category","embeddable":true,"href":"https:\/\/radiorevelacionfm.cl\/index.php?rest_route=%2Fwp%2Fv2%2Fcategories&post=6204"},{"taxonomy":"post_tag","embeddable":true,"href":"https:\/\/radiorevelacionfm.cl\/index.php?rest_route=%2Fwp%2Fv2%2Ftags&post=6204"}],"curies":[{"name":"wp","href":"https:\/\/api.w.org\/{rel}","templated":true}]}}