{"id":62036,"date":"2025-12-01T19:00:34","date_gmt":"2025-12-01T22:00:34","guid":{"rendered":"https:\/\/radiorevelacionfm.cl\/?p=62036"},"modified":"2025-12-01T19:00:34","modified_gmt":"2025-12-01T22:00:34","slug":"103-familias-de-aysen-visitan-sus-viviendas-que-ya-alcanzan-el-95-de-avance","status":"publish","type":"post","link":"https:\/\/radiorevelacionfm.cl\/?p=62036","title":{"rendered":"103 familias de Ays\u00e9n visitan sus viviendas que ya alcanzan el 95% de avance"},"content":{"rendered":"<div class=\"flex_column av_one_full  flex_column_div av-zero-column-padding first  avia-builder-el-0  el_before_av_one_full  avia-builder-el-first  \" style='border-radius:0px; '><div  class='avia-image-container  av-styling-    avia-builder-el-1  avia-builder-el-no-sibling  avia-align-center '  itemprop=\"image\" itemscope=\"itemscope\" itemtype=\"https:\/\/schema.org\/ImageObject\"  ><div class='avia-image-container-inner'><div class='avia-image-overlay-wrap'><img decoding=\"async\" class='wp-image-62037 avia-img-lazy-loading-not-62037 avia_image' src=\"https:\/\/radiorevelacionfm.cl\/wp-content\/uploads\/2025\/12\/5-visita-95-1_optimized-1.jpg\" alt='' title='5-visita-95-(1)_optimized (1)' height=\"600\" width=\"1066\"  itemprop=\"thumbnailUrl\" srcset=\"https:\/\/radiorevelacionfm.cl\/wp-content\/uploads\/2025\/12\/5-visita-95-1_optimized-1.jpg 1066w, https:\/\/radiorevelacionfm.cl\/wp-content\/uploads\/2025\/12\/5-visita-95-1_optimized-1-300x169.jpg 300w, https:\/\/radiorevelacionfm.cl\/wp-content\/uploads\/2025\/12\/5-visita-95-1_optimized-1-1030x580.jpg 1030w, https:\/\/radiorevelacionfm.cl\/wp-content\/uploads\/2025\/12\/5-visita-95-1_optimized-1-768x432.jpg 768w, https:\/\/radiorevelacionfm.cl\/wp-content\/uploads\/2025\/12\/5-visita-95-1_optimized-1-705x397.jpg 705w, https:\/\/radiorevelacionfm.cl\/wp-content\/uploads\/2025\/12\/5-visita-95-1_optimized-1-450x253.jpg 450w, https:\/\/radiorevelacionfm.cl\/wp-content\/uploads\/2025\/12\/5-visita-95-1_optimized-1-600x338.jpg 600w\" sizes=\"(max-width: 1066px) 100vw, 1066px\" \/><\/div><\/div><\/div><\/div><div class=\"flex_column av_one_full  flex_column_div av-zero-column-padding first  avia-builder-el-2  el_after_av_one_full  el_before_av_one_full  column-top-margin\" style='border-radius:0px; '><section class=\"av_textblock_section \"  itemscope=\"itemscope\" itemtype=\"https:\/\/schema.org\/BlogPosting\" itemprop=\"blogPost\" ><div class='avia_textblock  '   itemprop=\"text\" ><p style=\"text-align: center;\"><strong><span style=\"font-size: 18pt;\">103 familias de Ays\u00e9n visitan sus viviendas que ya alcanzan el 95% de avance<\/span><\/strong><\/p>\n<div id=\"gtx-trans\" style=\"position: absolute; left: -50px; top: 4.31534px;\">\n<div class=\"gtx-trans-icon\"><\/div>\n<\/div>\n<\/div><\/section><\/div><div class=\"flex_column av_one_full  flex_column_div av-zero-column-padding first  avia-builder-el-4  el_after_av_one_full  el_before_av_hr  column-top-margin\" style='border-radius:0px; '><section class=\"av_textblock_section \"  itemscope=\"itemscope\" itemtype=\"https:\/\/schema.org\/BlogPosting\" itemprop=\"blogPost\" ><div class='avia_textblock  '   itemprop=\"text\" ><p style=\"text-align: justify;\"><em>Se trata de los comit\u00e9s \u201cTesoro Austral\u201d, \u201cMirando hacia el Futuro\u201d y \u201cAhora voy por Ustedes\u201d, donde cada uno de sus integrantes con gran emoci\u00f3n ingresaron a lo que ser\u00e1 su hogar cuando el proyecto finalice y luego de los tramites respectivos puedan habitarlos.<\/em><\/p>\n<p style=\"text-align: justify;\">Cada vez la emoci\u00f3n es mayor para 103 familias de Puerto Ays\u00e9n que son parte de los comit\u00e9s \u201cAhora voy por Ustedes\u201d, \u201cMirando hacia el Futuro\u201d y \u201cTesoro Austral\u201d, ya que, han podido ir viendo paso a paso la evoluci\u00f3n de sus viviendas, que al d\u00eda de hoy ya alcanza el 95% de avance en las obras.<\/p>\n<p style=\"text-align: justify;\">El Gobierno tambi\u00e9n muestra satisfacci\u00f3n al ver como los recursos p\u00fablicos se invierten en el bienestar de muchas familias, considerando adem\u00e1s que, el plan de emergencia habitacional ha superado las expectativas en la regi\u00f3n y que mejor compartirlo en terreno con las familias, destaca la Seremi de Vivienda, Paulina Ruz.<\/p>\n<p style=\"text-align: justify;\">\u201cM\u00e1s del 95% de avance f\u00edsico de la obra. El d\u00eda de hoy es muy importante porque las familias pueden conocer cada uno su futura vivienda, son tres comit\u00e9s, \u201ctesoro austral\u201d, \u201cmirando hacia el futuro\u201d y \u201cahora voy por ustedes\u201d. Van m\u00e1s avanzadas las obras de lo que contemplaba el contrato inicial, as\u00ed que eso tambi\u00e9n demuestra un compromiso que hay en estas alianzas p\u00fablico-privadas por entregarle el derecho a la vivienda digna a las familias y tambi\u00e9n un acceso a una vivienda de calidad. Nos acompa\u00f1\u00f3 el d\u00eda, as\u00ed que muy contentos por ello y tambi\u00e9n recordar que esto es marco del plan de emergencia habitacional. Nosotros a la fecha tenemos una meta cumplida, pero adem\u00e1s llevamos m\u00e1s de mil viviendas en ejecuci\u00f3n donde este proyecto habitacional es parte de ello, lo que genera mejores barrios, mejores ciudades y tambi\u00e9n m\u00e1s vida en comunidad\u201d.<\/p>\n<p style=\"text-align: justify;\">Tal como lo puso en valor la Seremi de Vivienda, la alianza p\u00fablico \u2013 privada, el compromiso demostrado por la empresa ejecutora de las obras, permiten logran significativos avances. As\u00ed tambi\u00e9n lo destaca Pamela Mu\u00f1oz, secretaria del comit\u00e9 \u201cAhora voy por Ustedes\u201d, quien expres\u00f3 su alegr\u00eda por los adelantos. \u201cSorprendida y agradecida tambi\u00e9n por todas las gestiones que se han hecho por parte de la Seremi, Serviu y obviamente la entidad patrocinante, la constructora Bellavista que est\u00e1 llevando a cabo este proyecto. Adem\u00e1s, cada cual ahora est\u00e1 visitando su casa y est\u00e1n todos muy pendientes y por primera vez tambi\u00e9n visit\u00e1ndola, as\u00ed es que, es un gran logro para nosotros como comit\u00e9 que lleva casi 4 a\u00f1os, que ya en este \u00faltimo tiempo tengamos la gran facilidad de poder estar ya aqu\u00ed en nuestras casas en forma f\u00edsica y no en un proyecto en papel\u201d.<\/p>\n<p style=\"text-align: justify;\">El objetivo de visitar las viviendas en esta etapa es hacer observaciones, revisar detalles y esos alcances plantearlos a la constructora, quien ha mostrado toda la disponibilidad en acoger los requerimientos y subsanarlos. \u201c95% de las viviendas, la idea de esta visita es ver nuestras casas, ingresar a ellas, ver observaciones en cuanto a las construcciones, espacio f\u00edsico y se han visto, pero m\u00e1s que nada, son detalles, detalles de pintura, detalles m\u00ednimos que no creo que retrasen m\u00e1s all\u00e1 de la fecha que tenemos indicada. Es importante todo esto, porque es un logro, es una alegr\u00eda para m\u00ed y para mis dos hijos somos una familia de tres y estamos contentos por tener nuestra casita propia y es hermosa, es un logro, es una felicidad y es donde vamos a estar, nos vamos a acoger y vamos a estar bien los tres\u201d, indic\u00f3 Vanessa Aguilar, presidenta del comit\u00e9 \u201cTesoro Austral\u201d.<\/p>\n<p style=\"text-align: justify;\">Trabajar de la mano con las autoridades y en particular con la entidad patrocinante y la constructora Bellavista, ha ido de menos a m\u00e1s, destaca Oriola Gonz\u00e1lez, quien dio cuenta de su alegr\u00eda al haber visitado junto a sus socios y en especial junto a su familia las que ser\u00e1n sus casas muy pronto.<\/p>\n<p style=\"text-align: justify;\">\u201cLa verdad que ya no queda nada, queda lo m\u00ednimo. Esperar el d\u00eda que nos digan cuando va a ser la entrega. La verdad que es uno se emociona, se emociona porque ya son 9 a\u00f1os esperando y ya hoy la visita de las casas, nuestra casa, la verdad que es muy lindo, acompa\u00f1ado de la familia, los hijos, que son importantes de parte de uno, pero feliz, la verdad que muy muy contenta. Adem\u00e1s, la empresa Bellavista, de verdad que nos ha ayudado mucho a nosotros como comit\u00e9, de primero tuvimos algunas diferencias, como todo grupo. Pero hoy en d\u00eda no, gracias a Dios hemos sentido un gran apoyo, sobre todo de Mat\u00edas, que ha sido una persona muy honesta con nosotros, que siempre nos dice lo bueno y lo malo, pero gracias a Dios hoy y gracias a ellos ya no queda nada para que tengamos nuestras casas\u201d.<\/p>\n<p style=\"text-align: justify;\">Solo restan detalles en la urbanizaci\u00f3n y solucionar las observaciones menores hechas por los beneficiarios, donde la empresa Bellavista tom\u00f3 nota de cada una de ellas para subsanarlas y ya para una pr\u00f3xima, que ser\u00e1 la \u00faltima visita el proyecto est\u00e9 finalizado. Avance considerable que se ha logrado gracias a un trabajo tripartito cercano, transparente, cordial y pensando en las 103 familias, donde la Seremi de Vivienda, las dirigentas y la constructora han aportado cada uno desde su posici\u00f3n, a que el proyecto habitacional logre los avances antes de los plazos establecidos.<\/p>\n<\/div><\/section><\/div><div  style='height:50px' class='hr hr-invisible   avia-builder-el-6  el_after_av_one_full  el_before_av_social_share '><span class='hr-inner ' ><span class='hr-inner-style'><\/span><\/span><\/div><\/p>\n<div  class='av-social-sharing-box  avia-builder-el-7  el_after_av_hr  el_before_av_hr  '><div class='av-share-box'><h5 class='av-share-link-description av-no-toc '>Compartir esta noticia<\/h5><ul class='av-share-box-list noLightbox'><li class='av-share-link av-social-link-facebook' ><a target=\"_blank\" aria-label=\"Compartir en Facebook\" href='https:\/\/www.facebook.com\/sharer.php?u=https:\/\/radiorevelacionfm.cl\/?p=62036&#038;t=103%20familias%20de%20Ays%C3%A9n%20visitan%20sus%20viviendas%20que%20ya%20alcanzan%20el%2095%25%20de%20avance' aria-hidden='false' data-av_icon='\ue8f3' data-av_iconfont='entypo-fontello' title='' data-avia-related-tooltip='Compartir en Facebook' rel=\"noopener\"><span class='avia_hidden_link_text'>Compartir en Facebook<\/span><\/a><\/li><li class='av-share-link av-social-link-twitter' ><a target=\"_blank\" aria-label=\"Compartir en Twitter\" href='https:\/\/twitter.com\/share?text=103%20familias%20de%20Ays%C3%A9n%20visitan%20sus%20viviendas%20que%20ya%20alcanzan%20el%2095%25%20de%20avance&#038;url=https:\/\/radiorevelacionfm.cl\/?p=62036' aria-hidden='false' data-av_icon='\ue8f1' data-av_iconfont='entypo-fontello' title='' data-avia-related-tooltip='Compartir en Twitter' rel=\"noopener\"><span class='avia_hidden_link_text'>Compartir en Twitter<\/span><\/a><\/li><li class='av-share-link av-social-link-whatsapp' ><a target=\"_blank\" aria-label=\"Compartir en Whatsapp\" href='https:\/\/api.whatsapp.com\/send?text=https:\/\/radiorevelacionfm.cl\/?p=62036' aria-hidden='false' data-av_icon='\uf232' data-av_iconfont='entypo-fontello' title='' data-avia-related-tooltip='Compartir en Whatsapp' rel=\"noopener\"><span class='avia_hidden_link_text'>Compartir en Whatsapp<\/span><\/a><\/li><li class='av-share-link av-social-link-linkedin' ><a target=\"_blank\" aria-label=\"Compartir en LinkedIn\" href='https:\/\/linkedin.com\/shareArticle?mini=true&#038;title=103%20familias%20de%20Ays%C3%A9n%20visitan%20sus%20viviendas%20que%20ya%20alcanzan%20el%2095%25%20de%20avance&#038;url=https:\/\/radiorevelacionfm.cl\/?p=62036' aria-hidden='false' data-av_icon='\ue8fc' data-av_iconfont='entypo-fontello' title='' data-avia-related-tooltip='Compartir en LinkedIn' rel=\"noopener\"><span class='avia_hidden_link_text'>Compartir en LinkedIn<\/span><\/a><\/li><li class='av-share-link av-social-link-mail' ><a  aria-label=\"Compartir por correo\" href='mailto:?subject=103%20familias%20de%20Ays%C3%A9n%20visitan%20sus%20viviendas%20que%20ya%20alcanzan%20el%2095%25%20de%20avance&#038;body=https:\/\/radiorevelacionfm.cl\/?p=62036' aria-hidden='false' data-av_icon='\ue805' data-av_iconfont='entypo-fontello' title='' data-avia-related-tooltip='Compartir por correo'><span class='avia_hidden_link_text'>Compartir por correo<\/span><\/a><\/li><\/ul><\/div><\/div>\n<div  style='height:50px' class='hr hr-invisible   avia-builder-el-8  el_after_av_social_share  el_before_av_comments_list '><span class='hr-inner ' ><span class='hr-inner-style'><\/span><\/span><\/div>\n<div  class='av-buildercomment  av-blog-meta-html-info-disabled av-blog-meta-tag-disabled  '><\/div>\n","protected":false},"excerpt":{"rendered":"","protected":false},"author":1,"featured_media":62037,"comment_status":"closed","ping_status":"closed","sticky":false,"template":"","format":"standard","meta":{"footnotes":""},"categories":[57],"tags":[],"class_list":["post-62036","post","type-post","status-publish","format-standard","has-post-thumbnail","hentry","category-vivienda"],"jetpack_featured_media_url":"https:\/\/radiorevelacionfm.cl\/wp-content\/uploads\/2025\/12\/5-visita-95-1_optimized-1.jpg","_links":{"self":[{"href":"https:\/\/radiorevelacionfm.cl\/index.php?rest_route=\/wp\/v2\/posts\/62036","targetHints":{"allow":["GET"]}}],"collection":[{"href":"https:\/\/radiorevelacionfm.cl\/index.php?rest_route=\/wp\/v2\/posts"}],"about":[{"href":"https:\/\/radiorevelacionfm.cl\/index.php?rest_route=\/wp\/v2\/types\/post"}],"author":[{"embeddable":true,"href":"https:\/\/radiorevelacionfm.cl\/index.php?rest_route=\/wp\/v2\/users\/1"}],"replies":[{"embeddable":true,"href":"https:\/\/radiorevelacionfm.cl\/index.php?rest_route=%2Fwp%2Fv2%2Fcomments&post=62036"}],"version-history":[{"count":2,"href":"https:\/\/radiorevelacionfm.cl\/index.php?rest_route=\/wp\/v2\/posts\/62036\/revisions"}],"predecessor-version":[{"id":62039,"href":"https:\/\/radiorevelacionfm.cl\/index.php?rest_route=\/wp\/v2\/posts\/62036\/revisions\/62039"}],"wp:featuredmedia":[{"embeddable":true,"href":"https:\/\/radiorevelacionfm.cl\/index.php?rest_route=\/wp\/v2\/media\/62037"}],"wp:attachment":[{"href":"https:\/\/radiorevelacionfm.cl\/index.php?rest_route=%2Fwp%2Fv2%2Fmedia&parent=62036"}],"wp:term":[{"taxonomy":"category","embeddable":true,"href":"https:\/\/radiorevelacionfm.cl\/index.php?rest_route=%2Fwp%2Fv2%2Fcategories&post=62036"},{"taxonomy":"post_tag","embeddable":true,"href":"https:\/\/radiorevelacionfm.cl\/index.php?rest_route=%2Fwp%2Fv2%2Ftags&post=62036"}],"curies":[{"name":"wp","href":"https:\/\/api.w.org\/{rel}","templated":true}]}}