{"id":62034,"date":"2025-12-01T21:02:29","date_gmt":"2025-12-02T00:02:29","guid":{"rendered":"https:\/\/radiorevelacionfm.cl\/?p=62034"},"modified":"2025-12-01T21:02:29","modified_gmt":"2025-12-02T00:02:29","slug":"fiscalia-de-coyhaique-logra-prision-preventiva-para-dos-imputados-por-una-seguidilla-de-delitos-cometidos-en-seis-dias","status":"publish","type":"post","link":"https:\/\/radiorevelacionfm.cl\/?p=62034","title":{"rendered":"Fiscal\u00eda de Coyhaique logra prisi\u00f3n preventiva para dos imputados por una seguidilla de delitos cometidos en seis d\u00edas"},"content":{"rendered":"<div class=\"flex_column av_one_full  flex_column_div av-zero-column-padding first  avia-builder-el-0  el_before_av_one_full  avia-builder-el-first  \" style='border-radius:0px; '><div  class='avia-image-container  av-styling-    avia-builder-el-1  avia-builder-el-no-sibling  avia-align-center '  itemprop=\"image\" itemscope=\"itemscope\" itemtype=\"https:\/\/schema.org\/ImageObject\"  ><div class='avia-image-container-inner'><div class='avia-image-overlay-wrap'><img decoding=\"async\" class='wp-image-38612 avia-img-lazy-loading-not-38612 avia_image' src=\"https:\/\/radiorevelacionfm.cl\/wp-content\/uploads\/2024\/01\/fiscalia_7-1_optimized.jpeg\" alt='' title='fiscalia_7-(1)_optimized' height=\"600\" width=\"859\"  itemprop=\"thumbnailUrl\" srcset=\"https:\/\/radiorevelacionfm.cl\/wp-content\/uploads\/2024\/01\/fiscalia_7-1_optimized.jpeg 859w, https:\/\/radiorevelacionfm.cl\/wp-content\/uploads\/2024\/01\/fiscalia_7-1_optimized-300x210.jpeg 300w, https:\/\/radiorevelacionfm.cl\/wp-content\/uploads\/2024\/01\/fiscalia_7-1_optimized-768x536.jpeg 768w, https:\/\/radiorevelacionfm.cl\/wp-content\/uploads\/2024\/01\/fiscalia_7-1_optimized-705x492.jpeg 705w, https:\/\/radiorevelacionfm.cl\/wp-content\/uploads\/2024\/01\/fiscalia_7-1_optimized-450x314.jpeg 450w, https:\/\/radiorevelacionfm.cl\/wp-content\/uploads\/2024\/01\/fiscalia_7-1_optimized-600x419.jpeg 600w\" sizes=\"(max-width: 859px) 100vw, 859px\" \/><\/div><\/div><\/div><\/div><div class=\"flex_column av_one_full  flex_column_div av-zero-column-padding first  avia-builder-el-2  el_after_av_one_full  el_before_av_one_full  column-top-margin\" style='border-radius:0px; '><section class=\"av_textblock_section \"  itemscope=\"itemscope\" itemtype=\"https:\/\/schema.org\/BlogPosting\" itemprop=\"blogPost\" ><div class='avia_textblock  '   itemprop=\"text\" ><p style=\"text-align: center;\"><span style=\"font-size: 18pt;\"><b>Fiscal\u00eda de Coyhaique logra prisi\u00f3n preventiva para dos imputados por una seguidilla de delitos cometidos en seis d\u00edas<\/b><\/span><\/p>\n<div id=\"gtx-trans\" style=\"position: absolute; left: -50px; top: 4.31534px;\">\n<div class=\"gtx-trans-icon\"><\/div>\n<\/div>\n<\/div><\/section><\/div><div class=\"flex_column av_one_full  flex_column_div av-zero-column-padding first  avia-builder-el-4  el_after_av_one_full  el_before_av_hr  column-top-margin\" style='border-radius:0px; '><section class=\"av_textblock_section \"  itemscope=\"itemscope\" itemtype=\"https:\/\/schema.org\/BlogPosting\" itemprop=\"blogPost\" ><div class='avia_textblock  '   itemprop=\"text\" ><p style=\"font-weight: 400; text-align: justify;\">La Fiscal\u00eda Local de Coyhaique obtuvo la prisi\u00f3n preventiva de dos imputados por una serie de delitos perpetrados entre el 19 y 24 de noviembre en la capital regional de Ays\u00e9n, los cuales fueron detectados en base a un trabajo investigativo desarrollado por Carabineros en coordinaci\u00f3n con el Ministerio P\u00fablico.<\/p>\n<p style=\"font-weight: 400; text-align: justify;\">Los hechos corresponden al hurto de un veh\u00edculo, tres estafas, un delito de da\u00f1os simples, una conducci\u00f3n de veh\u00edculo con placa patente correspondiente a otro autom\u00f3vil, dos robos, un porte o tenencia ilegal de arma de fuego y un porte o tenencia ilegal de municiones.<\/p>\n<p style=\"font-weight: 400; text-align: justify;\">El abogado de la Fiscal\u00eda Local de Coyhaique, Sebasti\u00e1n Vild\u00f3sola, explic\u00f3 que \u201ccomo Fiscal\u00eda, formalizamos investigaci\u00f3n en contra de dos sujetos de 19 y 22 a\u00f1os de edad por distintos hechos ocurridos en la comuna tanto en Coyhaique como en sus alrededores, perpetrados entre el 19 y 24 de noviembre del presente a\u00f1o\u201d.<\/p>\n<p style=\"font-weight: 400; text-align: justify;\">Seg\u00fan detall\u00f3, \u201clos hechos por los cuales se formaliz\u00f3 investigaci\u00f3n dicen relaci\u00f3n con un hurto de un veh\u00edculo desde la ciudad de Coyhaique y diversos il\u00edcitos que se cometieron a bordo de dicho veh\u00edculo, entre ellos estafas perpetradas en el servicentro de esta ciudad, cambio o circulaci\u00f3n con patentes de otros veh\u00edculos\u201d.<\/p>\n<p style=\"font-weight: 400; text-align: justify;\">Vild\u00f3sola agreg\u00f3 que los imputados adem\u00e1s habr\u00edan participado en un robo en lugar habitado frustrado y en el caso de uno de los sujetos, en un robo con violencia frustrado y porte o tenencia de armas de fuego y municiones. Uno de los imputado fue formalizado por 10 delitos y otro por seis de estos hechos.<\/p>\n<p style=\"font-weight: 400; text-align: justify;\">El abogado explic\u00f3 que, debido a la gravedad de los hechos, \u201cesta Fiscal\u00eda solicit\u00f3 la prisi\u00f3n preventiva de ambos imputados por estimar que su libertad constituye un peligro para la seguridad de la sociedad y tambi\u00e9n un peligro para la seguridad de las v\u00edctimas\u201d.<\/p>\n<p style=\"font-weight: 400; text-align: justify;\">El Juzgado de Garant\u00eda de Coyhaique acogi\u00f3 los argumentos y decret\u00f3 a fines de la semana pasada la prisi\u00f3n preventiva para ambos involucrados.<\/p>\n<p style=\"font-weight: 400; text-align: justify;\">El tribunal fij\u00f3 adem\u00e1s un plazo de investigaci\u00f3n de 90 d\u00edas. Las diligencias est\u00e1n siendo desarrolladas por la Secci\u00f3n de Investigaci\u00f3n Policial de Carabineros (SIP) y por personal de Labocar Coyhaique, quienes mantienen indagatorias en curso.<\/p>\n<\/div><\/section><\/div><div  style='height:50px' class='hr hr-invisible   avia-builder-el-6  el_after_av_one_full  el_before_av_social_share '><span class='hr-inner ' ><span class='hr-inner-style'><\/span><\/span><\/div><\/p>\n<div  class='av-social-sharing-box  avia-builder-el-7  el_after_av_hr  el_before_av_hr  '><div class='av-share-box'><h5 class='av-share-link-description av-no-toc '>Compartir esta noticia<\/h5><ul class='av-share-box-list noLightbox'><li class='av-share-link av-social-link-facebook' ><a target=\"_blank\" aria-label=\"Compartir en Facebook\" href='https:\/\/www.facebook.com\/sharer.php?u=https:\/\/radiorevelacionfm.cl\/?p=62034&#038;t=Fiscal%C3%ADa%20de%20Coyhaique%20logra%20prisi%C3%B3n%20preventiva%20para%20dos%20imputados%20por%20una%20seguidilla%20de%20delitos%20cometidos%20en%20seis%20d%C3%ADas' aria-hidden='false' data-av_icon='\ue8f3' data-av_iconfont='entypo-fontello' title='' data-avia-related-tooltip='Compartir en Facebook' rel=\"noopener\"><span class='avia_hidden_link_text'>Compartir en Facebook<\/span><\/a><\/li><li class='av-share-link av-social-link-twitter' ><a target=\"_blank\" aria-label=\"Compartir en Twitter\" href='https:\/\/twitter.com\/share?text=Fiscal%C3%ADa%20de%20Coyhaique%20logra%20prisi%C3%B3n%20preventiva%20para%20dos%20imputados%20por%20una%20seguidilla%20de%20delitos%20cometidos%20en%20seis%20d%C3%ADas&#038;url=https:\/\/radiorevelacionfm.cl\/?p=62034' aria-hidden='false' data-av_icon='\ue8f1' data-av_iconfont='entypo-fontello' title='' data-avia-related-tooltip='Compartir en Twitter' rel=\"noopener\"><span class='avia_hidden_link_text'>Compartir en Twitter<\/span><\/a><\/li><li class='av-share-link av-social-link-whatsapp' ><a target=\"_blank\" aria-label=\"Compartir en Whatsapp\" href='https:\/\/api.whatsapp.com\/send?text=https:\/\/radiorevelacionfm.cl\/?p=62034' aria-hidden='false' data-av_icon='\uf232' data-av_iconfont='entypo-fontello' title='' data-avia-related-tooltip='Compartir en Whatsapp' rel=\"noopener\"><span class='avia_hidden_link_text'>Compartir en Whatsapp<\/span><\/a><\/li><li class='av-share-link av-social-link-linkedin' ><a target=\"_blank\" aria-label=\"Compartir en LinkedIn\" href='https:\/\/linkedin.com\/shareArticle?mini=true&#038;title=Fiscal%C3%ADa%20de%20Coyhaique%20logra%20prisi%C3%B3n%20preventiva%20para%20dos%20imputados%20por%20una%20seguidilla%20de%20delitos%20cometidos%20en%20seis%20d%C3%ADas&#038;url=https:\/\/radiorevelacionfm.cl\/?p=62034' aria-hidden='false' data-av_icon='\ue8fc' data-av_iconfont='entypo-fontello' title='' data-avia-related-tooltip='Compartir en LinkedIn' rel=\"noopener\"><span class='avia_hidden_link_text'>Compartir en LinkedIn<\/span><\/a><\/li><li class='av-share-link av-social-link-mail' ><a  aria-label=\"Compartir por correo\" href='mailto:?subject=Fiscal%C3%ADa%20de%20Coyhaique%20logra%20prisi%C3%B3n%20preventiva%20para%20dos%20imputados%20por%20una%20seguidilla%20de%20delitos%20cometidos%20en%20seis%20d%C3%ADas&#038;body=https:\/\/radiorevelacionfm.cl\/?p=62034' aria-hidden='false' data-av_icon='\ue805' data-av_iconfont='entypo-fontello' title='' data-avia-related-tooltip='Compartir por correo'><span class='avia_hidden_link_text'>Compartir por correo<\/span><\/a><\/li><\/ul><\/div><\/div>\n<div  style='height:50px' class='hr hr-invisible   avia-builder-el-8  el_after_av_social_share  el_before_av_comments_list '><span class='hr-inner ' ><span class='hr-inner-style'><\/span><\/span><\/div>\n<div  class='av-buildercomment  av-blog-meta-html-info-disabled av-blog-meta-tag-disabled  '><\/div>\n","protected":false},"excerpt":{"rendered":"","protected":false},"author":1,"featured_media":38612,"comment_status":"closed","ping_status":"closed","sticky":false,"template":"","format":"standard","meta":{"footnotes":""},"categories":[55],"tags":[],"class_list":["post-62034","post","type-post","status-publish","format-standard","has-post-thumbnail","hentry","category-justicia"],"jetpack_featured_media_url":"https:\/\/radiorevelacionfm.cl\/wp-content\/uploads\/2024\/01\/fiscalia_7-1_optimized.jpeg","_links":{"self":[{"href":"https:\/\/radiorevelacionfm.cl\/index.php?rest_route=\/wp\/v2\/posts\/62034","targetHints":{"allow":["GET"]}}],"collection":[{"href":"https:\/\/radiorevelacionfm.cl\/index.php?rest_route=\/wp\/v2\/posts"}],"about":[{"href":"https:\/\/radiorevelacionfm.cl\/index.php?rest_route=\/wp\/v2\/types\/post"}],"author":[{"embeddable":true,"href":"https:\/\/radiorevelacionfm.cl\/index.php?rest_route=\/wp\/v2\/users\/1"}],"replies":[{"embeddable":true,"href":"https:\/\/radiorevelacionfm.cl\/index.php?rest_route=%2Fwp%2Fv2%2Fcomments&post=62034"}],"version-history":[{"count":2,"href":"https:\/\/radiorevelacionfm.cl\/index.php?rest_route=\/wp\/v2\/posts\/62034\/revisions"}],"predecessor-version":[{"id":62041,"href":"https:\/\/radiorevelacionfm.cl\/index.php?rest_route=\/wp\/v2\/posts\/62034\/revisions\/62041"}],"wp:featuredmedia":[{"embeddable":true,"href":"https:\/\/radiorevelacionfm.cl\/index.php?rest_route=\/wp\/v2\/media\/38612"}],"wp:attachment":[{"href":"https:\/\/radiorevelacionfm.cl\/index.php?rest_route=%2Fwp%2Fv2%2Fmedia&parent=62034"}],"wp:term":[{"taxonomy":"category","embeddable":true,"href":"https:\/\/radiorevelacionfm.cl\/index.php?rest_route=%2Fwp%2Fv2%2Fcategories&post=62034"},{"taxonomy":"post_tag","embeddable":true,"href":"https:\/\/radiorevelacionfm.cl\/index.php?rest_route=%2Fwp%2Fv2%2Ftags&post=62034"}],"curies":[{"name":"wp","href":"https:\/\/api.w.org\/{rel}","templated":true}]}}