{"id":62031,"date":"2025-12-03T12:52:33","date_gmt":"2025-12-03T15:52:33","guid":{"rendered":"https:\/\/radiorevelacionfm.cl\/?p=62031"},"modified":"2025-12-03T12:52:33","modified_gmt":"2025-12-03T15:52:33","slug":"servicio-de-reinsercion-social-juvenil-y-sernameg-firman-convenio-regional-para-avanzar-en-la-reintegracion-con-equidad-de-genero","status":"publish","type":"post","link":"https:\/\/radiorevelacionfm.cl\/?p=62031","title":{"rendered":"Servicio de Reinserci\u00f3n Social Juvenil y SernamEG firman convenio regional para avanzar en la reintegraci\u00f3n con equidad de g\u00e9nero"},"content":{"rendered":"<div class=\"flex_column av_one_full  flex_column_div av-zero-column-padding first  avia-builder-el-0  el_before_av_one_full  avia-builder-el-first  \" style='border-radius:0px; '><div  class='avia-image-container  av-styling-    avia-builder-el-1  avia-builder-el-no-sibling  avia-align-center '  itemprop=\"image\" itemscope=\"itemscope\" itemtype=\"https:\/\/schema.org\/ImageObject\"  ><div class='avia-image-container-inner'><div class='avia-image-overlay-wrap'><img decoding=\"async\" class='wp-image-62032 avia-img-lazy-loading-not-62032 avia_image' src=\"https:\/\/radiorevelacionfm.cl\/wp-content\/uploads\/2025\/12\/foto-convenio-reinsercion-sernameg-1_optimized.jpeg\" alt='' title='foto-convenio-reinserci\u00f3n-sernameg-(1)_optimized' height=\"600\" width=\"800\"  itemprop=\"thumbnailUrl\" srcset=\"https:\/\/radiorevelacionfm.cl\/wp-content\/uploads\/2025\/12\/foto-convenio-reinsercion-sernameg-1_optimized.jpeg 800w, https:\/\/radiorevelacionfm.cl\/wp-content\/uploads\/2025\/12\/foto-convenio-reinsercion-sernameg-1_optimized-300x225.jpeg 300w, https:\/\/radiorevelacionfm.cl\/wp-content\/uploads\/2025\/12\/foto-convenio-reinsercion-sernameg-1_optimized-768x576.jpeg 768w, https:\/\/radiorevelacionfm.cl\/wp-content\/uploads\/2025\/12\/foto-convenio-reinsercion-sernameg-1_optimized-705x529.jpeg 705w, https:\/\/radiorevelacionfm.cl\/wp-content\/uploads\/2025\/12\/foto-convenio-reinsercion-sernameg-1_optimized-450x338.jpeg 450w, https:\/\/radiorevelacionfm.cl\/wp-content\/uploads\/2025\/12\/foto-convenio-reinsercion-sernameg-1_optimized-600x450.jpeg 600w\" sizes=\"(max-width: 800px) 100vw, 800px\" \/><\/div><\/div><\/div><\/div><div class=\"flex_column av_one_full  flex_column_div av-zero-column-padding first  avia-builder-el-2  el_after_av_one_full  el_before_av_one_full  column-top-margin\" style='border-radius:0px; '><section class=\"av_textblock_section \"  itemscope=\"itemscope\" itemtype=\"https:\/\/schema.org\/BlogPosting\" itemprop=\"blogPost\" ><div class='avia_textblock  '   itemprop=\"text\" ><p style=\"text-align: center;\"><span style=\"font-size: 18pt;\"><b>Servicio de Reinserci\u00f3n Social Juvenil y SernamEG firman convenio regional para avanzar en la reintegraci\u00f3n con equidad de g\u00e9nero<\/b><\/span><\/p>\n<div id=\"gtx-trans\" style=\"position: absolute; left: -50px; top: 4.31534px;\">\n<div class=\"gtx-trans-icon\"><\/div>\n<\/div>\n<\/div><\/section><\/div><div class=\"flex_column av_one_full  flex_column_div av-zero-column-padding first  avia-builder-el-4  el_after_av_one_full  el_before_av_hr  column-top-margin\" style='border-radius:0px; '><section class=\"av_textblock_section \"  itemscope=\"itemscope\" itemtype=\"https:\/\/schema.org\/BlogPosting\" itemprop=\"blogPost\" ><div class='avia_textblock  '   itemprop=\"text\" ><p style=\"text-align: justify;\">En el marco del trabajo colaborativo que realizan los diferentes servicios p\u00fablicos en la Regi\u00f3n de Ays\u00e9n, el Servicio Nacional de la Mujer y la Equidad de G\u00e9nero (SernamEG) y el Servicio Nacional de Reinserci\u00f3n Social Juvenil firmaron un convenio de colaboraci\u00f3n, para avanzar en la incorporaci\u00f3n del enfoque de g\u00e9nero en el trabajo que se lleva a cabo para reintegrar a las juventudes.<\/p>\n<p style=\"text-align: justify;\">Esto abarca la promoci\u00f3n de buenas pr\u00e1cticas laborales al interior del servicio, la prevenci\u00f3n de la violencia contra las mujeres y la mejora de la respuesta institucional hacia j\u00f3venes y cuidadoras que requieran apoyo especializado.<\/p>\n<p style=\"text-align: justify;\">En ese sentido, Israel Villavicencio, director regional del Servicio de Reinserci\u00f3n Social Juvenil Ays\u00e9n, destac\u00f3 que \u201cincorporar el enfoque de g\u00e9nero en todos nuestros procesos es fundamental para construir un sistema de reinserci\u00f3n m\u00e1s humano y coherente con los desaf\u00edos actuales\u201d.<\/p>\n<p style=\"text-align: justify;\">Al respecto, la directora regional del SernamEG Ays\u00e9n, Patricia Baeza, se\u00f1al\u00f3 que \u201ceste convenio refuerza el compromiso de nuestro servicio con la construcci\u00f3n de instituciones que integren la equidad de g\u00e9nero como un principio transversal en su trabajo diario\u201d.<\/p>\n<p style=\"text-align: justify;\">Este convenio permitir\u00e1 profundizar la colaboraci\u00f3n entre ambas instituciones mediante actividades formativas dirigidas a funcionarias y funcionarios, orientadas a fortalecer competencias en materias de g\u00e9nero y a instalar buenas pr\u00e1cticas laborales con enfoque de equidad. Tambi\u00e9n se contempla la presentaci\u00f3n peri\u00f3dica de la oferta program\u00e1tica del SernamEG a los equipos del servicio y a las personas cuidadoras de las y los j\u00f3venes atendidos, facilitando un trabajo coordinado y pertinente a las necesidades del territorio.<\/p>\n<p style=\"text-align: justify;\">El acuerdo incluye, adem\u00e1s, la revisi\u00f3n y actualizaci\u00f3n de documentos t\u00e9cnicos utilizados por el Servicio de Reinserci\u00f3n Social Juvenil, como materiales de comunicaci\u00f3n con adolescentes y orientaciones relativas a la lectura de derechos, asegurando que incorporen adecuadamente el enfoque de g\u00e9nero con el acompa\u00f1amiento t\u00e9cnico del SernamEG. Este proceso contribuir\u00e1 a mejorar la calidad de las intervenciones y fortalecer los est\u00e1ndares institucionales.<\/p>\n<p style=\"text-align: justify;\">Desde ambos servicios se destac\u00f3 el hecho de que este acuerdo consolida un trabajo intersectorial orientado a mejorar las condiciones de atenci\u00f3n, fortalecer la igualdad de oportunidades y avanzar hacia una vida libre de violencia para mujeres, j\u00f3venes y sus familias en la Regi\u00f3n de Ays\u00e9n.<\/p>\n<\/div><\/section><\/div><div  style='height:50px' class='hr hr-invisible   avia-builder-el-6  el_after_av_one_full  el_before_av_social_share '><span class='hr-inner ' ><span class='hr-inner-style'><\/span><\/span><\/div><\/p>\n<div  class='av-social-sharing-box  avia-builder-el-7  el_after_av_hr  el_before_av_hr  '><div class='av-share-box'><h5 class='av-share-link-description av-no-toc '>Compartir esta noticia<\/h5><ul class='av-share-box-list noLightbox'><li class='av-share-link av-social-link-facebook' ><a target=\"_blank\" aria-label=\"Compartir en Facebook\" href='https:\/\/www.facebook.com\/sharer.php?u=https:\/\/radiorevelacionfm.cl\/?p=62031&#038;t=Servicio%20de%20Reinserci%C3%B3n%20Social%20Juvenil%20y%20SernamEG%20firman%20convenio%20regional%20para%20avanzar%20en%20la%20reintegraci%C3%B3n%20con%20equidad%20de%20g%C3%A9nero' aria-hidden='false' data-av_icon='\ue8f3' data-av_iconfont='entypo-fontello' title='' data-avia-related-tooltip='Compartir en Facebook' rel=\"noopener\"><span class='avia_hidden_link_text'>Compartir en Facebook<\/span><\/a><\/li><li class='av-share-link av-social-link-twitter' ><a target=\"_blank\" aria-label=\"Compartir en Twitter\" href='https:\/\/twitter.com\/share?text=Servicio%20de%20Reinserci%C3%B3n%20Social%20Juvenil%20y%20SernamEG%20firman%20convenio%20regional%20para%20avanzar%20en%20la%20reintegraci%C3%B3n%20con%20equidad%20de%20g%C3%A9nero&#038;url=https:\/\/radiorevelacionfm.cl\/?p=62031' aria-hidden='false' data-av_icon='\ue8f1' data-av_iconfont='entypo-fontello' title='' data-avia-related-tooltip='Compartir en Twitter' rel=\"noopener\"><span class='avia_hidden_link_text'>Compartir en Twitter<\/span><\/a><\/li><li class='av-share-link av-social-link-whatsapp' ><a target=\"_blank\" aria-label=\"Compartir en Whatsapp\" href='https:\/\/api.whatsapp.com\/send?text=https:\/\/radiorevelacionfm.cl\/?p=62031' aria-hidden='false' data-av_icon='\uf232' data-av_iconfont='entypo-fontello' title='' data-avia-related-tooltip='Compartir en Whatsapp' rel=\"noopener\"><span class='avia_hidden_link_text'>Compartir en Whatsapp<\/span><\/a><\/li><li class='av-share-link av-social-link-linkedin' ><a target=\"_blank\" aria-label=\"Compartir en LinkedIn\" href='https:\/\/linkedin.com\/shareArticle?mini=true&#038;title=Servicio%20de%20Reinserci%C3%B3n%20Social%20Juvenil%20y%20SernamEG%20firman%20convenio%20regional%20para%20avanzar%20en%20la%20reintegraci%C3%B3n%20con%20equidad%20de%20g%C3%A9nero&#038;url=https:\/\/radiorevelacionfm.cl\/?p=62031' aria-hidden='false' data-av_icon='\ue8fc' data-av_iconfont='entypo-fontello' title='' data-avia-related-tooltip='Compartir en LinkedIn' rel=\"noopener\"><span class='avia_hidden_link_text'>Compartir en LinkedIn<\/span><\/a><\/li><li class='av-share-link av-social-link-mail' ><a  aria-label=\"Compartir por correo\" href='mailto:?subject=Servicio%20de%20Reinserci%C3%B3n%20Social%20Juvenil%20y%20SernamEG%20firman%20convenio%20regional%20para%20avanzar%20en%20la%20reintegraci%C3%B3n%20con%20equidad%20de%20g%C3%A9nero&#038;body=https:\/\/radiorevelacionfm.cl\/?p=62031' aria-hidden='false' data-av_icon='\ue805' data-av_iconfont='entypo-fontello' title='' data-avia-related-tooltip='Compartir por correo'><span class='avia_hidden_link_text'>Compartir por correo<\/span><\/a><\/li><\/ul><\/div><\/div>\n<div  style='height:50px' class='hr hr-invisible   avia-builder-el-8  el_after_av_social_share  el_before_av_comments_list '><span class='hr-inner ' ><span class='hr-inner-style'><\/span><\/span><\/div>\n<div  class='av-buildercomment  av-blog-meta-html-info-disabled av-blog-meta-tag-disabled  '><\/div>\n","protected":false},"excerpt":{"rendered":"","protected":false},"author":1,"featured_media":62032,"comment_status":"closed","ping_status":"closed","sticky":false,"template":"","format":"standard","meta":{"footnotes":""},"categories":[38],"tags":[],"class_list":["post-62031","post","type-post","status-publish","format-standard","has-post-thumbnail","hentry","category-regional"],"jetpack_featured_media_url":"https:\/\/radiorevelacionfm.cl\/wp-content\/uploads\/2025\/12\/foto-convenio-reinsercion-sernameg-1_optimized.jpeg","_links":{"self":[{"href":"https:\/\/radiorevelacionfm.cl\/index.php?rest_route=\/wp\/v2\/posts\/62031","targetHints":{"allow":["GET"]}}],"collection":[{"href":"https:\/\/radiorevelacionfm.cl\/index.php?rest_route=\/wp\/v2\/posts"}],"about":[{"href":"https:\/\/radiorevelacionfm.cl\/index.php?rest_route=\/wp\/v2\/types\/post"}],"author":[{"embeddable":true,"href":"https:\/\/radiorevelacionfm.cl\/index.php?rest_route=\/wp\/v2\/users\/1"}],"replies":[{"embeddable":true,"href":"https:\/\/radiorevelacionfm.cl\/index.php?rest_route=%2Fwp%2Fv2%2Fcomments&post=62031"}],"version-history":[{"count":2,"href":"https:\/\/radiorevelacionfm.cl\/index.php?rest_route=\/wp\/v2\/posts\/62031\/revisions"}],"predecessor-version":[{"id":62108,"href":"https:\/\/radiorevelacionfm.cl\/index.php?rest_route=\/wp\/v2\/posts\/62031\/revisions\/62108"}],"wp:featuredmedia":[{"embeddable":true,"href":"https:\/\/radiorevelacionfm.cl\/index.php?rest_route=\/wp\/v2\/media\/62032"}],"wp:attachment":[{"href":"https:\/\/radiorevelacionfm.cl\/index.php?rest_route=%2Fwp%2Fv2%2Fmedia&parent=62031"}],"wp:term":[{"taxonomy":"category","embeddable":true,"href":"https:\/\/radiorevelacionfm.cl\/index.php?rest_route=%2Fwp%2Fv2%2Fcategories&post=62031"},{"taxonomy":"post_tag","embeddable":true,"href":"https:\/\/radiorevelacionfm.cl\/index.php?rest_route=%2Fwp%2Fv2%2Ftags&post=62031"}],"curies":[{"name":"wp","href":"https:\/\/api.w.org\/{rel}","templated":true}]}}