{"id":62028,"date":"2025-12-02T10:21:37","date_gmt":"2025-12-02T13:21:37","guid":{"rendered":"https:\/\/radiorevelacionfm.cl\/?p=62028"},"modified":"2025-12-02T10:21:37","modified_gmt":"2025-12-02T13:21:37","slug":"esta-semana-parten-las-capacitaciones-presenciales-de-fondeporte-2026","status":"publish","type":"post","link":"https:\/\/radiorevelacionfm.cl\/?p=62028","title":{"rendered":"Esta semana parten las capacitaciones presenciales de Fondeporte 2026"},"content":{"rendered":"<div class=\"flex_column av_one_full  flex_column_div av-zero-column-padding first  avia-builder-el-0  el_before_av_one_full  avia-builder-el-first  \" style='border-radius:0px; '><div  class='avia-image-container  av-styling-    avia-builder-el-1  avia-builder-el-no-sibling  avia-align-center '  itemprop=\"image\" itemscope=\"itemscope\" itemtype=\"https:\/\/schema.org\/ImageObject\"  ><div class='avia-image-container-inner'><div class='avia-image-overlay-wrap'><img decoding=\"async\" class='wp-image-62029 avia-img-lazy-loading-not-62029 avia_image' src=\"https:\/\/radiorevelacionfm.cl\/wp-content\/uploads\/2025\/12\/foto-8-8-1-1.jpg\" alt='' title='foto 8 (8) (1) (1)' height=\"600\" width=\"900\"  itemprop=\"thumbnailUrl\" srcset=\"https:\/\/radiorevelacionfm.cl\/wp-content\/uploads\/2025\/12\/foto-8-8-1-1.jpg 900w, https:\/\/radiorevelacionfm.cl\/wp-content\/uploads\/2025\/12\/foto-8-8-1-1-300x200.jpg 300w, https:\/\/radiorevelacionfm.cl\/wp-content\/uploads\/2025\/12\/foto-8-8-1-1-768x512.jpg 768w, https:\/\/radiorevelacionfm.cl\/wp-content\/uploads\/2025\/12\/foto-8-8-1-1-705x470.jpg 705w, https:\/\/radiorevelacionfm.cl\/wp-content\/uploads\/2025\/12\/foto-8-8-1-1-450x300.jpg 450w, https:\/\/radiorevelacionfm.cl\/wp-content\/uploads\/2025\/12\/foto-8-8-1-1-600x400.jpg 600w\" sizes=\"(max-width: 900px) 100vw, 900px\" \/><\/div><\/div><\/div><\/div><div class=\"flex_column av_one_full  flex_column_div av-zero-column-padding first  avia-builder-el-2  el_after_av_one_full  el_before_av_one_full  column-top-margin\" style='border-radius:0px; '><section class=\"av_textblock_section \"  itemscope=\"itemscope\" itemtype=\"https:\/\/schema.org\/BlogPosting\" itemprop=\"blogPost\" ><div class='avia_textblock  '   itemprop=\"text\" ><p style=\"text-align: center;\"><strong><span style=\"font-size: 18pt;\">Esta semana parten las capacitaciones presenciales de Fondeporte 2026<\/span><\/strong><\/p>\n<div id=\"gtx-trans\" style=\"position: absolute; left: -50px; top: 4.31534px;\">\n<div class=\"gtx-trans-icon\"><\/div>\n<\/div>\n<\/div><\/section><\/div><div class=\"flex_column av_one_full  flex_column_div av-zero-column-padding first  avia-builder-el-4  el_after_av_one_full  el_before_av_hr  column-top-margin\" style='border-radius:0px; '><section class=\"av_textblock_section \"  itemscope=\"itemscope\" itemtype=\"https:\/\/schema.org\/BlogPosting\" itemprop=\"blogPost\" ><div class='avia_textblock  '   itemprop=\"text\" ><p style=\"text-align: justify;\"><em>Las Jornadas se iniciar\u00e1n este martes 02 de diciembre en Puerto Ays\u00e9n.<\/em><\/p>\n<p style=\"text-align: justify;\">Este martes 02 de diciembre, en la Delegaci\u00f3n Provincial de Ays\u00e9n, se dar\u00e1 inicio a las jornadas de capacitaci\u00f3n del concurso p\u00fablico del\u00a0Fondo Nacional para el Fomento del Deporte\u00a0 Fondeporte 2026 del Instituto Nacional de Deportes.<\/p>\n<p style=\"text-align: justify;\">La primera\u00a0 capacitaci\u00f3n presencial ser\u00e1 en\u00a0Puerto Ays\u00e9n a partir de las 18:30 horas\u00a0(sala de reuni\u00f3n\u00a0DPP Ays\u00e9n), calle Esmeralda #810. Posteriormente, el d\u00eda\u00a006 de diciembre\u00a0se desarrollar\u00e1 un capacitaci\u00f3n en\u00a0Chile-Chico\u00a0y el d\u00eda\u00a009 de diciembre\u00a0ser\u00e1 el turno de\u00a0Cochrane, para finalizar el d\u00eda 10 de diciembre en Coyhaique.<\/p>\n<p style=\"text-align: justify;\">La programaci\u00f3n de las capacitaciones estar\u00e1 disponible en las redes sociales @Mindepaysen Instagram y facebook y como \u00fanico requisito se solicita asistir puntualmente.<\/p>\n<p style=\"text-align: justify;\">Las categor\u00edas a las que se pueden postular son:<\/p>\n<p style=\"text-align: justify;\">Formaci\u00f3n para el deporte<br \/>\n-escuela de formaci\u00f3n motora<br \/>\n-escuela de deporte<\/p>\n<p style=\"text-align: justify;\">Deporte recreativo<br \/>\n-taller deportivo recreativo<br \/>\n-evento deportivo recreativo<\/p>\n<p style=\"text-align: justify;\">Deporte de competici\u00f3n<br \/>\n-organizaci\u00f3n de competencias<br \/>\n-preparaci\u00f3n para la competencias<br \/>\n-participaci\u00f3n en competencias<\/p>\n<p style=\"text-align: justify;\">Ciencias del deporte<br \/>\n-investigaci\u00f3n en ciencias del deporte<\/p>\n<p style=\"text-align: justify;\">El proceso se inici\u00f3 el 16 de noviembre con la apertura de las bases, que se pueden descargar en\u00a0<a href=\"http:\/\/www.proyectosdeportivos.cl\/\">http:\/\/www.proyectosdeportivos.cl<\/a>\u00a0y el periodo de postulaci\u00f3n de los proyectos se extiende del 29 de noviembre al 19 de diciembre. Entre los requisitos de postulaci\u00f3n para las organizaciones, es tener al menos dos a\u00f1os de antig\u00fcedad.<\/p>\n<p style=\"text-align: justify;\">CAPACITACIONES ONLINE<\/p>\n<p style=\"text-align: justify;\">Esta semana se iniciar\u00e1n adem\u00e1s las capacitaciones online para las diversas regiones, la fecha para la regi\u00f3n de Ays\u00e9n ser\u00e1 el\u00a009 de diciembre\u00a0y las inscripciones se realizan en\u00a0<a href=\"https:\/\/diariolaquinta.cl\/2025\/11\/30\/deportes-esta-semana-parten-las-capacitaciones-presenciales-de-fondeporte-2026\/www.ind.cl\">www.ind.cl<\/a><\/p>\n<\/div><\/section><\/div><div  style='height:50px' class='hr hr-invisible   avia-builder-el-6  el_after_av_one_full  el_before_av_social_share '><span class='hr-inner ' ><span class='hr-inner-style'><\/span><\/span><\/div><\/p>\n<div  class='av-social-sharing-box  avia-builder-el-7  el_after_av_hr  el_before_av_hr  '><div class='av-share-box'><h5 class='av-share-link-description av-no-toc '>Compartir esta noticia<\/h5><ul class='av-share-box-list noLightbox'><li class='av-share-link av-social-link-facebook' ><a target=\"_blank\" aria-label=\"Compartir en Facebook\" href='https:\/\/www.facebook.com\/sharer.php?u=https:\/\/radiorevelacionfm.cl\/?p=62028&#038;t=Esta%20semana%20parten%20las%20capacitaciones%20presenciales%20de%20Fondeporte%202026' aria-hidden='false' data-av_icon='\ue8f3' data-av_iconfont='entypo-fontello' title='' data-avia-related-tooltip='Compartir en Facebook' rel=\"noopener\"><span class='avia_hidden_link_text'>Compartir en Facebook<\/span><\/a><\/li><li class='av-share-link av-social-link-twitter' ><a target=\"_blank\" aria-label=\"Compartir en Twitter\" href='https:\/\/twitter.com\/share?text=Esta%20semana%20parten%20las%20capacitaciones%20presenciales%20de%20Fondeporte%202026&#038;url=https:\/\/radiorevelacionfm.cl\/?p=62028' aria-hidden='false' data-av_icon='\ue8f1' data-av_iconfont='entypo-fontello' title='' data-avia-related-tooltip='Compartir en Twitter' rel=\"noopener\"><span class='avia_hidden_link_text'>Compartir en Twitter<\/span><\/a><\/li><li class='av-share-link av-social-link-whatsapp' ><a target=\"_blank\" aria-label=\"Compartir en Whatsapp\" href='https:\/\/api.whatsapp.com\/send?text=https:\/\/radiorevelacionfm.cl\/?p=62028' aria-hidden='false' data-av_icon='\uf232' data-av_iconfont='entypo-fontello' title='' data-avia-related-tooltip='Compartir en Whatsapp' rel=\"noopener\"><span class='avia_hidden_link_text'>Compartir en Whatsapp<\/span><\/a><\/li><li class='av-share-link av-social-link-linkedin' ><a target=\"_blank\" aria-label=\"Compartir en LinkedIn\" href='https:\/\/linkedin.com\/shareArticle?mini=true&#038;title=Esta%20semana%20parten%20las%20capacitaciones%20presenciales%20de%20Fondeporte%202026&#038;url=https:\/\/radiorevelacionfm.cl\/?p=62028' aria-hidden='false' data-av_icon='\ue8fc' data-av_iconfont='entypo-fontello' title='' data-avia-related-tooltip='Compartir en LinkedIn' rel=\"noopener\"><span class='avia_hidden_link_text'>Compartir en LinkedIn<\/span><\/a><\/li><li class='av-share-link av-social-link-mail' ><a  aria-label=\"Compartir por correo\" href='mailto:?subject=Esta%20semana%20parten%20las%20capacitaciones%20presenciales%20de%20Fondeporte%202026&#038;body=https:\/\/radiorevelacionfm.cl\/?p=62028' aria-hidden='false' data-av_icon='\ue805' data-av_iconfont='entypo-fontello' title='' data-avia-related-tooltip='Compartir por correo'><span class='avia_hidden_link_text'>Compartir por correo<\/span><\/a><\/li><\/ul><\/div><\/div>\n<div  style='height:50px' class='hr hr-invisible   avia-builder-el-8  el_after_av_social_share  el_before_av_comments_list '><span class='hr-inner ' ><span class='hr-inner-style'><\/span><\/span><\/div>\n<div  class='av-buildercomment  av-blog-meta-html-info-disabled av-blog-meta-tag-disabled  '><\/div>\n","protected":false},"excerpt":{"rendered":"","protected":false},"author":1,"featured_media":62029,"comment_status":"closed","ping_status":"closed","sticky":false,"template":"","format":"standard","meta":{"footnotes":""},"categories":[40],"tags":[],"class_list":["post-62028","post","type-post","status-publish","format-standard","has-post-thumbnail","hentry","category-deportes"],"jetpack_featured_media_url":"https:\/\/radiorevelacionfm.cl\/wp-content\/uploads\/2025\/12\/foto-8-8-1-1.jpg","_links":{"self":[{"href":"https:\/\/radiorevelacionfm.cl\/index.php?rest_route=\/wp\/v2\/posts\/62028","targetHints":{"allow":["GET"]}}],"collection":[{"href":"https:\/\/radiorevelacionfm.cl\/index.php?rest_route=\/wp\/v2\/posts"}],"about":[{"href":"https:\/\/radiorevelacionfm.cl\/index.php?rest_route=\/wp\/v2\/types\/post"}],"author":[{"embeddable":true,"href":"https:\/\/radiorevelacionfm.cl\/index.php?rest_route=\/wp\/v2\/users\/1"}],"replies":[{"embeddable":true,"href":"https:\/\/radiorevelacionfm.cl\/index.php?rest_route=%2Fwp%2Fv2%2Fcomments&post=62028"}],"version-history":[{"count":2,"href":"https:\/\/radiorevelacionfm.cl\/index.php?rest_route=\/wp\/v2\/posts\/62028\/revisions"}],"predecessor-version":[{"id":62046,"href":"https:\/\/radiorevelacionfm.cl\/index.php?rest_route=\/wp\/v2\/posts\/62028\/revisions\/62046"}],"wp:featuredmedia":[{"embeddable":true,"href":"https:\/\/radiorevelacionfm.cl\/index.php?rest_route=\/wp\/v2\/media\/62029"}],"wp:attachment":[{"href":"https:\/\/radiorevelacionfm.cl\/index.php?rest_route=%2Fwp%2Fv2%2Fmedia&parent=62028"}],"wp:term":[{"taxonomy":"category","embeddable":true,"href":"https:\/\/radiorevelacionfm.cl\/index.php?rest_route=%2Fwp%2Fv2%2Fcategories&post=62028"},{"taxonomy":"post_tag","embeddable":true,"href":"https:\/\/radiorevelacionfm.cl\/index.php?rest_route=%2Fwp%2Fv2%2Ftags&post=62028"}],"curies":[{"name":"wp","href":"https:\/\/api.w.org\/{rel}","templated":true}]}}