{"id":62025,"date":"2025-12-02T15:56:45","date_gmt":"2025-12-02T18:56:45","guid":{"rendered":"https:\/\/radiorevelacionfm.cl\/?p=62025"},"modified":"2025-12-02T15:56:45","modified_gmt":"2025-12-02T18:56:45","slug":"director-de-la-dos-encabezo-gira-por-aysen-para-promover-la-ley-integral-contra-la-violencia-hacia-las-mujeres-y-combatir-la-desinformacion","status":"publish","type":"post","link":"https:\/\/radiorevelacionfm.cl\/?p=62025","title":{"rendered":"Director de la DOS encabez\u00f3 gira por Ays\u00e9n para promover la Ley Integral Contra la Violencia hacia las Mujeres y combatir la desinformaci\u00f3n"},"content":{"rendered":"<div class=\"flex_column av_one_full  flex_column_div av-zero-column-padding first  avia-builder-el-0  el_before_av_one_full  avia-builder-el-first  \" style='border-radius:0px; '><div  class='avia-image-container  av-styling-    avia-builder-el-1  avia-builder-el-no-sibling  avia-align-center '  itemprop=\"image\" itemscope=\"itemscope\" itemtype=\"https:\/\/schema.org\/ImageObject\"  ><div class='avia-image-container-inner'><div class='avia-image-overlay-wrap'><img decoding=\"async\" class='wp-image-62026 avia-img-lazy-loading-not-62026 avia_image' src=\"https:\/\/radiorevelacionfm.cl\/wp-content\/uploads\/2025\/12\/gira-dos1-1-1_optimized.jpeg\" alt='' title='gira-dos1-(1)-(1)_optimized' height=\"600\" width=\"1067\"  itemprop=\"thumbnailUrl\" srcset=\"https:\/\/radiorevelacionfm.cl\/wp-content\/uploads\/2025\/12\/gira-dos1-1-1_optimized.jpeg 1067w, https:\/\/radiorevelacionfm.cl\/wp-content\/uploads\/2025\/12\/gira-dos1-1-1_optimized-300x169.jpeg 300w, https:\/\/radiorevelacionfm.cl\/wp-content\/uploads\/2025\/12\/gira-dos1-1-1_optimized-1030x579.jpeg 1030w, https:\/\/radiorevelacionfm.cl\/wp-content\/uploads\/2025\/12\/gira-dos1-1-1_optimized-768x432.jpeg 768w, https:\/\/radiorevelacionfm.cl\/wp-content\/uploads\/2025\/12\/gira-dos1-1-1_optimized-705x396.jpeg 705w, https:\/\/radiorevelacionfm.cl\/wp-content\/uploads\/2025\/12\/gira-dos1-1-1_optimized-450x253.jpeg 450w, https:\/\/radiorevelacionfm.cl\/wp-content\/uploads\/2025\/12\/gira-dos1-1-1_optimized-600x337.jpeg 600w\" sizes=\"(max-width: 1067px) 100vw, 1067px\" \/><\/div><\/div><\/div><\/div><div class=\"flex_column av_one_full  flex_column_div av-zero-column-padding first  avia-builder-el-2  el_after_av_one_full  el_before_av_one_full  column-top-margin\" style='border-radius:0px; '><section class=\"av_textblock_section \"  itemscope=\"itemscope\" itemtype=\"https:\/\/schema.org\/BlogPosting\" itemprop=\"blogPost\" ><div class='avia_textblock  '   itemprop=\"text\" ><p style=\"text-align: center;\"><strong><span style=\"font-size: 18pt;\">Director de la DOS encabez\u00f3 gira por Ays\u00e9n para promover la Ley Integral Contra la Violencia hacia las Mujeres y combatir la desinformaci\u00f3n<\/span><\/strong><\/p>\n<div id=\"gtx-trans\" style=\"position: absolute; left: -50px; top: 4.31534px;\">\n<div class=\"gtx-trans-icon\"><\/div>\n<\/div>\n<\/div><\/section><\/div><div class=\"flex_column av_one_full  flex_column_div av-zero-column-padding first  avia-builder-el-4  el_after_av_one_full  el_before_av_hr  column-top-margin\" style='border-radius:0px; '><section class=\"av_textblock_section \"  itemscope=\"itemscope\" itemtype=\"https:\/\/schema.org\/BlogPosting\" itemprop=\"blogPost\" ><div class='avia_textblock  '   itemprop=\"text\" ><p style=\"text-align: justify;\">En el marco de la gira \u00abDi\u00e1logos y Participaci\u00f3n Ciudadana\u00bb que la Divisi\u00f3n de Organizaciones Sociales (DOS) llev\u00f3 a cabo entre el 24 y el 28 de noviembre, su director, Nicol\u00e1s Hurtado Acu\u00f1a, visit\u00f3 la Regi\u00f3n de Ays\u00e9n para desarrollar una intensa agenda de vinculaci\u00f3n con la comunidad organizada, acompa\u00f1ado por la seremi de Gobierno de Ays\u00e9n, \u00darsula Mix Jim\u00e9nez.<\/p>\n<p style=\"text-align: justify;\">La gira estuvo marcada por el despliegue de Di\u00e1logos Ciudadanos y Escuelas de Formaci\u00f3n Social en las localidades de Coyhaique, Cochrane y Puerto Ays\u00e9n, cuyo eje central fue la difusi\u00f3n de la Ley Integral Contra la Violencia hacia las Mujeres, un avance calificado como \u00abhist\u00f3rico\u00bb en la lucha contra la violencia de g\u00e9nero, bajo el eslogan #UnaLeyEnNombreDeTodas.<\/p>\n<p style=\"text-align: justify;\">Respecto a la importancia de este hito legislativo, la vocera de Gobierno Ays\u00e9n, \u00darsula Mix, se\u00f1al\u00f3: \u201cEstamos desplegando un esfuerzo territorial, a trav\u00e9s de la Divisi\u00f3n de Organizaciones Sociales de nuestro ministerio, para que cada mujer y cada organizaci\u00f3n social en Ays\u00e9n conozca sus derechos y las herramientas que entrega esta Ley Integral Contra la Violencia hacia las Mujeres. Es un avance hist\u00f3rico que nos permite, como sociedad, dar una se\u00f1al clara y contundente contra la violencia de g\u00e9nero, y requiere de la participaci\u00f3n activa de todas y todos para su correcta implementaci\u00f3n\u201d.<\/p>\n<p style=\"text-align: justify;\">Como parte de las actividades, el director Hurtado lider\u00f3 el viernes 28 el Di\u00e1logo Ciudadano \u201cAguanta, Chequea y Comparte\u201d, una iniciativa que busca entregar herramientas concretas a la ciudadan\u00eda para combatir la desinformaci\u00f3n y evitar la propagaci\u00f3n de noticias falsas.<\/p>\n<p style=\"text-align: justify;\">El director de la DOS enfatiz\u00f3 la relevancia de este tema en el contexto actual, dada la importancia que tienen las redes sociales en el diario vivir. \u201cEstamos muy contentos con el cierre de la gira por la regi\u00f3n de Ays\u00e9n que realizamos como Divisi\u00f3n en la que visitamos Cochrane, Coyhaique y Puerto Ays\u00e9n, llevando principalmente nuestro di\u00e1logo que aborda la Ley integral en contra de la violencia hacia las mujeres, un tema que tambi\u00e9n conversamos con los medios regionales, al igual que la campa\u00f1a que lanz\u00f3 nuestro ministerio para frenar la desinformaci\u00f3n en redes sociales y la invitaci\u00f3n a participar de la consulta Territorios Organizados para recopilar propuestas para mejorar la ley que regula las juntas de vecinos.\u201d, manifest\u00f3 el director Hurtado.<\/p>\n<p style=\"text-align: justify;\">Asimismo, la visita sirvi\u00f3 para impulsar la difusi\u00f3n de la consulta ciudadana \u201cTerritorios Organizados\u201d, que busca recoger la opini\u00f3n de la comunidad sobre propuestas para modernizar la Ley 19.418, que regula las juntas de vecinos y otras organizaciones comunitarias.<\/p>\n<p style=\"text-align: justify;\">La consulta, dirigida a la ciudadan\u00eda general, con especial \u00e9nfasis en dirigentes sociales, estar\u00e1 disponible de <a href=\"https:\/\/es.surveymonkey.com\/r\/J592T6Y\">manera online<\/a> hasta el 13 de diciembre en el <a href=\"https:\/\/organizacionessociales.gob.cl\">sitio web de la DOS<\/a>.<\/p>\n<p style=\"text-align: justify;\">Con esta gira, el Gobierno reafirma su compromiso con la participaci\u00f3n ciudadana, la promoci\u00f3n de derechos y la prevenci\u00f3n de la violencia de g\u00e9nero. Invitamos a la comunidad a seguir participando activamente en estos espacios que fortalecen nuestras organizaciones y nuestra democracia.<\/p>\n<\/div><\/section><\/div><div  style='height:50px' class='hr hr-invisible   avia-builder-el-6  el_after_av_one_full  el_before_av_social_share '><span class='hr-inner ' ><span class='hr-inner-style'><\/span><\/span><\/div><\/p>\n<div  class='av-social-sharing-box  avia-builder-el-7  el_after_av_hr  el_before_av_hr  '><div class='av-share-box'><h5 class='av-share-link-description av-no-toc '>Compartir esta noticia<\/h5><ul class='av-share-box-list noLightbox'><li class='av-share-link av-social-link-facebook' ><a target=\"_blank\" aria-label=\"Compartir en Facebook\" href='https:\/\/www.facebook.com\/sharer.php?u=https:\/\/radiorevelacionfm.cl\/?p=62025&#038;t=Director%20de%20la%20DOS%20encabez%C3%B3%20gira%20por%20Ays%C3%A9n%20para%20promover%20la%20Ley%20Integral%20Contra%20la%20Violencia%20hacia%20las%20Mujeres%20y%20combatir%20la%20desinformaci%C3%B3n' aria-hidden='false' data-av_icon='\ue8f3' data-av_iconfont='entypo-fontello' title='' data-avia-related-tooltip='Compartir en Facebook' rel=\"noopener\"><span class='avia_hidden_link_text'>Compartir en Facebook<\/span><\/a><\/li><li class='av-share-link av-social-link-twitter' ><a target=\"_blank\" aria-label=\"Compartir en Twitter\" href='https:\/\/twitter.com\/share?text=Director%20de%20la%20DOS%20encabez%C3%B3%20gira%20por%20Ays%C3%A9n%20para%20promover%20la%20Ley%20Integral%20Contra%20la%20Violencia%20hacia%20las%20Mujeres%20y%20combatir%20la%20desinformaci%C3%B3n&#038;url=https:\/\/radiorevelacionfm.cl\/?p=62025' aria-hidden='false' data-av_icon='\ue8f1' data-av_iconfont='entypo-fontello' title='' data-avia-related-tooltip='Compartir en Twitter' rel=\"noopener\"><span class='avia_hidden_link_text'>Compartir en Twitter<\/span><\/a><\/li><li class='av-share-link av-social-link-whatsapp' ><a target=\"_blank\" aria-label=\"Compartir en Whatsapp\" href='https:\/\/api.whatsapp.com\/send?text=https:\/\/radiorevelacionfm.cl\/?p=62025' aria-hidden='false' data-av_icon='\uf232' data-av_iconfont='entypo-fontello' title='' data-avia-related-tooltip='Compartir en Whatsapp' rel=\"noopener\"><span class='avia_hidden_link_text'>Compartir en Whatsapp<\/span><\/a><\/li><li class='av-share-link av-social-link-linkedin' ><a target=\"_blank\" aria-label=\"Compartir en LinkedIn\" href='https:\/\/linkedin.com\/shareArticle?mini=true&#038;title=Director%20de%20la%20DOS%20encabez%C3%B3%20gira%20por%20Ays%C3%A9n%20para%20promover%20la%20Ley%20Integral%20Contra%20la%20Violencia%20hacia%20las%20Mujeres%20y%20combatir%20la%20desinformaci%C3%B3n&#038;url=https:\/\/radiorevelacionfm.cl\/?p=62025' aria-hidden='false' data-av_icon='\ue8fc' data-av_iconfont='entypo-fontello' title='' data-avia-related-tooltip='Compartir en LinkedIn' rel=\"noopener\"><span class='avia_hidden_link_text'>Compartir en LinkedIn<\/span><\/a><\/li><li class='av-share-link av-social-link-mail' ><a  aria-label=\"Compartir por correo\" href='mailto:?subject=Director%20de%20la%20DOS%20encabez%C3%B3%20gira%20por%20Ays%C3%A9n%20para%20promover%20la%20Ley%20Integral%20Contra%20la%20Violencia%20hacia%20las%20Mujeres%20y%20combatir%20la%20desinformaci%C3%B3n&#038;body=https:\/\/radiorevelacionfm.cl\/?p=62025' aria-hidden='false' data-av_icon='\ue805' data-av_iconfont='entypo-fontello' title='' data-avia-related-tooltip='Compartir por correo'><span class='avia_hidden_link_text'>Compartir por correo<\/span><\/a><\/li><\/ul><\/div><\/div>\n<div  style='height:50px' class='hr hr-invisible   avia-builder-el-8  el_after_av_social_share  el_before_av_comments_list '><span class='hr-inner ' ><span class='hr-inner-style'><\/span><\/span><\/div>\n<div  class='av-buildercomment  av-blog-meta-html-info-disabled av-blog-meta-tag-disabled  '><\/div>\n","protected":false},"excerpt":{"rendered":"","protected":false},"author":1,"featured_media":62026,"comment_status":"closed","ping_status":"closed","sticky":false,"template":"","format":"standard","meta":{"footnotes":""},"categories":[38],"tags":[],"class_list":["post-62025","post","type-post","status-publish","format-standard","has-post-thumbnail","hentry","category-regional"],"jetpack_featured_media_url":"https:\/\/radiorevelacionfm.cl\/wp-content\/uploads\/2025\/12\/gira-dos1-1-1_optimized.jpeg","_links":{"self":[{"href":"https:\/\/radiorevelacionfm.cl\/index.php?rest_route=\/wp\/v2\/posts\/62025","targetHints":{"allow":["GET"]}}],"collection":[{"href":"https:\/\/radiorevelacionfm.cl\/index.php?rest_route=\/wp\/v2\/posts"}],"about":[{"href":"https:\/\/radiorevelacionfm.cl\/index.php?rest_route=\/wp\/v2\/types\/post"}],"author":[{"embeddable":true,"href":"https:\/\/radiorevelacionfm.cl\/index.php?rest_route=\/wp\/v2\/users\/1"}],"replies":[{"embeddable":true,"href":"https:\/\/radiorevelacionfm.cl\/index.php?rest_route=%2Fwp%2Fv2%2Fcomments&post=62025"}],"version-history":[{"count":2,"href":"https:\/\/radiorevelacionfm.cl\/index.php?rest_route=\/wp\/v2\/posts\/62025\/revisions"}],"predecessor-version":[{"id":62068,"href":"https:\/\/radiorevelacionfm.cl\/index.php?rest_route=\/wp\/v2\/posts\/62025\/revisions\/62068"}],"wp:featuredmedia":[{"embeddable":true,"href":"https:\/\/radiorevelacionfm.cl\/index.php?rest_route=\/wp\/v2\/media\/62026"}],"wp:attachment":[{"href":"https:\/\/radiorevelacionfm.cl\/index.php?rest_route=%2Fwp%2Fv2%2Fmedia&parent=62025"}],"wp:term":[{"taxonomy":"category","embeddable":true,"href":"https:\/\/radiorevelacionfm.cl\/index.php?rest_route=%2Fwp%2Fv2%2Fcategories&post=62025"},{"taxonomy":"post_tag","embeddable":true,"href":"https:\/\/radiorevelacionfm.cl\/index.php?rest_route=%2Fwp%2Fv2%2Ftags&post=62025"}],"curies":[{"name":"wp","href":"https:\/\/api.w.org\/{rel}","templated":true}]}}