{"id":62021,"date":"2025-12-02T10:32:34","date_gmt":"2025-12-02T13:32:34","guid":{"rendered":"https:\/\/radiorevelacionfm.cl\/?p=62021"},"modified":"2025-12-02T10:32:34","modified_gmt":"2025-12-02T13:32:34","slug":"seremi-del-medio-ambiente-fortalece-liderazgo-ambiental-en-comunidad-de-tortel-con-navegaciones-educativas","status":"publish","type":"post","link":"https:\/\/radiorevelacionfm.cl\/?p=62021","title":{"rendered":"Seremi del Medio Ambiente fortalece liderazgo ambiental en comunidad de Tortel con navegaciones educativas"},"content":{"rendered":"<div class=\"flex_column av_one_full  flex_column_div av-zero-column-padding first  avia-builder-el-0  el_before_av_one_full  avia-builder-el-first  \" style='border-radius:0px; '><div  class='avia-image-container  av-styling-    avia-builder-el-1  avia-builder-el-no-sibling  avia-align-center '  itemprop=\"image\" itemscope=\"itemscope\" itemtype=\"https:\/\/schema.org\/ImageObject\"  ><div class='avia-image-container-inner'><div class='avia-image-overlay-wrap'><img decoding=\"async\" class='wp-image-62022 avia-img-lazy-loading-not-62022 avia_image' src=\"https:\/\/radiorevelacionfm.cl\/wp-content\/uploads\/2025\/12\/navegacion-ninos-3-1_optimized-1.jpg\" alt='' title='navegacion-ni\u00f1os-3-(1)_optimized (1)' height=\"600\" width=\"1066\"  itemprop=\"thumbnailUrl\" srcset=\"https:\/\/radiorevelacionfm.cl\/wp-content\/uploads\/2025\/12\/navegacion-ninos-3-1_optimized-1.jpg 1066w, https:\/\/radiorevelacionfm.cl\/wp-content\/uploads\/2025\/12\/navegacion-ninos-3-1_optimized-1-300x169.jpg 300w, https:\/\/radiorevelacionfm.cl\/wp-content\/uploads\/2025\/12\/navegacion-ninos-3-1_optimized-1-1030x580.jpg 1030w, https:\/\/radiorevelacionfm.cl\/wp-content\/uploads\/2025\/12\/navegacion-ninos-3-1_optimized-1-768x432.jpg 768w, https:\/\/radiorevelacionfm.cl\/wp-content\/uploads\/2025\/12\/navegacion-ninos-3-1_optimized-1-705x397.jpg 705w, https:\/\/radiorevelacionfm.cl\/wp-content\/uploads\/2025\/12\/navegacion-ninos-3-1_optimized-1-450x253.jpg 450w, https:\/\/radiorevelacionfm.cl\/wp-content\/uploads\/2025\/12\/navegacion-ninos-3-1_optimized-1-600x338.jpg 600w\" sizes=\"(max-width: 1066px) 100vw, 1066px\" \/><\/div><\/div><\/div><\/div><div class=\"flex_column av_one_full  flex_column_div av-zero-column-padding first  avia-builder-el-2  el_after_av_one_full  el_before_av_one_full  column-top-margin\" style='border-radius:0px; '><section class=\"av_textblock_section \"  itemscope=\"itemscope\" itemtype=\"https:\/\/schema.org\/BlogPosting\" itemprop=\"blogPost\" ><div class='avia_textblock  '   itemprop=\"text\" ><p style=\"text-align: center;\"><strong><span style=\"font-size: 18pt;\">Seremi del Medio Ambiente fortalece liderazgo ambiental en comunidad de Tortel con navegaciones educativas<\/span><\/strong><\/p>\n<div id=\"gtx-trans\" style=\"position: absolute; left: -50px; top: 4.31534px;\">\n<div class=\"gtx-trans-icon\"><\/div>\n<\/div>\n<\/div><\/section><\/div><div class=\"flex_column av_one_full  flex_column_div av-zero-column-padding first  avia-builder-el-4  el_after_av_one_full  el_before_av_hr  column-top-margin\" style='border-radius:0px; '><section class=\"av_textblock_section \"  itemscope=\"itemscope\" itemtype=\"https:\/\/schema.org\/BlogPosting\" itemprop=\"blogPost\" ><div class='avia_textblock  '   itemprop=\"text\" ><p style=\"text-align: justify;\">Con el mar en calma y la comunidad a bordo, Tortel vivi\u00f3 una nueva edici\u00f3n de las Charlas a Mar Abierto, una experiencia que reafirma que la conservaci\u00f3n no se hace desde lejos, sino con las personas como protagonistas de la gesti\u00f3n de sus territorios. Es por ello, que la Seremi del Medio Ambiente impuls\u00f3 por segundo a\u00f1o consecutivo esta navegaci\u00f3n que permite a vecinos, vecinas, ni\u00f1os y ni\u00f1as conocer in situ el \u00c1rea de Conservaci\u00f3n de M\u00faltiples Usos (ACMU) Tortel, uno de los ecosistemas m\u00e1s singulares del pa\u00eds.<\/p>\n<p style=\"text-align: justify;\">El ACMU destaca por su riqueza ambiental: fiordos influenciados simult\u00e1neamente por dos Campos de Hielo, una productividad primaria, presencia de corales de agua fr\u00eda, especies bent\u00f3nicas y un paisaje donde el glaciar y el mar dialogan de forma \u00fanica, <strong>\u201ces una de las pocas zonas en el mundo con estas caracter\u00edsticas\u201d, <\/strong>explic\u00f3 el profesional del \u00e1rea de Recursos Naturales de la Seremi del Medio Ambiente, Jes\u00fas Rodr\u00edguez, quien coordin\u00f3 la actividad junto al Municipio de Tortel y la colaboraci\u00f3n de expertos para las charlas que fueron dictadas por profesionales de Subpesca, Sernapesca, Centro Copas y\u00a0 ONG Oceana.<\/p>\n<p style=\"text-align: justify;\">Las navegaciones reunieron a habitantes de organizaciones locales, representantes del turismo, juntas de vecinos, y a estudiantes de la Escuela Comandante Luis Bravo. Los ni\u00f1os participaron en talleres de fauna marina, cambio clim\u00e1tico y dibujo interpretativo, integrando la educaci\u00f3n ambiental desde el juego y la exploraci\u00f3n real del territorio, convirtiendo la aventura, en una puerta a comprender la importancia del maritorio que los rodea.<\/p>\n<p style=\"text-align: justify;\">Durante la jornada con adultos, los relatos coincidieron en la emoci\u00f3n del descubrimiento. Una de las participantes, perteneciente al Comit\u00e9 Ambiental de Tortel, Tamara Herrera, destac\u00f3 que la instancia le permiti\u00f3 comprender el territorio desde un lugar m\u00e1s cercano y significativo, se\u00f1alando que actividades as\u00ed ayudan a <strong>\u201camar la naturaleza a trav\u00e9s del conocimiento\u201d<\/strong>. Su testimonio refleja el impacto de acercar la ciencia al cotidiano de quienes viven en Tortel.<\/p>\n<p style=\"text-align: justify;\">El recorrido tambi\u00e9n revel\u00f3 una demanda que la comunidad ven\u00eda expresando hace meses, la necesidad de contar con informaci\u00f3n clara para turistas y habitantes. A partir de esa inquietud, la Seremi del Medio Ambiente, junto a Oceana, dirigentes locales y el municipio, elaboraron infograf\u00edas y material did\u00e1ctico que fueron entregados durante la jornada. Esta narrativa visual, construida de manera participativa, busca que cada visitante comprenda no solo la belleza del ACMU, sino tambi\u00e9n su fragilidad y los esfuerzos que la comunidad realiza para cuidarlo.<\/p>\n<p style=\"text-align: justify;\"><strong>\u201cEl enfoque comunitario fue clave\u201d,<\/strong> asegur\u00f3 el profesional de Medio Ambiente, Jes\u00fas Rodr\u00edguez, explicando que la actividad tuvo su origen en lo que la comunidad ha manifestado en cada taller: quieren conocer su ACMU, habitarlo y entenderlo. Para muchos pobladores, esta fue la primera oportunidad de navegar dentro del \u00e1rea protegida, es el caso del participante, Juan Vald\u00e9s, quien subray\u00f3 el valor de conocer su territorio, <strong>\u201cPara proteger, hay que conocer\u201d,<\/strong> afirm\u00f3.<\/p>\n<p style=\"text-align: justify;\">Por eso la Seremi ha priorizado recorridos abiertos, pr\u00e1cticos y vivenciales, donde la informaci\u00f3n t\u00e9cnica se entrega mientras se navega, permitiendo que el aprendizaje ocurra en el mismo paisaje que se busca proteger.<\/p>\n<p style=\"text-align: justify;\">La Seremi del Medio Ambiente continuar\u00e1 impulsando estas instancias, confiando en el compromiso de una comunidad que comprende que la protecci\u00f3n del maritorio comienza en casa.<\/p>\n<\/div><\/section><\/div><div  style='height:50px' class='hr hr-invisible   avia-builder-el-6  el_after_av_one_full  el_before_av_social_share '><span class='hr-inner ' ><span class='hr-inner-style'><\/span><\/span><\/div><\/p>\n<div  class='av-social-sharing-box  avia-builder-el-7  el_after_av_hr  el_before_av_hr  '><div class='av-share-box'><h5 class='av-share-link-description av-no-toc '>Compartir esta noticia<\/h5><ul class='av-share-box-list noLightbox'><li class='av-share-link av-social-link-facebook' ><a target=\"_blank\" aria-label=\"Compartir en Facebook\" href='https:\/\/www.facebook.com\/sharer.php?u=https:\/\/radiorevelacionfm.cl\/?p=62021&#038;t=Seremi%20del%20Medio%20Ambiente%20fortalece%20liderazgo%20ambiental%20en%20comunidad%20de%20Tortel%20con%20navegaciones%20educativas' aria-hidden='false' data-av_icon='\ue8f3' data-av_iconfont='entypo-fontello' title='' data-avia-related-tooltip='Compartir en Facebook' rel=\"noopener\"><span class='avia_hidden_link_text'>Compartir en Facebook<\/span><\/a><\/li><li class='av-share-link av-social-link-twitter' ><a target=\"_blank\" aria-label=\"Compartir en Twitter\" href='https:\/\/twitter.com\/share?text=Seremi%20del%20Medio%20Ambiente%20fortalece%20liderazgo%20ambiental%20en%20comunidad%20de%20Tortel%20con%20navegaciones%20educativas&#038;url=https:\/\/radiorevelacionfm.cl\/?p=62021' aria-hidden='false' data-av_icon='\ue8f1' data-av_iconfont='entypo-fontello' title='' data-avia-related-tooltip='Compartir en Twitter' rel=\"noopener\"><span class='avia_hidden_link_text'>Compartir en Twitter<\/span><\/a><\/li><li class='av-share-link av-social-link-whatsapp' ><a target=\"_blank\" aria-label=\"Compartir en Whatsapp\" href='https:\/\/api.whatsapp.com\/send?text=https:\/\/radiorevelacionfm.cl\/?p=62021' aria-hidden='false' data-av_icon='\uf232' data-av_iconfont='entypo-fontello' title='' data-avia-related-tooltip='Compartir en Whatsapp' rel=\"noopener\"><span class='avia_hidden_link_text'>Compartir en Whatsapp<\/span><\/a><\/li><li class='av-share-link av-social-link-linkedin' ><a target=\"_blank\" aria-label=\"Compartir en LinkedIn\" href='https:\/\/linkedin.com\/shareArticle?mini=true&#038;title=Seremi%20del%20Medio%20Ambiente%20fortalece%20liderazgo%20ambiental%20en%20comunidad%20de%20Tortel%20con%20navegaciones%20educativas&#038;url=https:\/\/radiorevelacionfm.cl\/?p=62021' aria-hidden='false' data-av_icon='\ue8fc' data-av_iconfont='entypo-fontello' title='' data-avia-related-tooltip='Compartir en LinkedIn' rel=\"noopener\"><span class='avia_hidden_link_text'>Compartir en LinkedIn<\/span><\/a><\/li><li class='av-share-link av-social-link-mail' ><a  aria-label=\"Compartir por correo\" href='mailto:?subject=Seremi%20del%20Medio%20Ambiente%20fortalece%20liderazgo%20ambiental%20en%20comunidad%20de%20Tortel%20con%20navegaciones%20educativas&#038;body=https:\/\/radiorevelacionfm.cl\/?p=62021' aria-hidden='false' data-av_icon='\ue805' data-av_iconfont='entypo-fontello' title='' data-avia-related-tooltip='Compartir por correo'><span class='avia_hidden_link_text'>Compartir por correo<\/span><\/a><\/li><\/ul><\/div><\/div>\n<div  style='height:50px' class='hr hr-invisible   avia-builder-el-8  el_after_av_social_share  el_before_av_comments_list '><span class='hr-inner ' ><span class='hr-inner-style'><\/span><\/span><\/div>\n<div  class='av-buildercomment  av-blog-meta-html-info-disabled av-blog-meta-tag-disabled  '><\/div>\n","protected":false},"excerpt":{"rendered":"","protected":false},"author":1,"featured_media":62022,"comment_status":"closed","ping_status":"closed","sticky":false,"template":"","format":"standard","meta":{"footnotes":""},"categories":[39],"tags":[],"class_list":["post-62021","post","type-post","status-publish","format-standard","has-post-thumbnail","hentry","category-medio-ambiente"],"jetpack_featured_media_url":"https:\/\/radiorevelacionfm.cl\/wp-content\/uploads\/2025\/12\/navegacion-ninos-3-1_optimized-1.jpg","_links":{"self":[{"href":"https:\/\/radiorevelacionfm.cl\/index.php?rest_route=\/wp\/v2\/posts\/62021","targetHints":{"allow":["GET"]}}],"collection":[{"href":"https:\/\/radiorevelacionfm.cl\/index.php?rest_route=\/wp\/v2\/posts"}],"about":[{"href":"https:\/\/radiorevelacionfm.cl\/index.php?rest_route=\/wp\/v2\/types\/post"}],"author":[{"embeddable":true,"href":"https:\/\/radiorevelacionfm.cl\/index.php?rest_route=\/wp\/v2\/users\/1"}],"replies":[{"embeddable":true,"href":"https:\/\/radiorevelacionfm.cl\/index.php?rest_route=%2Fwp%2Fv2%2Fcomments&post=62021"}],"version-history":[{"count":2,"href":"https:\/\/radiorevelacionfm.cl\/index.php?rest_route=\/wp\/v2\/posts\/62021\/revisions"}],"predecessor-version":[{"id":62048,"href":"https:\/\/radiorevelacionfm.cl\/index.php?rest_route=\/wp\/v2\/posts\/62021\/revisions\/62048"}],"wp:featuredmedia":[{"embeddable":true,"href":"https:\/\/radiorevelacionfm.cl\/index.php?rest_route=\/wp\/v2\/media\/62022"}],"wp:attachment":[{"href":"https:\/\/radiorevelacionfm.cl\/index.php?rest_route=%2Fwp%2Fv2%2Fmedia&parent=62021"}],"wp:term":[{"taxonomy":"category","embeddable":true,"href":"https:\/\/radiorevelacionfm.cl\/index.php?rest_route=%2Fwp%2Fv2%2Fcategories&post=62021"},{"taxonomy":"post_tag","embeddable":true,"href":"https:\/\/radiorevelacionfm.cl\/index.php?rest_route=%2Fwp%2Fv2%2Ftags&post=62021"}],"curies":[{"name":"wp","href":"https:\/\/api.w.org\/{rel}","templated":true}]}}