{"id":62018,"date":"2025-12-02T10:07:07","date_gmt":"2025-12-02T13:07:07","guid":{"rendered":"https:\/\/radiorevelacionfm.cl\/?p=62018"},"modified":"2025-12-02T10:07:07","modified_gmt":"2025-12-02T13:07:07","slug":"autoridades-invitan-a-jornada-conmemorativa-del-dia-internacional-de-la-discapacidad","status":"publish","type":"post","link":"https:\/\/radiorevelacionfm.cl\/?p=62018","title":{"rendered":"Autoridades invitan a jornada conmemorativa del D\u00eda Internacional de la Discapacidad"},"content":{"rendered":"<div class=\"flex_column av_one_full  flex_column_div av-zero-column-padding first  avia-builder-el-0  el_before_av_one_full  avia-builder-el-first  \" style='border-radius:0px; '><div  class='avia-image-container  av-styling-    avia-builder-el-1  avia-builder-el-no-sibling  avia-align-center '  itemprop=\"image\" itemscope=\"itemscope\" itemtype=\"https:\/\/schema.org\/ImageObject\"  ><div class='avia-image-container-inner'><div class='avia-image-overlay-wrap'><img decoding=\"async\" class='wp-image-62043 avia-img-lazy-loading-not-62043 avia_image' src=\"https:\/\/radiorevelacionfm.cl\/wp-content\/uploads\/2025\/12\/senadis-rehabilita-1_optimized-1.jpeg\" alt='' title='senadis-rehabilita-(1)_optimized (1)' height=\"600\" width=\"800\"  itemprop=\"thumbnailUrl\" srcset=\"https:\/\/radiorevelacionfm.cl\/wp-content\/uploads\/2025\/12\/senadis-rehabilita-1_optimized-1.jpeg 800w, https:\/\/radiorevelacionfm.cl\/wp-content\/uploads\/2025\/12\/senadis-rehabilita-1_optimized-1-300x225.jpeg 300w, https:\/\/radiorevelacionfm.cl\/wp-content\/uploads\/2025\/12\/senadis-rehabilita-1_optimized-1-768x576.jpeg 768w, https:\/\/radiorevelacionfm.cl\/wp-content\/uploads\/2025\/12\/senadis-rehabilita-1_optimized-1-705x529.jpeg 705w, https:\/\/radiorevelacionfm.cl\/wp-content\/uploads\/2025\/12\/senadis-rehabilita-1_optimized-1-450x338.jpeg 450w, https:\/\/radiorevelacionfm.cl\/wp-content\/uploads\/2025\/12\/senadis-rehabilita-1_optimized-1-600x450.jpeg 600w\" sizes=\"(max-width: 800px) 100vw, 800px\" \/><\/div><\/div><\/div><\/div><div class=\"flex_column av_one_full  flex_column_div av-zero-column-padding first  avia-builder-el-2  el_after_av_one_full  el_before_av_one_full  column-top-margin\" style='border-radius:0px; '><section class=\"av_textblock_section \"  itemscope=\"itemscope\" itemtype=\"https:\/\/schema.org\/BlogPosting\" itemprop=\"blogPost\" ><div class='avia_textblock  '   itemprop=\"text\" ><p style=\"text-align: center;\"><strong><span style=\"font-size: 18pt;\">Autoridades invitan a jornada conmemorativa del D\u00eda Internacional de la Discapacidad<\/span><\/strong><\/p>\n<div id=\"gtx-trans\" style=\"position: absolute; left: -50px; top: 4.31534px;\">\n<div class=\"gtx-trans-icon\"><\/div>\n<\/div>\n<\/div><\/section><\/div><\/p>\n<div class=\"flex_column av_one_full  flex_column_div av-zero-column-padding first  avia-builder-el-4  el_after_av_one_full  el_before_av_hr  column-top-margin\" style='border-radius:0px; '><section class=\"av_textblock_section \"  itemscope=\"itemscope\" itemtype=\"https:\/\/schema.org\/BlogPosting\" itemprop=\"blogPost\" ><div class='avia_textblock  '   itemprop=\"text\" ><p style=\"text-align: justify;\"><em>Las actividades se llevar\u00e1n a cabo en el Centro de Entrenamiento Regional CER de Coyhaique a partir de las 10:30 horas con una programaci\u00f3n variada hasta las 17:30 horas, de car\u00e1cter p\u00fablico y gratuito.<\/em><\/p>\n<p style=\"text-align: justify;\">Diversas actividades se llevar\u00e1n a cabo en Coyhaique y otras comunas de la regi\u00f3n de Ays\u00e9n para relevar este 3 de diciembre la conmemoraci\u00f3n del D\u00eda Internacional de la Discapacidad, instancia que tiene por objetivo poner en el centro la promoci\u00f3n de los derechos en cuanto a inclusi\u00f3n ya sea en lo social, econ\u00f3mico y pol\u00edtico de personas con discapacidad.<\/p>\n<p style=\"text-align: justify;\">Visibilizar los derechos y desaf\u00edos entre otros es lo que se\u00f1al\u00f3 la directora regional de Servicio Nacional de la Discapacidad, Senadis en Ays\u00e9n, Viviana Mu\u00f1oz \u201chemos trabajado por aumentar las condiciones y las oportunidades para las personas con discapacidad y sus familias. En esta Conmemoraci\u00f3n lo que buscamos que la sociedad en su conjunto contin\u00fae contribuyendo a ser respetuosa y que siga acogiendo los derechos de las personas con discapacidad, en el gobierno del Presidente Boric hemos abarcado la mayor\u00eda de las comunas de la regi\u00f3n, llegando con nuestra oferta de servicio para aumentar las posibilidades y oportunidades para su desarrollo humano\u201d.<\/p>\n<p style=\"text-align: justify;\">A trav\u00e9s del Senadis y el Ministerio de Desarrollo Social y Familia se ha programado para este 3 de diciembre durante toda la jornada diversas actividades que conlleva reconocimientos, presentaci\u00f3n de distintos proyectos adjudicados dirigidos a personas con discapacidad, actividades musicales, culturales y deportivas todas en el Centro de Entrenamiento Regional CER, seg\u00fan detall\u00f3 la Seremi de Desarrollo Social y Familia Karina Acevedo Auad:<\/p>\n<p style=\"text-align: justify;\">\u201cHemos tenido tremendos desaf\u00edos en este periodo de gobierno en materia de inclusi\u00f3n y es por ello que queremos invitarles y visualizar los avances que hemos logrado en la regi\u00f3n de Ays\u00e9n. Tenemos un acto conmemorativo el d\u00eda 3 desde las 10:30 de la ma\u00f1ana. Para tener una sociedad inclusiva no solo se requiere de normas y leyes, sino tambi\u00e9n de una sociedad que act\u00fae con empat\u00eda y participe, como gobierno les invitamos a sumarse a este desaf\u00edo que como parte de una comunidad debemos asumir\u201d.<\/p>\n<p style=\"text-align: justify;\">Durante toda la jornada del 3 de diciembre se estar\u00e1 llevando a cabo una completa programaci\u00f3n que es de car\u00e1cter abierta a todo p\u00fablico y que se inicia con la certificaci\u00f3n a l\u00edderes y lideresas con discapacidad, reconocimiento a deportistas paral\u00edmpicos de los Juegos de la Araucan\u00eda, presentaci\u00f3n art\u00edstica, exposici\u00f3n de arte, documentales sobre logros alcanzados en distintas comunas de la regi\u00f3n de Ays\u00e9n y una muestra del deporte Goalball que es practicado por personas ciegas y de baja visi\u00f3n. Todo lo anterior, en el CER del Instituto Nacional de Deportes ubicado en 21 de mayo #1686.<\/p>\n<\/div><\/section><\/div>\n<div  style='height:50px' class='hr hr-invisible   avia-builder-el-6  el_after_av_one_full  el_before_av_social_share '><span class='hr-inner ' ><span class='hr-inner-style'><\/span><\/span><\/div>\n<div  class='av-social-sharing-box  avia-builder-el-7  el_after_av_hr  el_before_av_hr  '><div class='av-share-box'><h5 class='av-share-link-description av-no-toc '>Compartir esta noticia<\/h5><ul class='av-share-box-list noLightbox'><li class='av-share-link av-social-link-facebook' ><a target=\"_blank\" aria-label=\"Compartir en Facebook\" href='https:\/\/www.facebook.com\/sharer.php?u=https:\/\/radiorevelacionfm.cl\/?p=62018&#038;t=Autoridades%20invitan%20a%20jornada%20conmemorativa%20del%20D%C3%ADa%20Internacional%20de%20la%20Discapacidad' aria-hidden='false' data-av_icon='\ue8f3' data-av_iconfont='entypo-fontello' title='' data-avia-related-tooltip='Compartir en Facebook' rel=\"noopener\"><span class='avia_hidden_link_text'>Compartir en Facebook<\/span><\/a><\/li><li class='av-share-link av-social-link-twitter' ><a target=\"_blank\" aria-label=\"Compartir en Twitter\" href='https:\/\/twitter.com\/share?text=Autoridades%20invitan%20a%20jornada%20conmemorativa%20del%20D%C3%ADa%20Internacional%20de%20la%20Discapacidad&#038;url=https:\/\/radiorevelacionfm.cl\/?p=62018' aria-hidden='false' data-av_icon='\ue8f1' data-av_iconfont='entypo-fontello' title='' data-avia-related-tooltip='Compartir en Twitter' rel=\"noopener\"><span class='avia_hidden_link_text'>Compartir en Twitter<\/span><\/a><\/li><li class='av-share-link av-social-link-whatsapp' ><a target=\"_blank\" aria-label=\"Compartir en Whatsapp\" href='https:\/\/api.whatsapp.com\/send?text=https:\/\/radiorevelacionfm.cl\/?p=62018' aria-hidden='false' data-av_icon='\uf232' data-av_iconfont='entypo-fontello' title='' data-avia-related-tooltip='Compartir en Whatsapp' rel=\"noopener\"><span class='avia_hidden_link_text'>Compartir en Whatsapp<\/span><\/a><\/li><li class='av-share-link av-social-link-linkedin' ><a target=\"_blank\" aria-label=\"Compartir en LinkedIn\" href='https:\/\/linkedin.com\/shareArticle?mini=true&#038;title=Autoridades%20invitan%20a%20jornada%20conmemorativa%20del%20D%C3%ADa%20Internacional%20de%20la%20Discapacidad&#038;url=https:\/\/radiorevelacionfm.cl\/?p=62018' aria-hidden='false' data-av_icon='\ue8fc' data-av_iconfont='entypo-fontello' title='' data-avia-related-tooltip='Compartir en LinkedIn' rel=\"noopener\"><span class='avia_hidden_link_text'>Compartir en LinkedIn<\/span><\/a><\/li><li class='av-share-link av-social-link-mail' ><a  aria-label=\"Compartir por correo\" href='mailto:?subject=Autoridades%20invitan%20a%20jornada%20conmemorativa%20del%20D%C3%ADa%20Internacional%20de%20la%20Discapacidad&#038;body=https:\/\/radiorevelacionfm.cl\/?p=62018' aria-hidden='false' data-av_icon='\ue805' data-av_iconfont='entypo-fontello' title='' data-avia-related-tooltip='Compartir por correo'><span class='avia_hidden_link_text'>Compartir por correo<\/span><\/a><\/li><\/ul><\/div><\/div>\n<div  style='height:50px' class='hr hr-invisible   avia-builder-el-8  el_after_av_social_share  el_before_av_comments_list '><span class='hr-inner ' ><span class='hr-inner-style'><\/span><\/span><\/div>\n<div  class='av-buildercomment  av-blog-meta-html-info-disabled av-blog-meta-tag-disabled  '><\/div>\n","protected":false},"excerpt":{"rendered":"","protected":false},"author":1,"featured_media":62043,"comment_status":"closed","ping_status":"closed","sticky":false,"template":"","format":"standard","meta":{"footnotes":""},"categories":[38],"tags":[],"class_list":["post-62018","post","type-post","status-publish","format-standard","has-post-thumbnail","hentry","category-regional"],"jetpack_featured_media_url":"https:\/\/radiorevelacionfm.cl\/wp-content\/uploads\/2025\/12\/senadis-rehabilita-1_optimized-1.jpeg","_links":{"self":[{"href":"https:\/\/radiorevelacionfm.cl\/index.php?rest_route=\/wp\/v2\/posts\/62018","targetHints":{"allow":["GET"]}}],"collection":[{"href":"https:\/\/radiorevelacionfm.cl\/index.php?rest_route=\/wp\/v2\/posts"}],"about":[{"href":"https:\/\/radiorevelacionfm.cl\/index.php?rest_route=\/wp\/v2\/types\/post"}],"author":[{"embeddable":true,"href":"https:\/\/radiorevelacionfm.cl\/index.php?rest_route=\/wp\/v2\/users\/1"}],"replies":[{"embeddable":true,"href":"https:\/\/radiorevelacionfm.cl\/index.php?rest_route=%2Fwp%2Fv2%2Fcomments&post=62018"}],"version-history":[{"count":3,"href":"https:\/\/radiorevelacionfm.cl\/index.php?rest_route=\/wp\/v2\/posts\/62018\/revisions"}],"predecessor-version":[{"id":62045,"href":"https:\/\/radiorevelacionfm.cl\/index.php?rest_route=\/wp\/v2\/posts\/62018\/revisions\/62045"}],"wp:featuredmedia":[{"embeddable":true,"href":"https:\/\/radiorevelacionfm.cl\/index.php?rest_route=\/wp\/v2\/media\/62043"}],"wp:attachment":[{"href":"https:\/\/radiorevelacionfm.cl\/index.php?rest_route=%2Fwp%2Fv2%2Fmedia&parent=62018"}],"wp:term":[{"taxonomy":"category","embeddable":true,"href":"https:\/\/radiorevelacionfm.cl\/index.php?rest_route=%2Fwp%2Fv2%2Fcategories&post=62018"},{"taxonomy":"post_tag","embeddable":true,"href":"https:\/\/radiorevelacionfm.cl\/index.php?rest_route=%2Fwp%2Fv2%2Ftags&post=62018"}],"curies":[{"name":"wp","href":"https:\/\/api.w.org\/{rel}","templated":true}]}}