{"id":62014,"date":"2025-12-01T20:24:07","date_gmt":"2025-12-01T23:24:07","guid":{"rendered":"https:\/\/radiorevelacionfm.cl\/?p=62014"},"modified":"2025-12-01T20:24:07","modified_gmt":"2025-12-01T23:24:07","slug":"este-lunes-1-de-diciembre-comenzo-la-rendicion-de-la-paes-regular-2025-para-admision-2026","status":"publish","type":"post","link":"https:\/\/radiorevelacionfm.cl\/?p=62014","title":{"rendered":"Este Lunes 1 de diciembre comenz\u00f3 la Rendici\u00f3n de la PAES Regular 2025, para Admisi\u00f3n 2026"},"content":{"rendered":"<div class=\"flex_column av_one_full  flex_column_div av-zero-column-padding first  avia-builder-el-0  el_before_av_one_full  avia-builder-el-first  \" style='border-radius:0px; '><div  class='avia-image-container  av-styling-    avia-builder-el-1  avia-builder-el-no-sibling  avia-align-center '  itemprop=\"image\" itemscope=\"itemscope\" itemtype=\"https:\/\/schema.org\/ImageObject\"  ><div class='avia-image-container-inner'><div class='avia-image-overlay-wrap'><img decoding=\"async\" class='wp-image-62015 avia-img-lazy-loading-not-62015 avia_image' src=\"https:\/\/radiorevelacionfm.cl\/wp-content\/uploads\/2025\/12\/PAES-1-1-1.jpg\" alt='' title='PAES-1 (1) (1)' height=\"600\" width=\"1000\"  itemprop=\"thumbnailUrl\" srcset=\"https:\/\/radiorevelacionfm.cl\/wp-content\/uploads\/2025\/12\/PAES-1-1-1.jpg 1000w, https:\/\/radiorevelacionfm.cl\/wp-content\/uploads\/2025\/12\/PAES-1-1-1-300x180.jpg 300w, https:\/\/radiorevelacionfm.cl\/wp-content\/uploads\/2025\/12\/PAES-1-1-1-768x461.jpg 768w, https:\/\/radiorevelacionfm.cl\/wp-content\/uploads\/2025\/12\/PAES-1-1-1-705x423.jpg 705w, https:\/\/radiorevelacionfm.cl\/wp-content\/uploads\/2025\/12\/PAES-1-1-1-450x270.jpg 450w, https:\/\/radiorevelacionfm.cl\/wp-content\/uploads\/2025\/12\/PAES-1-1-1-600x360.jpg 600w\" sizes=\"(max-width: 1000px) 100vw, 1000px\" \/><\/div><\/div><\/div><\/div><div class=\"flex_column av_one_full  flex_column_div av-zero-column-padding first  avia-builder-el-2  el_after_av_one_full  el_before_av_one_full  column-top-margin\" style='border-radius:0px; '><section class=\"av_textblock_section \"  itemscope=\"itemscope\" itemtype=\"https:\/\/schema.org\/BlogPosting\" itemprop=\"blogPost\" ><div class='avia_textblock  '   itemprop=\"text\" ><p style=\"text-align: center;\"><span style=\"font-size: 18pt;\"><b><span lang=\"EN-US\">Este Lunes 1 de diciembre comenz\u00f3 la Rendici\u00f3n de la PAES Regular 2025, para Admisi\u00f3n 2026<\/span><\/b><\/span><\/p>\n<div id=\"gtx-trans\" style=\"position: absolute; left: -50px; top: 4.31534px;\">\n<div class=\"gtx-trans-icon\"><\/div>\n<\/div>\n<\/div><\/section><\/div><div class=\"flex_column av_one_full  flex_column_div av-zero-column-padding first  avia-builder-el-4  el_after_av_one_full  el_before_av_hr  column-top-margin\" style='border-radius:0px; '><section class=\"av_textblock_section \"  itemscope=\"itemscope\" itemtype=\"https:\/\/schema.org\/BlogPosting\" itemprop=\"blogPost\" ><div class='avia_textblock  '   itemprop=\"text\" ><p style=\"font-weight: 400; text-align: justify;\">La Secretar\u00eda Regional Ministerial de Educaci\u00f3n de Ays\u00e9n Katherine Miqueles inform\u00f3 que este lunes 1, martes 2 y mi\u00e9rcoles 3 de diciembre se rinde la Prueba de Acceso a la Educaci\u00f3n Superior (PAES) Regular 2025, correspondiente al proceso de Admisi\u00f3n 2026, instancia en la que participar\u00e1n m\u00e1s de 300 mil personas inscritas en todo el pa\u00eds. En la region de Ays\u00e9n son\u00a0<strong>1.789 los inscritos\u00a0<\/strong>para este proceso.<\/p>\n<p style=\"font-weight: 400; text-align: justify;\">Este a\u00f1o se registra la cifra m\u00e1s alta de inscripci\u00f3n en la historia, habilit\u00e1ndose 203 sedes de rendici\u00f3n a nivel nacional, incluyendo por primera vez las comunas de Bulnes (\u00d1uble) y Cunco (La Araucan\u00eda), con el objetivo de facilitar el acceso y evitar largos desplazamientos a quienes rinden la prueba.<\/p>\n<p style=\"font-weight: 400; text-align: justify;\">En este contexto, la seremi de Educaci\u00f3n, Katherine Miqueles Hern\u00e1ndez, destac\u00f3 que \u201cComo Ministerio de Educaci\u00f3n trabajamos para que cada joven cuente con condiciones adecuadas y acceso oportuno a la informaci\u00f3n. La PAES es una prueba que eval\u00faa competencias y habilidades esenciales para desenvolverse en la educaci\u00f3n superior, y esperamos que quienes participan en Ays\u00e9n lo hagan con confianza y tranquilidad, sabiendo que han sido parte de un proceso riguroso y transparente\u201d.<\/p>\n<p style=\"font-weight: 400; text-align: justify;\">Adem\u00e1s, la autoridad sectorial, aprovech\u00f3 de entregar algunas recomendaciones \u201cQuiero desearles \u00e9xito a las 1.789 personas que est\u00e1n inscritas en la regi\u00f3n para participar del proceso. Recordarles adem\u00e1s, que deben llevar: tarjeta de identificaci\u00f3n, c\u00e9dula de identidad y l\u00e1piz mina. No se pueden llevar dispositivos electr\u00f3nicos como tablet, relojes inteligentes. Si tienen digitalizada la tarjeta o la c\u00e9dula de identidad en el celular, pueden mostrarla y luego el celular queda apagado en una bolsa que le va a entregar el examinador\u201d.<\/p>\n<p style=\"font-weight: 400; text-align: justify;\">Las fechas, horarios y duraci\u00f3n de cada prueba son los siguientes:<\/p>\n<table style=\"font-weight: 400;\">\n<tbody>\n<tr>\n<td width=\"147\"><strong>Fechas<\/strong><\/td>\n<td width=\"147\"><strong>Pruebas<\/strong><\/td>\n<td width=\"176\"><strong>Tiempos de rendici\u00f3n<\/strong><\/td>\n<td width=\"118\"><strong>Hora<\/strong><\/td>\n<\/tr>\n<tr>\n<td width=\"147\"><strong>Lunes 1 de diciembre<\/strong><\/td>\n<td width=\"147\">Competencia Matem\u00e1tica 2<\/td>\n<td width=\"176\">2 horas, 20 minutos<\/td>\n<td width=\"118\">15:00 horas<\/td>\n<\/tr>\n<tr>\n<td rowspan=\"2\" width=\"147\"><strong>Martes 2 de diciembre<\/strong><\/td>\n<td width=\"147\">Competencia Lectora<\/td>\n<td width=\"176\">2 horas, 30 minutos<\/td>\n<td width=\"118\">09:00 horas<\/td>\n<\/tr>\n<tr>\n<td width=\"147\">Ciencias<\/td>\n<td width=\"176\">2 horas, 40 minutos<\/td>\n<td width=\"118\">15:00 horas<\/td>\n<\/tr>\n<\/tbody>\n<\/table>\n<\/div><\/section><\/div><div  style='height:50px' class='hr hr-invisible   avia-builder-el-6  el_after_av_one_full  el_before_av_social_share '><span class='hr-inner ' ><span class='hr-inner-style'><\/span><\/span><\/div><\/p>\n<div  class='av-social-sharing-box  avia-builder-el-7  el_after_av_hr  el_before_av_hr  '><div class='av-share-box'><h5 class='av-share-link-description av-no-toc '>Compartir esta noticia<\/h5><ul class='av-share-box-list noLightbox'><li class='av-share-link av-social-link-facebook' ><a target=\"_blank\" aria-label=\"Compartir en Facebook\" href='https:\/\/www.facebook.com\/sharer.php?u=https:\/\/radiorevelacionfm.cl\/?p=62014&#038;t=Este%20Lunes%201%20de%20diciembre%20comenz%C3%B3%20la%20Rendici%C3%B3n%20de%20la%20PAES%20Regular%202025%2C%20para%20Admisi%C3%B3n%202026' aria-hidden='false' data-av_icon='\ue8f3' data-av_iconfont='entypo-fontello' title='' data-avia-related-tooltip='Compartir en Facebook' rel=\"noopener\"><span class='avia_hidden_link_text'>Compartir en Facebook<\/span><\/a><\/li><li class='av-share-link av-social-link-twitter' ><a target=\"_blank\" aria-label=\"Compartir en Twitter\" href='https:\/\/twitter.com\/share?text=Este%20Lunes%201%20de%20diciembre%20comenz%C3%B3%20la%20Rendici%C3%B3n%20de%20la%20PAES%20Regular%202025%2C%20para%20Admisi%C3%B3n%202026&#038;url=https:\/\/radiorevelacionfm.cl\/?p=62014' aria-hidden='false' data-av_icon='\ue8f1' data-av_iconfont='entypo-fontello' title='' data-avia-related-tooltip='Compartir en Twitter' rel=\"noopener\"><span class='avia_hidden_link_text'>Compartir en Twitter<\/span><\/a><\/li><li class='av-share-link av-social-link-whatsapp' ><a target=\"_blank\" aria-label=\"Compartir en Whatsapp\" href='https:\/\/api.whatsapp.com\/send?text=https:\/\/radiorevelacionfm.cl\/?p=62014' aria-hidden='false' data-av_icon='\uf232' data-av_iconfont='entypo-fontello' title='' data-avia-related-tooltip='Compartir en Whatsapp' rel=\"noopener\"><span class='avia_hidden_link_text'>Compartir en Whatsapp<\/span><\/a><\/li><li class='av-share-link av-social-link-linkedin' ><a target=\"_blank\" aria-label=\"Compartir en LinkedIn\" href='https:\/\/linkedin.com\/shareArticle?mini=true&#038;title=Este%20Lunes%201%20de%20diciembre%20comenz%C3%B3%20la%20Rendici%C3%B3n%20de%20la%20PAES%20Regular%202025%2C%20para%20Admisi%C3%B3n%202026&#038;url=https:\/\/radiorevelacionfm.cl\/?p=62014' aria-hidden='false' data-av_icon='\ue8fc' data-av_iconfont='entypo-fontello' title='' data-avia-related-tooltip='Compartir en LinkedIn' rel=\"noopener\"><span class='avia_hidden_link_text'>Compartir en LinkedIn<\/span><\/a><\/li><li class='av-share-link av-social-link-mail' ><a  aria-label=\"Compartir por correo\" href='mailto:?subject=Este%20Lunes%201%20de%20diciembre%20comenz%C3%B3%20la%20Rendici%C3%B3n%20de%20la%20PAES%20Regular%202025%2C%20para%20Admisi%C3%B3n%202026&#038;body=https:\/\/radiorevelacionfm.cl\/?p=62014' aria-hidden='false' data-av_icon='\ue805' data-av_iconfont='entypo-fontello' title='' data-avia-related-tooltip='Compartir por correo'><span class='avia_hidden_link_text'>Compartir por correo<\/span><\/a><\/li><\/ul><\/div><\/div>\n<div  style='height:50px' class='hr hr-invisible   avia-builder-el-8  el_after_av_social_share  el_before_av_comments_list '><span class='hr-inner ' ><span class='hr-inner-style'><\/span><\/span><\/div>\n<div  class='av-buildercomment  av-blog-meta-html-info-disabled av-blog-meta-tag-disabled  '><\/div>\n","protected":false},"excerpt":{"rendered":"","protected":false},"author":1,"featured_media":62015,"comment_status":"closed","ping_status":"closed","sticky":false,"template":"","format":"standard","meta":{"footnotes":""},"categories":[49],"tags":[],"class_list":["post-62014","post","type-post","status-publish","format-standard","has-post-thumbnail","hentry","category-educacion"],"jetpack_featured_media_url":"https:\/\/radiorevelacionfm.cl\/wp-content\/uploads\/2025\/12\/PAES-1-1-1.jpg","_links":{"self":[{"href":"https:\/\/radiorevelacionfm.cl\/index.php?rest_route=\/wp\/v2\/posts\/62014","targetHints":{"allow":["GET"]}}],"collection":[{"href":"https:\/\/radiorevelacionfm.cl\/index.php?rest_route=\/wp\/v2\/posts"}],"about":[{"href":"https:\/\/radiorevelacionfm.cl\/index.php?rest_route=\/wp\/v2\/types\/post"}],"author":[{"embeddable":true,"href":"https:\/\/radiorevelacionfm.cl\/index.php?rest_route=\/wp\/v2\/users\/1"}],"replies":[{"embeddable":true,"href":"https:\/\/radiorevelacionfm.cl\/index.php?rest_route=%2Fwp%2Fv2%2Fcomments&post=62014"}],"version-history":[{"count":2,"href":"https:\/\/radiorevelacionfm.cl\/index.php?rest_route=\/wp\/v2\/posts\/62014\/revisions"}],"predecessor-version":[{"id":62040,"href":"https:\/\/radiorevelacionfm.cl\/index.php?rest_route=\/wp\/v2\/posts\/62014\/revisions\/62040"}],"wp:featuredmedia":[{"embeddable":true,"href":"https:\/\/radiorevelacionfm.cl\/index.php?rest_route=\/wp\/v2\/media\/62015"}],"wp:attachment":[{"href":"https:\/\/radiorevelacionfm.cl\/index.php?rest_route=%2Fwp%2Fv2%2Fmedia&parent=62014"}],"wp:term":[{"taxonomy":"category","embeddable":true,"href":"https:\/\/radiorevelacionfm.cl\/index.php?rest_route=%2Fwp%2Fv2%2Fcategories&post=62014"},{"taxonomy":"post_tag","embeddable":true,"href":"https:\/\/radiorevelacionfm.cl\/index.php?rest_route=%2Fwp%2Fv2%2Ftags&post=62014"}],"curies":[{"name":"wp","href":"https:\/\/api.w.org\/{rel}","templated":true}]}}