{"id":62011,"date":"2025-12-01T15:21:52","date_gmt":"2025-12-01T18:21:52","guid":{"rendered":"https:\/\/radiorevelacionfm.cl\/?p=62011"},"modified":"2025-12-01T15:26:42","modified_gmt":"2025-12-01T18:26:42","slug":"juzgado-de-garantia-de-coyhaique-decreta-el-arresto-domiciliario-total-de-imputada-por-inducir-aborto","status":"publish","type":"post","link":"https:\/\/radiorevelacionfm.cl\/?p=62011","title":{"rendered":"Juzgado de Garant\u00eda de Coyhaique decreta el arresto domiciliario total de imputada por inducir aborto"},"content":{"rendered":"<div class=\"flex_column av_one_full  flex_column_div av-zero-column-padding first  avia-builder-el-0  el_before_av_one_full  avia-builder-el-first  \" style='border-radius:0px; '><div  class='avia-image-container  av-styling-    avia-builder-el-1  avia-builder-el-no-sibling  avia-align-center '  itemprop=\"image\" itemscope=\"itemscope\" itemtype=\"https:\/\/schema.org\/ImageObject\"  ><div class='avia-image-container-inner'><div class='avia-image-overlay-wrap'><img decoding=\"async\" class='wp-image-10391 avia-img-lazy-loading-not-10391 avia_image' src=\"https:\/\/radiorevelacionfm.cl\/wp-content\/uploads\/2021\/11\/Juzgado-Garantia-Coyhaique-1-1-1.jpg\" alt='' title='Juzgado Garantia Coyhaique (1) (1) (1)' height=\"600\" width=\"1297\"  itemprop=\"thumbnailUrl\" srcset=\"https:\/\/radiorevelacionfm.cl\/wp-content\/uploads\/2021\/11\/Juzgado-Garantia-Coyhaique-1-1-1.jpg 1297w, https:\/\/radiorevelacionfm.cl\/wp-content\/uploads\/2021\/11\/Juzgado-Garantia-Coyhaique-1-1-1-300x139.jpg 300w, https:\/\/radiorevelacionfm.cl\/wp-content\/uploads\/2021\/11\/Juzgado-Garantia-Coyhaique-1-1-1-1030x476.jpg 1030w, https:\/\/radiorevelacionfm.cl\/wp-content\/uploads\/2021\/11\/Juzgado-Garantia-Coyhaique-1-1-1-768x355.jpg 768w, https:\/\/radiorevelacionfm.cl\/wp-content\/uploads\/2021\/11\/Juzgado-Garantia-Coyhaique-1-1-1-705x326.jpg 705w, https:\/\/radiorevelacionfm.cl\/wp-content\/uploads\/2021\/11\/Juzgado-Garantia-Coyhaique-1-1-1-600x278.jpg 600w\" sizes=\"(max-width: 1297px) 100vw, 1297px\" \/><\/div><\/div><\/div><\/div><div class=\"flex_column av_one_full  flex_column_div av-zero-column-padding first  avia-builder-el-2  el_after_av_one_full  el_before_av_one_full  column-top-margin\" style='border-radius:0px; '><section class=\"av_textblock_section \"  itemscope=\"itemscope\" itemtype=\"https:\/\/schema.org\/BlogPosting\" itemprop=\"blogPost\" ><div class='avia_textblock  '   itemprop=\"text\" ><p style=\"text-align: center;\"><span style=\"font-size: 18pt;\"><b>Juzgado de Garant\u00eda de Coyhaique decreta el arresto domiciliario total de imputada por inducir aborto<\/b><\/span><\/p>\n<div id=\"gtx-trans\" style=\"position: absolute; left: -50px; top: 4.31534px;\">\n<div class=\"gtx-trans-icon\"><\/div>\n<\/div>\n<\/div><\/section><\/div><div class=\"flex_column av_one_full  flex_column_div av-zero-column-padding first  avia-builder-el-4  el_after_av_one_full  el_before_av_hr  column-top-margin\" style='border-radius:0px; '><section class=\"av_textblock_section \"  itemscope=\"itemscope\" itemtype=\"https:\/\/schema.org\/BlogPosting\" itemprop=\"blogPost\" ><div class='avia_textblock  '   itemprop=\"text\" ><p style=\"font-weight: 400; text-align: justify;\">El Juzgado de Garant\u00eda de Coyhaique dej\u00f3 hoy \u2013lunes 1 de diciembre\u2013 sujeta a las medidas cautelares de arresto domiciliario total y la prohibici\u00f3n de acercarse a la v\u00edctima a N.E.S.U., imputada por el Ministerio P\u00fablico como autora del delito consumado de inducci\u00f3n de aborto. Il\u00edcito perpetrado el fin de semana reci\u00e9n pasado, en la ciudad.<\/p>\n<p style=\"font-weight: 400; text-align: justify;\">En la audiencia de formalizaci\u00f3n, la magistrada Fabiola Mu\u00f1oz Fierro no acogi\u00f3 la solicitud de prisi\u00f3n preventiva impetrada por la fiscal\u00eda, al considerar que, pese a la gravedad del delito, resultaba prioritario resguardar el bienestar de los hijos menores de edad que dependen de la imputada. Adem\u00e1s, fij\u00f3 en 75 d\u00edas el plazo de investigaci\u00f3n.<\/p>\n<p style=\"font-weight: 400; text-align: justify;\">Seg\u00fan el ente persecutor, alrededor de las 22 horas\u00a0del 29 de noviembre de 2025, al interior de su domicilio ubicado en la ciudad de Coyhaique, la imputada habr\u00eda realizado maniobras para interrumpir el embarazo que presentaba su hija de 16 a\u00f1os, a trav\u00e9s del suministro bajo enga\u00f1o de comprimidos de misoprostol de 200 microgramos. Posteriormente, en horas de la madrugada del 30 de noviembre, intent\u00f3 nuevamente que la adolescente tomar\u00e1 m\u00e1s comprimidos, reiter\u00e1ndole que se trataba de vitaminas, pero la joven solo consumi\u00f3 una gragea, se sinti\u00f3 mal y sali\u00f3 del inmueble en b\u00fasqueda ayuda.<\/p>\n<p style=\"font-weight: 400; text-align: justify;\">A consecuencia de la ingesta del medicamento se produjo la interrupci\u00f3n del embarazo y la consecuente muerte del feto. Deceso confirmado, posteriormente, en el Hospital Regional de Coyhaique.<\/p>\n<p style=\"font-weight: 400; text-align: justify;\">Finalmente, el tribunal remiti\u00f3 los antecedentes al Juzgado de Familia para que adopte a la brevedad las medidas de protecci\u00f3n de la menor.<\/p>\n<\/div><\/section><\/div><div  style='height:50px' class='hr hr-invisible   avia-builder-el-6  el_after_av_one_full  el_before_av_social_share '><span class='hr-inner ' ><span class='hr-inner-style'><\/span><\/span><\/div><\/p>\n<div  class='av-social-sharing-box  avia-builder-el-7  el_after_av_hr  el_before_av_hr  '><div class='av-share-box'><h5 class='av-share-link-description av-no-toc '>Compartir esta noticia<\/h5><ul class='av-share-box-list noLightbox'><li class='av-share-link av-social-link-facebook' ><a target=\"_blank\" aria-label=\"Compartir en Facebook\" href='https:\/\/www.facebook.com\/sharer.php?u=https:\/\/radiorevelacionfm.cl\/?p=62011&#038;t=Juzgado%20de%20Garant%C3%ADa%20de%20Coyhaique%20decreta%20el%20arresto%20domiciliario%20total%20de%20imputada%20por%20inducir%20aborto' aria-hidden='false' data-av_icon='\ue8f3' data-av_iconfont='entypo-fontello' title='' data-avia-related-tooltip='Compartir en Facebook' rel=\"noopener\"><span class='avia_hidden_link_text'>Compartir en Facebook<\/span><\/a><\/li><li class='av-share-link av-social-link-twitter' ><a target=\"_blank\" aria-label=\"Compartir en Twitter\" href='https:\/\/twitter.com\/share?text=Juzgado%20de%20Garant%C3%ADa%20de%20Coyhaique%20decreta%20el%20arresto%20domiciliario%20total%20de%20imputada%20por%20inducir%20aborto&#038;url=https:\/\/radiorevelacionfm.cl\/?p=62011' aria-hidden='false' data-av_icon='\ue8f1' data-av_iconfont='entypo-fontello' title='' data-avia-related-tooltip='Compartir en Twitter' rel=\"noopener\"><span class='avia_hidden_link_text'>Compartir en Twitter<\/span><\/a><\/li><li class='av-share-link av-social-link-whatsapp' ><a target=\"_blank\" aria-label=\"Compartir en Whatsapp\" href='https:\/\/api.whatsapp.com\/send?text=https:\/\/radiorevelacionfm.cl\/?p=62011' aria-hidden='false' data-av_icon='\uf232' data-av_iconfont='entypo-fontello' title='' data-avia-related-tooltip='Compartir en Whatsapp' rel=\"noopener\"><span class='avia_hidden_link_text'>Compartir en Whatsapp<\/span><\/a><\/li><li class='av-share-link av-social-link-linkedin' ><a target=\"_blank\" aria-label=\"Compartir en LinkedIn\" href='https:\/\/linkedin.com\/shareArticle?mini=true&#038;title=Juzgado%20de%20Garant%C3%ADa%20de%20Coyhaique%20decreta%20el%20arresto%20domiciliario%20total%20de%20imputada%20por%20inducir%20aborto&#038;url=https:\/\/radiorevelacionfm.cl\/?p=62011' aria-hidden='false' data-av_icon='\ue8fc' data-av_iconfont='entypo-fontello' title='' data-avia-related-tooltip='Compartir en LinkedIn' rel=\"noopener\"><span class='avia_hidden_link_text'>Compartir en LinkedIn<\/span><\/a><\/li><li class='av-share-link av-social-link-mail' ><a  aria-label=\"Compartir por correo\" href='mailto:?subject=Juzgado%20de%20Garant%C3%ADa%20de%20Coyhaique%20decreta%20el%20arresto%20domiciliario%20total%20de%20imputada%20por%20inducir%20aborto&#038;body=https:\/\/radiorevelacionfm.cl\/?p=62011' aria-hidden='false' data-av_icon='\ue805' data-av_iconfont='entypo-fontello' title='' data-avia-related-tooltip='Compartir por correo'><span class='avia_hidden_link_text'>Compartir por correo<\/span><\/a><\/li><\/ul><\/div><\/div>\n<div  style='height:50px' class='hr hr-invisible   avia-builder-el-8  el_after_av_social_share  el_before_av_comments_list '><span class='hr-inner ' ><span class='hr-inner-style'><\/span><\/span><\/div>\n<div  class='av-buildercomment  av-blog-meta-html-info-disabled av-blog-meta-tag-disabled  '><\/div>\n","protected":false},"excerpt":{"rendered":"","protected":false},"author":1,"featured_media":10391,"comment_status":"closed","ping_status":"closed","sticky":false,"template":"","format":"standard","meta":{"footnotes":""},"categories":[55],"tags":[],"class_list":["post-62011","post","type-post","status-publish","format-standard","has-post-thumbnail","hentry","category-justicia"],"jetpack_featured_media_url":"https:\/\/radiorevelacionfm.cl\/wp-content\/uploads\/2021\/11\/Juzgado-Garantia-Coyhaique-1-1-1.jpg","_links":{"self":[{"href":"https:\/\/radiorevelacionfm.cl\/index.php?rest_route=\/wp\/v2\/posts\/62011","targetHints":{"allow":["GET"]}}],"collection":[{"href":"https:\/\/radiorevelacionfm.cl\/index.php?rest_route=\/wp\/v2\/posts"}],"about":[{"href":"https:\/\/radiorevelacionfm.cl\/index.php?rest_route=\/wp\/v2\/types\/post"}],"author":[{"embeddable":true,"href":"https:\/\/radiorevelacionfm.cl\/index.php?rest_route=\/wp\/v2\/users\/1"}],"replies":[{"embeddable":true,"href":"https:\/\/radiorevelacionfm.cl\/index.php?rest_route=%2Fwp%2Fv2%2Fcomments&post=62011"}],"version-history":[{"count":2,"href":"https:\/\/radiorevelacionfm.cl\/index.php?rest_route=\/wp\/v2\/posts\/62011\/revisions"}],"predecessor-version":[{"id":62013,"href":"https:\/\/radiorevelacionfm.cl\/index.php?rest_route=\/wp\/v2\/posts\/62011\/revisions\/62013"}],"wp:featuredmedia":[{"embeddable":true,"href":"https:\/\/radiorevelacionfm.cl\/index.php?rest_route=\/wp\/v2\/media\/10391"}],"wp:attachment":[{"href":"https:\/\/radiorevelacionfm.cl\/index.php?rest_route=%2Fwp%2Fv2%2Fmedia&parent=62011"}],"wp:term":[{"taxonomy":"category","embeddable":true,"href":"https:\/\/radiorevelacionfm.cl\/index.php?rest_route=%2Fwp%2Fv2%2Fcategories&post=62011"},{"taxonomy":"post_tag","embeddable":true,"href":"https:\/\/radiorevelacionfm.cl\/index.php?rest_route=%2Fwp%2Fv2%2Ftags&post=62011"}],"curies":[{"name":"wp","href":"https:\/\/api.w.org\/{rel}","templated":true}]}}