{"id":6201,"date":"2021-07-13T10:11:41","date_gmt":"2021-07-13T13:11:41","guid":{"rendered":"https:\/\/radiorevelacionfm.cl\/?p=6201"},"modified":"2021-07-13T10:11:41","modified_gmt":"2021-07-13T13:11:41","slug":"mas-de-100-emprendedores-inician-etapa-de-formacion-para-activar-sus-negocios-en-la-comuna-de-aysen","status":"publish","type":"post","link":"https:\/\/radiorevelacionfm.cl\/?p=6201","title":{"rendered":"M\u00e1s de 100 emprendedores inician etapa de formaci\u00f3n para activar sus negocios en la comuna de Ays\u00e9n"},"content":{"rendered":"<div class=\"flex_column av_one_full  flex_column_div av-zero-column-padding first  avia-builder-el-0  el_before_av_one_full  avia-builder-el-first  \" style='border-radius:0px; '><div  class='avia-image-container  av-styling-    avia-builder-el-1  avia-builder-el-no-sibling  avia-align-center '  itemprop=\"image\" itemscope=\"itemscope\" itemtype=\"https:\/\/schema.org\/ImageObject\"  ><div class='avia-image-container-inner'><div class='avia-image-overlay-wrap'><img decoding=\"async\" class='wp-image-0 avia-img-lazy-loading-not-0 avia_image' src=\"https:\/\/radiorevelacionfm.cl\/wp-content\/uploads\/2021\/07\/ye2-1_optimized.jpg\" alt='' title=''   itemprop=\"thumbnailUrl\"  \/><\/div><\/div><\/div><\/div><div class=\"flex_column av_one_full  flex_column_div av-zero-column-padding first  avia-builder-el-2  el_after_av_one_full  el_before_av_one_full  column-top-margin\" style='border-radius:0px; '><section class=\"av_textblock_section \"  itemscope=\"itemscope\" itemtype=\"https:\/\/schema.org\/BlogPosting\" itemprop=\"blogPost\" ><div class='avia_textblock  '   itemprop=\"text\" ><p style=\"text-align: center;\"><strong><span style=\"font-size: 18pt;\">M\u00e1s de 100 emprendedores inician etapa de formaci\u00f3n para activar sus negocios en la comuna de Ays\u00e9n<\/span><\/strong><\/p>\n<div id=\"gtx-trans\" style=\"position: absolute; left: -50px; top: 4.31534px;\">\n<div class=\"gtx-trans-icon\"><\/div>\n<\/div>\n<\/div><\/section><\/div><div class=\"flex_column av_one_full  flex_column_div av-zero-column-padding first  avia-builder-el-4  el_after_av_one_full  el_before_av_hr  column-top-margin\" style='border-radius:0px; '><section class=\"av_textblock_section \"  itemscope=\"itemscope\" itemtype=\"https:\/\/schema.org\/BlogPosting\" itemprop=\"blogPost\" ><div class='avia_textblock  '   itemprop=\"text\" ><p style=\"text-align: justify;\">En las distintas instancias de bienvenida e inicio de los programas, realizadas v\u00eda remota, particip\u00f3 el Seremi de Desarrollo Social y Familia, la Directora Regional del FOSIS y una representante de la Gobernaci\u00f3n Provincial de Ays\u00e9n; quienes compartieron con gran parte de los usuarios y usuarias que comenzaron su formaci\u00f3n en el programa Yo Emprendo.<\/p>\n<p style=\"text-align: justify;\">La intervenci\u00f3n del programa Yo Emprendo, en sus modalidades Semilla, B\u00e1sico y Avanzado, es de 8 meses y atender\u00e1 a un total de 118 usuarios y usuarias de Puerto Ays\u00e9n, Puerto Chacabuco, Villa Ma\u00f1ihuales, Villa Los Torreones, Puerto Aguirre y Caleta Andrade. La instancia program\u00e1tica entrega asesor\u00eda, capacitaci\u00f3n y el financiamiento de un plan de negocios, lo cual permite adquirir maquinaria, herramientas o insumos para fortalecer el emprendimiento en desarrollo.<\/p>\n<p style=\"text-align: justify;\">Evelyn Ag\u00fcero, usuaria del programa Yo Emprendo Semilla del Subsistema de Seguridades y Oportunidades, se mostr\u00f3 contenta por haber sido seleccionada. \u201cEs dif\u00edcil salir seleccionada en estos proyectos ya que son muchas las personas que postulan, somos unas privilegiadas quienes estamos ac\u00e1. Estoy contenta porque aparte de la compra de herramientas o cosas materiales que uno necesita para salir adelante, es muy importante el apoyo que van a brindarnos en capacitaci\u00f3n, porque la idea es que nuestros emprendimientos sigan avanzando y con estos talleres vamos a tener las herramientas para poder seguir adelante. Yo llevo 7 a\u00f1os en este emprendimiento, pero nunca hab\u00eda salido seleccionada. El a\u00f1o pasado tuve un Apoyo a tu Plan Laboral, donde pude comprar un honro industrial para hacer mis biscochos y ahora con esto estoy muy feliz y agradecida.\u201d<\/p>\n<p style=\"text-align: justify;\">La usuaria del programa Yo Emprendo B\u00e1sico, Pamela Estrada, mencion\u00f3 estar \u201cm\u00e1s que feliz con este proyecto. Postul\u00e9 a ra\u00edz de un incendio gigantesco que nos azot\u00f3, donde perd\u00ed pr\u00e1cticamente todas mis herramientas de trabajo. Yo me dedico a hacer prietas caseras. Yo comenc\u00e9 de cero este sue\u00f1o que tuve siempre en mi cabeza, pero esto me lo arrebat\u00f3 de la noche a la ma\u00f1ana, as\u00ed que justo se dio la posibilidad de postular a este proyecto y yo feliz porque voy a poder seguir con mi sue\u00f1o, poder seguir haciendo lo que me gusta, a seguirme desarrollando, esto va a ser un impulso para un nuevo renacer en mi vida, que me ha azotado no s\u00f3lo con el incendio, sino tambi\u00e9n con p\u00e9rdidas familiares muy fuertes, as\u00ed que me va a servir para despejarme y salir de esto que estoy pasando.\u201d<\/p>\n<p style=\"text-align: justify;\">Dominique Br\u00e4utigam, Directora Regional del FOSIS en Ays\u00e9n, destac\u00f3 que \u201cson m\u00e1s de 100 personas de distintas localidades de la comuna de Ays\u00e9n quienes iniciaron su participaci\u00f3n de manera remota en el programa Yo Emprendo, en sus distintas modalidades: Semilla, B\u00e1sico y Avanzado, la cual busca entregarles distintas herramientas y habilidades para fortalecer el desarrollo de sus negocios con capacitaci\u00f3n, asesor\u00eda t\u00e9cnica y financiamiento. Sabemos que es un apoyo importante y nuevo impulso para que emprendedores y emprendedoras, que han sido afectados por la pandemia, puedan aumentar sus ingresos y mejorar la calidad de vidas de ellos y sus familias.\u201d<\/p>\n<p style=\"text-align: justify;\">El Seremi de Desarrollo Social y Familia, Marcelo J\u00e9lvez, asegur\u00f3 que \u201ccomo Ministerio estamos muy contentos del inicio del programa Yo Emprendo para 118 emprendedoras y emprendedores de la comuna de Ays\u00e9n. Sabemos que estas personas est\u00e1n llenas de ideas, sue\u00f1os, ganas de seguir adelante y surgir; y de la mano de FOSIS de seguro lo van a lograr en este per\u00edodo que iniciamos de esfuerzo, capacitaci\u00f3n, y, sobre todo, de ense\u00f1anza y aprendizaje para que a futuro se concreten esas ideas de negocio y emprendimiento para cada uno de ellos. Estamos entregando las herramientas como Gobierno y estamos entregando junto a FOSIS todas las capacitaciones para que nuestros peque\u00f1os y medianos emprendedores puedan salir adelante en tiempos de pandemia.\u201d<\/p>\n<p style=\"text-align: justify;\">Cabe mencionar que los y las usuarias del programa Yo Emprendo, en esta etapa participan en talleres de apresto digital, capacidades emprendedoras, modelo de negocios, elaboraci\u00f3n de un plan de negocios y compras y ventas por internet.<\/p>\n<\/div><\/section><\/div><div  style='height:50px' class='hr hr-invisible   avia-builder-el-6  el_after_av_one_full  el_before_av_social_share '><span class='hr-inner ' ><span class='hr-inner-style'><\/span><\/span><\/div><\/p>\n<div  class='av-social-sharing-box  avia-builder-el-7  el_after_av_hr  el_before_av_hr  '><div class='av-share-box'><h5 class='av-share-link-description av-no-toc '>Compartir esta noticia<\/h5><ul class='av-share-box-list noLightbox'><li class='av-share-link av-social-link-facebook' ><a target=\"_blank\" aria-label=\"Compartir en Facebook\" href='https:\/\/www.facebook.com\/sharer.php?u=https:\/\/radiorevelacionfm.cl\/?p=6201&#038;t=M%C3%A1s%20de%20100%20emprendedores%20inician%20etapa%20de%20formaci%C3%B3n%20para%20activar%20sus%20negocios%20en%20la%20comuna%20de%20Ays%C3%A9n' aria-hidden='false' data-av_icon='\ue8f3' data-av_iconfont='entypo-fontello' title='' data-avia-related-tooltip='Compartir en Facebook' rel=\"noopener\"><span class='avia_hidden_link_text'>Compartir en Facebook<\/span><\/a><\/li><li class='av-share-link av-social-link-twitter' ><a target=\"_blank\" aria-label=\"Compartir en Twitter\" href='https:\/\/twitter.com\/share?text=M%C3%A1s%20de%20100%20emprendedores%20inician%20etapa%20de%20formaci%C3%B3n%20para%20activar%20sus%20negocios%20en%20la%20comuna%20de%20Ays%C3%A9n&#038;url=https:\/\/radiorevelacionfm.cl\/?p=6201' aria-hidden='false' data-av_icon='\ue8f1' data-av_iconfont='entypo-fontello' title='' data-avia-related-tooltip='Compartir en Twitter' rel=\"noopener\"><span class='avia_hidden_link_text'>Compartir en Twitter<\/span><\/a><\/li><li class='av-share-link av-social-link-whatsapp' ><a target=\"_blank\" aria-label=\"Compartir en Whatsapp\" href='https:\/\/api.whatsapp.com\/send?text=https:\/\/radiorevelacionfm.cl\/?p=6201' aria-hidden='false' data-av_icon='\uf232' data-av_iconfont='entypo-fontello' title='' data-avia-related-tooltip='Compartir en Whatsapp' rel=\"noopener\"><span class='avia_hidden_link_text'>Compartir en Whatsapp<\/span><\/a><\/li><li class='av-share-link av-social-link-linkedin' ><a target=\"_blank\" aria-label=\"Compartir en LinkedIn\" href='https:\/\/linkedin.com\/shareArticle?mini=true&#038;title=M%C3%A1s%20de%20100%20emprendedores%20inician%20etapa%20de%20formaci%C3%B3n%20para%20activar%20sus%20negocios%20en%20la%20comuna%20de%20Ays%C3%A9n&#038;url=https:\/\/radiorevelacionfm.cl\/?p=6201' aria-hidden='false' data-av_icon='\ue8fc' data-av_iconfont='entypo-fontello' title='' data-avia-related-tooltip='Compartir en LinkedIn' rel=\"noopener\"><span class='avia_hidden_link_text'>Compartir en LinkedIn<\/span><\/a><\/li><li class='av-share-link av-social-link-mail' ><a  aria-label=\"Compartir por correo\" href='mailto:?subject=M%C3%A1s%20de%20100%20emprendedores%20inician%20etapa%20de%20formaci%C3%B3n%20para%20activar%20sus%20negocios%20en%20la%20comuna%20de%20Ays%C3%A9n&#038;body=https:\/\/radiorevelacionfm.cl\/?p=6201' aria-hidden='false' data-av_icon='\ue805' data-av_iconfont='entypo-fontello' title='' data-avia-related-tooltip='Compartir por correo'><span class='avia_hidden_link_text'>Compartir por correo<\/span><\/a><\/li><\/ul><\/div><\/div>\n<div  style='height:50px' class='hr hr-invisible   avia-builder-el-8  el_after_av_social_share  el_before_av_comments_list '><span class='hr-inner ' ><span class='hr-inner-style'><\/span><\/span><\/div>\n<div  class='av-buildercomment  av-blog-meta-html-info-disabled av-blog-meta-tag-disabled  '><\/div>\n","protected":false},"excerpt":{"rendered":"","protected":false},"author":1,"featured_media":0,"comment_status":"open","ping_status":"open","sticky":false,"template":"","format":"standard","meta":{"footnotes":""},"categories":[38],"tags":[],"class_list":["post-6201","post","type-post","status-publish","format-standard","hentry","category-regional"],"jetpack_featured_media_url":"","_links":{"self":[{"href":"https:\/\/radiorevelacionfm.cl\/index.php?rest_route=\/wp\/v2\/posts\/6201","targetHints":{"allow":["GET"]}}],"collection":[{"href":"https:\/\/radiorevelacionfm.cl\/index.php?rest_route=\/wp\/v2\/posts"}],"about":[{"href":"https:\/\/radiorevelacionfm.cl\/index.php?rest_route=\/wp\/v2\/types\/post"}],"author":[{"embeddable":true,"href":"https:\/\/radiorevelacionfm.cl\/index.php?rest_route=\/wp\/v2\/users\/1"}],"replies":[{"embeddable":true,"href":"https:\/\/radiorevelacionfm.cl\/index.php?rest_route=%2Fwp%2Fv2%2Fcomments&post=6201"}],"version-history":[{"count":1,"href":"https:\/\/radiorevelacionfm.cl\/index.php?rest_route=\/wp\/v2\/posts\/6201\/revisions"}],"predecessor-version":[{"id":6203,"href":"https:\/\/radiorevelacionfm.cl\/index.php?rest_route=\/wp\/v2\/posts\/6201\/revisions\/6203"}],"wp:attachment":[{"href":"https:\/\/radiorevelacionfm.cl\/index.php?rest_route=%2Fwp%2Fv2%2Fmedia&parent=6201"}],"wp:term":[{"taxonomy":"category","embeddable":true,"href":"https:\/\/radiorevelacionfm.cl\/index.php?rest_route=%2Fwp%2Fv2%2Fcategories&post=6201"},{"taxonomy":"post_tag","embeddable":true,"href":"https:\/\/radiorevelacionfm.cl\/index.php?rest_route=%2Fwp%2Fv2%2Ftags&post=6201"}],"curies":[{"name":"wp","href":"https:\/\/api.w.org\/{rel}","templated":true}]}}