{"id":62007,"date":"2025-12-02T11:48:27","date_gmt":"2025-12-02T14:48:27","guid":{"rendered":"https:\/\/radiorevelacionfm.cl\/?p=62007"},"modified":"2025-12-02T11:48:27","modified_gmt":"2025-12-02T14:48:27","slug":"reconocimiento-regional-a-la-creatividad-escolar-premian-la-poesia-relatos-y-pinturas-inspiradas-en-la-tradicion-de-nuestros-pueblos-originarios","status":"publish","type":"post","link":"https:\/\/radiorevelacionfm.cl\/?p=62007","title":{"rendered":"Reconocimiento Regional a la Creatividad Escolar: Premian la poes\u00eda, relatos y pinturas inspiradas en la tradici\u00f3n de nuestros Pueblos Originarios"},"content":{"rendered":"<div class=\"flex_column av_one_full  flex_column_div av-zero-column-padding first  avia-builder-el-0  el_before_av_one_full  avia-builder-el-first  \" style='border-radius:0px; '><div  class='avia-image-container  av-styling-    avia-builder-el-1  avia-builder-el-no-sibling  avia-align-center '  itemprop=\"image\" itemscope=\"itemscope\" itemtype=\"https:\/\/schema.org\/ImageObject\"  ><div class='avia-image-container-inner'><div class='avia-image-overlay-wrap'><img decoding=\"async\" class='wp-image-62008 avia-img-lazy-loading-not-62008 avia_image' src=\"https:\/\/radiorevelacionfm.cl\/wp-content\/uploads\/2025\/12\/Grupal-12-1-1.jpeg\" alt='' title='Grupal (12) (1) (1)' height=\"600\" width=\"900\"  itemprop=\"thumbnailUrl\" srcset=\"https:\/\/radiorevelacionfm.cl\/wp-content\/uploads\/2025\/12\/Grupal-12-1-1.jpeg 900w, https:\/\/radiorevelacionfm.cl\/wp-content\/uploads\/2025\/12\/Grupal-12-1-1-300x200.jpeg 300w, https:\/\/radiorevelacionfm.cl\/wp-content\/uploads\/2025\/12\/Grupal-12-1-1-768x512.jpeg 768w, https:\/\/radiorevelacionfm.cl\/wp-content\/uploads\/2025\/12\/Grupal-12-1-1-705x470.jpeg 705w, https:\/\/radiorevelacionfm.cl\/wp-content\/uploads\/2025\/12\/Grupal-12-1-1-450x300.jpeg 450w, https:\/\/radiorevelacionfm.cl\/wp-content\/uploads\/2025\/12\/Grupal-12-1-1-600x400.jpeg 600w\" sizes=\"(max-width: 900px) 100vw, 900px\" \/><\/div><\/div><\/div><\/div><div class=\"flex_column av_one_full  flex_column_div av-zero-column-padding first  avia-builder-el-2  el_after_av_one_full  el_before_av_one_full  column-top-margin\" style='border-radius:0px; '><section class=\"av_textblock_section \"  itemscope=\"itemscope\" itemtype=\"https:\/\/schema.org\/BlogPosting\" itemprop=\"blogPost\" ><div class='avia_textblock  '   itemprop=\"text\" ><p style=\"text-align: center;\"><span style=\"font-size: 18pt;\"><b>Reconocimiento Regional a la Creatividad Escolar: Premian la poes\u00eda, relatos y pinturas inspiradas en la tradici\u00f3n de nuestros Pueblos Originarios<\/b><\/span><\/p>\n<div id=\"gtx-trans\" style=\"position: absolute; left: -50px; top: 4.31534px;\">\n<div class=\"gtx-trans-icon\"><\/div>\n<\/div>\n<\/div><\/section><\/div><div class=\"flex_column av_one_full  flex_column_div av-zero-column-padding first  avia-builder-el-4  el_after_av_one_full  el_before_av_hr  column-top-margin\" style='border-radius:0px; '><section class=\"av_textblock_section \"  itemscope=\"itemscope\" itemtype=\"https:\/\/schema.org\/BlogPosting\" itemprop=\"blogPost\" ><div class='avia_textblock  '   itemprop=\"text\" ><p style=\"font-weight: 400; text-align: justify;\">Con una alta participaci\u00f3n y un profundo sentido cultural, el Departamento Provincial de Educaci\u00f3n Coyhaique. realiz\u00f3 en la capital regional la ceremonia de Premiaci\u00f3n del Primer Concurso de Expresiones Art\u00edsticas de Nuestros Pueblos Originarios\u00a0 PEIB 2025, instancia que reuni\u00f3 a estudiantes, equipos directivos, docentes y educadores tradicionales de diversos establecimientos educacionales de la regi\u00f3n.<\/p>\n<p style=\"font-weight: 400; text-align: justify;\">La jornada destac\u00f3 por su car\u00e1cter emotivo y por la fuerza simb\u00f3lica de los 165 trabajos recibidos, creados por ni\u00f1as, ni\u00f1os y j\u00f3venes que, a trav\u00e9s del dibujo, la poes\u00eda y el cuento, expresaron su v\u00ednculo con la memoria ancestral, la identidad territorial y los valores que sostienen las ra\u00edces de Ays\u00e9n.<\/p>\n<p style=\"font-weight: 400; text-align: justify;\">Participaron representantes de la Escuela Carlos Condell, Colegio Sina\u00ed, Colegio Kalem Bicentenario, Escuela Ribera Sur, Escuela Pedro Quintana Mansilla de Coyhaique, Liceo Eusebio Ibar de La Junta, Liceo Bicentenario San Jos\u00e9 UR de Puerto Ays\u00e9n, Liceo Bicentenario Altos del Mackay de Coyhaique, Liceo Polit\u00e9cnico de Ays\u00e9n y Liceo Ra\u00fal Broussain Campino, todos ellos reconocidos por su compromiso con la educaci\u00f3n intercultural.<\/p>\n<p style=\"font-weight: 400; text-align: justify;\">La actividad resalt\u00f3 que la cultura de los pueblos originarios no pertenece al pasado, sino que vive en el presente: en las familias, en los territorios, en los relatos que viajan de generaci\u00f3n en generaci\u00f3n y, especialmente, en la sensibilidad art\u00edstica de los estudiantes.<\/p>\n<p style=\"font-weight: 400; text-align: justify;\">La Jefa del Departamento Provincial de Educaci\u00f3n Coyhaique Michelle Grandona, hizo un llamado a \u201cSeguir fortaleciendo este enfoque en las aulas, integrando la cosmovisi\u00f3n, los valores y la historia ind\u00edgena como parte esencial del aprendizaje\u201d.<\/p>\n<p style=\"font-weight: 400; text-align: justify;\">La ceremonia concluy\u00f3 con la premiaci\u00f3n para los estudiantes destacados en cada \u00e1rea del concurso y con un mensaje de gratitud hacia las comunidades educativas, subrayando que cada obra presentada es un gesto de respeto hacia quienes nos antecedieron y un recordatorio de que la educaci\u00f3n no solo transmite conocimientos, sino tambi\u00e9n identidad, pertenencia y memoria colectiva.<\/p>\n<\/div><\/section><\/div><div  style='height:50px' class='hr hr-invisible   avia-builder-el-6  el_after_av_one_full  el_before_av_social_share '><span class='hr-inner ' ><span class='hr-inner-style'><\/span><\/span><\/div><\/p>\n<div  class='av-social-sharing-box  avia-builder-el-7  el_after_av_hr  el_before_av_hr  '><div class='av-share-box'><h5 class='av-share-link-description av-no-toc '>Compartir esta noticia<\/h5><ul class='av-share-box-list noLightbox'><li class='av-share-link av-social-link-facebook' ><a target=\"_blank\" aria-label=\"Compartir en Facebook\" href='https:\/\/www.facebook.com\/sharer.php?u=https:\/\/radiorevelacionfm.cl\/?p=62007&#038;t=Reconocimiento%20Regional%20a%20la%20Creatividad%20Escolar%3A%20Premian%20la%20poes%C3%ADa%2C%20relatos%20y%20pinturas%20inspiradas%20en%20la%20tradici%C3%B3n%20de%20nuestros%20Pueblos%20Originarios' aria-hidden='false' data-av_icon='\ue8f3' data-av_iconfont='entypo-fontello' title='' data-avia-related-tooltip='Compartir en Facebook' rel=\"noopener\"><span class='avia_hidden_link_text'>Compartir en Facebook<\/span><\/a><\/li><li class='av-share-link av-social-link-twitter' ><a target=\"_blank\" aria-label=\"Compartir en Twitter\" href='https:\/\/twitter.com\/share?text=Reconocimiento%20Regional%20a%20la%20Creatividad%20Escolar%3A%20Premian%20la%20poes%C3%ADa%2C%20relatos%20y%20pinturas%20inspiradas%20en%20la%20tradici%C3%B3n%20de%20nuestros%20Pueblos%20Originarios&#038;url=https:\/\/radiorevelacionfm.cl\/?p=62007' aria-hidden='false' data-av_icon='\ue8f1' data-av_iconfont='entypo-fontello' title='' data-avia-related-tooltip='Compartir en Twitter' rel=\"noopener\"><span class='avia_hidden_link_text'>Compartir en Twitter<\/span><\/a><\/li><li class='av-share-link av-social-link-whatsapp' ><a target=\"_blank\" aria-label=\"Compartir en Whatsapp\" href='https:\/\/api.whatsapp.com\/send?text=https:\/\/radiorevelacionfm.cl\/?p=62007' aria-hidden='false' data-av_icon='\uf232' data-av_iconfont='entypo-fontello' title='' data-avia-related-tooltip='Compartir en Whatsapp' rel=\"noopener\"><span class='avia_hidden_link_text'>Compartir en Whatsapp<\/span><\/a><\/li><li class='av-share-link av-social-link-linkedin' ><a target=\"_blank\" aria-label=\"Compartir en LinkedIn\" href='https:\/\/linkedin.com\/shareArticle?mini=true&#038;title=Reconocimiento%20Regional%20a%20la%20Creatividad%20Escolar%3A%20Premian%20la%20poes%C3%ADa%2C%20relatos%20y%20pinturas%20inspiradas%20en%20la%20tradici%C3%B3n%20de%20nuestros%20Pueblos%20Originarios&#038;url=https:\/\/radiorevelacionfm.cl\/?p=62007' aria-hidden='false' data-av_icon='\ue8fc' data-av_iconfont='entypo-fontello' title='' data-avia-related-tooltip='Compartir en LinkedIn' rel=\"noopener\"><span class='avia_hidden_link_text'>Compartir en LinkedIn<\/span><\/a><\/li><li class='av-share-link av-social-link-mail' ><a  aria-label=\"Compartir por correo\" href='mailto:?subject=Reconocimiento%20Regional%20a%20la%20Creatividad%20Escolar%3A%20Premian%20la%20poes%C3%ADa%2C%20relatos%20y%20pinturas%20inspiradas%20en%20la%20tradici%C3%B3n%20de%20nuestros%20Pueblos%20Originarios&#038;body=https:\/\/radiorevelacionfm.cl\/?p=62007' aria-hidden='false' data-av_icon='\ue805' data-av_iconfont='entypo-fontello' title='' data-avia-related-tooltip='Compartir por correo'><span class='avia_hidden_link_text'>Compartir por correo<\/span><\/a><\/li><\/ul><\/div><\/div>\n<div  style='height:50px' class='hr hr-invisible   avia-builder-el-8  el_after_av_social_share  el_before_av_comments_list '><span class='hr-inner ' ><span class='hr-inner-style'><\/span><\/span><\/div>\n<div  class='av-buildercomment  av-blog-meta-html-info-disabled av-blog-meta-tag-disabled  '><\/div>\n","protected":false},"excerpt":{"rendered":"","protected":false},"author":1,"featured_media":62008,"comment_status":"closed","ping_status":"closed","sticky":false,"template":"","format":"standard","meta":{"footnotes":""},"categories":[49],"tags":[],"class_list":["post-62007","post","type-post","status-publish","format-standard","has-post-thumbnail","hentry","category-educacion"],"jetpack_featured_media_url":"https:\/\/radiorevelacionfm.cl\/wp-content\/uploads\/2025\/12\/Grupal-12-1-1.jpeg","_links":{"self":[{"href":"https:\/\/radiorevelacionfm.cl\/index.php?rest_route=\/wp\/v2\/posts\/62007","targetHints":{"allow":["GET"]}}],"collection":[{"href":"https:\/\/radiorevelacionfm.cl\/index.php?rest_route=\/wp\/v2\/posts"}],"about":[{"href":"https:\/\/radiorevelacionfm.cl\/index.php?rest_route=\/wp\/v2\/types\/post"}],"author":[{"embeddable":true,"href":"https:\/\/radiorevelacionfm.cl\/index.php?rest_route=\/wp\/v2\/users\/1"}],"replies":[{"embeddable":true,"href":"https:\/\/radiorevelacionfm.cl\/index.php?rest_route=%2Fwp%2Fv2%2Fcomments&post=62007"}],"version-history":[{"count":2,"href":"https:\/\/radiorevelacionfm.cl\/index.php?rest_route=\/wp\/v2\/posts\/62007\/revisions"}],"predecessor-version":[{"id":62049,"href":"https:\/\/radiorevelacionfm.cl\/index.php?rest_route=\/wp\/v2\/posts\/62007\/revisions\/62049"}],"wp:featuredmedia":[{"embeddable":true,"href":"https:\/\/radiorevelacionfm.cl\/index.php?rest_route=\/wp\/v2\/media\/62008"}],"wp:attachment":[{"href":"https:\/\/radiorevelacionfm.cl\/index.php?rest_route=%2Fwp%2Fv2%2Fmedia&parent=62007"}],"wp:term":[{"taxonomy":"category","embeddable":true,"href":"https:\/\/radiorevelacionfm.cl\/index.php?rest_route=%2Fwp%2Fv2%2Fcategories&post=62007"},{"taxonomy":"post_tag","embeddable":true,"href":"https:\/\/radiorevelacionfm.cl\/index.php?rest_route=%2Fwp%2Fv2%2Ftags&post=62007"}],"curies":[{"name":"wp","href":"https:\/\/api.w.org\/{rel}","templated":true}]}}