{"id":62004,"date":"2025-12-01T15:09:24","date_gmt":"2025-12-01T18:09:24","guid":{"rendered":"https:\/\/radiorevelacionfm.cl\/?p=62004"},"modified":"2025-12-01T15:09:24","modified_gmt":"2025-12-01T18:09:24","slug":"ministerio-publico-visito-extremo-sur-de-la-region-a-fin-de-constatar-en-terreno-los-desafios-de-coordinacion-en-aspectos-investigativos-proteccion-a-victimas-y-soberania","status":"publish","type":"post","link":"https:\/\/radiorevelacionfm.cl\/?p=62004","title":{"rendered":"Ministerio P\u00fablico visit\u00f3 extremo sur de la regi\u00f3n a fin de constatar en terreno los desaf\u00edos de coordinaci\u00f3n en aspectos investigativos, protecci\u00f3n a v\u00edctimas y soberan\u00eda"},"content":{"rendered":"<div class=\"flex_column av_one_full  flex_column_div av-zero-column-padding first  avia-builder-el-0  el_before_av_one_full  avia-builder-el-first  \" style='border-radius:0px; '><div  class='avia-image-container  av-styling-    avia-builder-el-1  avia-builder-el-no-sibling  avia-align-center '  itemprop=\"image\" itemscope=\"itemscope\" itemtype=\"https:\/\/schema.org\/ImageObject\"  ><div class='avia-image-container-inner'><div class='avia-image-overlay-wrap'><img decoding=\"async\" class='wp-image-62005 avia-img-lazy-loading-not-62005 avia_image' src=\"https:\/\/radiorevelacionfm.cl\/wp-content\/uploads\/2025\/12\/tortel11_optimized-1.jpg\" alt='' title='tortel11_optimized (1)' height=\"600\" width=\"900\"  itemprop=\"thumbnailUrl\" srcset=\"https:\/\/radiorevelacionfm.cl\/wp-content\/uploads\/2025\/12\/tortel11_optimized-1.jpg 900w, https:\/\/radiorevelacionfm.cl\/wp-content\/uploads\/2025\/12\/tortel11_optimized-1-300x200.jpg 300w, https:\/\/radiorevelacionfm.cl\/wp-content\/uploads\/2025\/12\/tortel11_optimized-1-768x512.jpg 768w, https:\/\/radiorevelacionfm.cl\/wp-content\/uploads\/2025\/12\/tortel11_optimized-1-705x470.jpg 705w, https:\/\/radiorevelacionfm.cl\/wp-content\/uploads\/2025\/12\/tortel11_optimized-1-450x300.jpg 450w, https:\/\/radiorevelacionfm.cl\/wp-content\/uploads\/2025\/12\/tortel11_optimized-1-600x400.jpg 600w\" sizes=\"(max-width: 900px) 100vw, 900px\" \/><\/div><\/div><\/div><\/div><div class=\"flex_column av_one_full  flex_column_div av-zero-column-padding first  avia-builder-el-2  el_after_av_one_full  el_before_av_one_full  column-top-margin\" style='border-radius:0px; '><section class=\"av_textblock_section \"  itemscope=\"itemscope\" itemtype=\"https:\/\/schema.org\/BlogPosting\" itemprop=\"blogPost\" ><div class='avia_textblock  '   itemprop=\"text\" ><p style=\"text-align: center;\"><span style=\"font-size: 18pt;\"><b>Ministerio P\u00fablico visit\u00f3 extremo sur de la regi\u00f3n a fin de constatar en terreno los desaf\u00edos de coordinaci\u00f3n en aspectos investigativos, protecci\u00f3n a v\u00edctimas y soberan\u00eda<\/b><\/span><\/p>\n<div id=\"gtx-trans\" style=\"position: absolute; left: -50px; top: 4.31534px;\">\n<div class=\"gtx-trans-icon\"><\/div>\n<\/div>\n<\/div><\/section><\/div><div class=\"flex_column av_one_full  flex_column_div av-zero-column-padding first  avia-builder-el-4  el_after_av_one_full  el_before_av_hr  column-top-margin\" style='border-radius:0px; '><section class=\"av_textblock_section \"  itemscope=\"itemscope\" itemtype=\"https:\/\/schema.org\/BlogPosting\" itemprop=\"blogPost\" ><div class='avia_textblock  '   itemprop=\"text\" ><p style=\"font-weight: 400; text-align: justify;\">La Fiscal\u00eda Regional de Ays\u00e9n realiz\u00f3 una visita a las localidades de Caleta Tortel, Villa O\u2019Higgins y Candelario Mancilla, encabezada por el Fiscal Regional, Hern\u00e1n Libedinsky, y el Director Ejecutivo Regional, Ismael Castillo, con el objetivo de verificar en terreno los desaf\u00edos a los que se enfrenta la investigaci\u00f3n penal, la protecci\u00f3n a v\u00edctimas y las condiciones en que labora el personal de Carabineros en el extremo sur de la regi\u00f3n, al momento de adoptar un procedimiento que podr\u00eda tener implicancias judiciales.<\/p>\n<p style=\"font-weight: 400; text-align: justify;\">En cada uno de los lugares visitados, el Fiscal Regional pudo constatar el gran esfuerzo que despliega Carabineros en temas de conectividad, infraestructura y medios disponibles para efectuar su labor, por lo cual Hern\u00e1n Libedinsky destac\u00f3 su compromiso y alta relevancia en la funci\u00f3n de soberan\u00eda nacional.<\/p>\n<p style=\"font-weight: 400; text-align: justify;\">CALETA TORTEL Y CANDELARIO MANCILLA<\/p>\n<p style=\"font-weight: 400; text-align: justify;\">Como parte de esta gira a la zona austral de la regi\u00f3n, las autoridades del Ministerio P\u00fablico dialogaron con funcionarios de Carabineros de Caleta Tortel, instancia en la que se destac\u00f3 la relevancia del trabajo colaborativo que realiza la instituci\u00f3n policial en apoyo a las labores investigativas y preventivas en sectores de dif\u00edcil acceso, especialmente en aquellos casos de violencia de g\u00e9nero, violencia intrafamiliar y denuncias de delitos sexuales, entre otros.<\/p>\n<p style=\"font-weight: 400; text-align: justify;\">Posteriormente, la comitiva se desplaz\u00f3 hacia Villa O\u2019Higgins, recorrido que incluy\u00f3 el cruce por barcaza en el tramo Puerto Yungay &#8211; R\u00edo Bravo. En Villa O\u00b4Higgins, las autoridades conversaron con el personal policial, abordando materias operativas y desaf\u00edos del trabajo investigativo en zonas aisladas.<\/p>\n<p style=\"font-weight: 400; text-align: justify;\">El equipo de la Fiscal\u00eda tambi\u00e9n se traslad\u00f3, gracias al fundamental apoyo de la Armada, hasta Candelario Mancilla, punto fronterizo donde tambi\u00e9n fueron recibidos cordialmente por funcionarios de Carabineros que efect\u00faan labores policiales en dicha zona del pa\u00eds. Durante la visita se revisaron las condiciones de funcionamiento de la Tenencia y la coordinaci\u00f3n que se despliega para enfrentar situaciones de emergencia, en un territorio marcado por condiciones clim\u00e1ticas extremas y conectividad limitada.<\/p>\n<p style=\"font-weight: 400; text-align: justify;\">COMPROMISO CON LA COMUNIDAD<\/p>\n<p style=\"font-weight: 400; text-align: justify;\">El Fiscal Regional, Hern\u00e1n Libedinsky, valor\u00f3 positivamente el trabajo que desempe\u00f1an Carabineros, personal de la Gobernaci\u00f3n Mar\u00edtima de Ays\u00e9n y otras instituciones en estas zonas aisladas del pa\u00eds, destacando su compromiso con la comunidad y su aporte a la seguridad p\u00fablica.<\/p>\n<p style=\"font-weight: 400; text-align: justify;\">Asimismo, remarc\u00f3 la importancia de mantener presencia del Estado en los distintos puntos de la regi\u00f3n, para comprender de manera directa las necesidades locales y fortalecer la respuesta del sistema de justicia penal.<\/p>\n<p style=\"font-weight: 400; text-align: justify;\">La Fiscal\u00eda concurri\u00f3 a Cochrane, Caleta Tortel y Vila O\u00b4Higgins, \u201cb\u00e1sicamente para conocer la realidad de los funcionarios de Carabineros que se desempe\u00f1an ac\u00e1 y conocer las dificultades que enfrentan. Temas de aislamiento, dificultades en la comunicaci\u00f3n. La idea es poder, in situ, conocer el trabajo y c\u00f3mo podemos nosotros estar mejor coordinados\u201d, coment\u00f3 el Fiscal Regional.<\/p>\n<p style=\"font-weight: 400; text-align: justify;\">\u201cDe acuerdo a la conversaci\u00f3n que tuvimos, hay una excelente coordinaci\u00f3n con el Ministerio P\u00fablico, en este caso, con la Fiscal\u00eda Local de Cochrane, lo cual nos deja muy satisfechos\u201d, expres\u00f3 Hern\u00e1n Libedinsky.<\/p>\n<p style=\"font-weight: 400; text-align: justify;\">La autoridad tambi\u00e9n se refiri\u00f3 a que este tipo de coordinaci\u00f3n en terreno, permite ver la forma de enfrentar de mejor forma, de aqu\u00ed a futuro, los procedimientos y los fen\u00f3menos delincuenciales que afectan a las localidades, los cuales, principalmente, \u201cse refieren a casos de violencia intrafamiliar, asociados generalmente a la ingesta de alcohol, temas de lesiones y poder, en definitiva, adaptar los procedimientos, los protocolos a la realidad local para poder adoptar decisiones de la mejor manera posible, hacer los procedimientos m\u00e1s expeditos\u201d.<\/p>\n<\/div><\/section><\/div><div  style='height:50px' class='hr hr-invisible   avia-builder-el-6  el_after_av_one_full  el_before_av_social_share '><span class='hr-inner ' ><span class='hr-inner-style'><\/span><\/span><\/div><\/p>\n<div  class='av-social-sharing-box  avia-builder-el-7  el_after_av_hr  el_before_av_hr  '><div class='av-share-box'><h5 class='av-share-link-description av-no-toc '>Compartir esta noticia<\/h5><ul class='av-share-box-list noLightbox'><li class='av-share-link av-social-link-facebook' ><a target=\"_blank\" aria-label=\"Compartir en Facebook\" href='https:\/\/www.facebook.com\/sharer.php?u=https:\/\/radiorevelacionfm.cl\/?p=62004&#038;t=Ministerio%20P%C3%BAblico%20visit%C3%B3%20extremo%20sur%20de%20la%20regi%C3%B3n%20a%20fin%20de%20constatar%20en%20terreno%20los%20desaf%C3%ADos%20de%20coordinaci%C3%B3n%20en%20aspectos%20investigativos%2C%20protecci%C3%B3n%20a%20v%C3%ADctimas%20y%20soberan%C3%ADa' aria-hidden='false' data-av_icon='\ue8f3' data-av_iconfont='entypo-fontello' title='' data-avia-related-tooltip='Compartir en Facebook' rel=\"noopener\"><span class='avia_hidden_link_text'>Compartir en Facebook<\/span><\/a><\/li><li class='av-share-link av-social-link-twitter' ><a target=\"_blank\" aria-label=\"Compartir en Twitter\" href='https:\/\/twitter.com\/share?text=Ministerio%20P%C3%BAblico%20visit%C3%B3%20extremo%20sur%20de%20la%20regi%C3%B3n%20a%20fin%20de%20constatar%20en%20terreno%20los%20desaf%C3%ADos%20de%20coordinaci%C3%B3n%20en%20aspectos%20investigativos%2C%20protecci%C3%B3n%20a%20v%C3%ADctimas%20y%20soberan%C3%ADa&#038;url=https:\/\/radiorevelacionfm.cl\/?p=62004' aria-hidden='false' data-av_icon='\ue8f1' data-av_iconfont='entypo-fontello' title='' data-avia-related-tooltip='Compartir en Twitter' rel=\"noopener\"><span class='avia_hidden_link_text'>Compartir en Twitter<\/span><\/a><\/li><li class='av-share-link av-social-link-whatsapp' ><a target=\"_blank\" aria-label=\"Compartir en Whatsapp\" href='https:\/\/api.whatsapp.com\/send?text=https:\/\/radiorevelacionfm.cl\/?p=62004' aria-hidden='false' data-av_icon='\uf232' data-av_iconfont='entypo-fontello' title='' data-avia-related-tooltip='Compartir en Whatsapp' rel=\"noopener\"><span class='avia_hidden_link_text'>Compartir en Whatsapp<\/span><\/a><\/li><li class='av-share-link av-social-link-linkedin' ><a target=\"_blank\" aria-label=\"Compartir en LinkedIn\" href='https:\/\/linkedin.com\/shareArticle?mini=true&#038;title=Ministerio%20P%C3%BAblico%20visit%C3%B3%20extremo%20sur%20de%20la%20regi%C3%B3n%20a%20fin%20de%20constatar%20en%20terreno%20los%20desaf%C3%ADos%20de%20coordinaci%C3%B3n%20en%20aspectos%20investigativos%2C%20protecci%C3%B3n%20a%20v%C3%ADctimas%20y%20soberan%C3%ADa&#038;url=https:\/\/radiorevelacionfm.cl\/?p=62004' aria-hidden='false' data-av_icon='\ue8fc' data-av_iconfont='entypo-fontello' title='' data-avia-related-tooltip='Compartir en LinkedIn' rel=\"noopener\"><span class='avia_hidden_link_text'>Compartir en LinkedIn<\/span><\/a><\/li><li class='av-share-link av-social-link-mail' ><a  aria-label=\"Compartir por correo\" href='mailto:?subject=Ministerio%20P%C3%BAblico%20visit%C3%B3%20extremo%20sur%20de%20la%20regi%C3%B3n%20a%20fin%20de%20constatar%20en%20terreno%20los%20desaf%C3%ADos%20de%20coordinaci%C3%B3n%20en%20aspectos%20investigativos%2C%20protecci%C3%B3n%20a%20v%C3%ADctimas%20y%20soberan%C3%ADa&#038;body=https:\/\/radiorevelacionfm.cl\/?p=62004' aria-hidden='false' data-av_icon='\ue805' data-av_iconfont='entypo-fontello' title='' data-avia-related-tooltip='Compartir por correo'><span class='avia_hidden_link_text'>Compartir por correo<\/span><\/a><\/li><\/ul><\/div><\/div>\n<div  style='height:50px' class='hr hr-invisible   avia-builder-el-8  el_after_av_social_share  el_before_av_comments_list '><span class='hr-inner ' ><span class='hr-inner-style'><\/span><\/span><\/div>\n<div  class='av-buildercomment  av-blog-meta-html-info-disabled av-blog-meta-tag-disabled  '><\/div>\n","protected":false},"excerpt":{"rendered":"","protected":false},"author":1,"featured_media":62005,"comment_status":"closed","ping_status":"closed","sticky":false,"template":"","format":"standard","meta":{"footnotes":""},"categories":[55],"tags":[],"class_list":["post-62004","post","type-post","status-publish","format-standard","has-post-thumbnail","hentry","category-justicia"],"jetpack_featured_media_url":"https:\/\/radiorevelacionfm.cl\/wp-content\/uploads\/2025\/12\/tortel11_optimized-1.jpg","_links":{"self":[{"href":"https:\/\/radiorevelacionfm.cl\/index.php?rest_route=\/wp\/v2\/posts\/62004","targetHints":{"allow":["GET"]}}],"collection":[{"href":"https:\/\/radiorevelacionfm.cl\/index.php?rest_route=\/wp\/v2\/posts"}],"about":[{"href":"https:\/\/radiorevelacionfm.cl\/index.php?rest_route=\/wp\/v2\/types\/post"}],"author":[{"embeddable":true,"href":"https:\/\/radiorevelacionfm.cl\/index.php?rest_route=\/wp\/v2\/users\/1"}],"replies":[{"embeddable":true,"href":"https:\/\/radiorevelacionfm.cl\/index.php?rest_route=%2Fwp%2Fv2%2Fcomments&post=62004"}],"version-history":[{"count":2,"href":"https:\/\/radiorevelacionfm.cl\/index.php?rest_route=\/wp\/v2\/posts\/62004\/revisions"}],"predecessor-version":[{"id":62010,"href":"https:\/\/radiorevelacionfm.cl\/index.php?rest_route=\/wp\/v2\/posts\/62004\/revisions\/62010"}],"wp:featuredmedia":[{"embeddable":true,"href":"https:\/\/radiorevelacionfm.cl\/index.php?rest_route=\/wp\/v2\/media\/62005"}],"wp:attachment":[{"href":"https:\/\/radiorevelacionfm.cl\/index.php?rest_route=%2Fwp%2Fv2%2Fmedia&parent=62004"}],"wp:term":[{"taxonomy":"category","embeddable":true,"href":"https:\/\/radiorevelacionfm.cl\/index.php?rest_route=%2Fwp%2Fv2%2Fcategories&post=62004"},{"taxonomy":"post_tag","embeddable":true,"href":"https:\/\/radiorevelacionfm.cl\/index.php?rest_route=%2Fwp%2Fv2%2Ftags&post=62004"}],"curies":[{"name":"wp","href":"https:\/\/api.w.org\/{rel}","templated":true}]}}