{"id":61991,"date":"2025-12-01T14:28:14","date_gmt":"2025-12-01T17:28:14","guid":{"rendered":"https:\/\/radiorevelacionfm.cl\/?p=61991"},"modified":"2025-12-01T14:28:14","modified_gmt":"2025-12-01T17:28:14","slug":"edelaysen-seremi-de-medio-ambiente-y-corfo-se-unen-para-realizar-seminario-regional-sobre-energias-limpias","status":"publish","type":"post","link":"https:\/\/radiorevelacionfm.cl\/?p=61991","title":{"rendered":"Edelaysen, seremi de Medio Ambiente y Corfo se unen para realizar seminario regional sobre energ\u00edas limpias"},"content":{"rendered":"<div class=\"flex_column av_one_full  flex_column_div av-zero-column-padding first  avia-builder-el-0  el_before_av_one_full  avia-builder-el-first  \" style='border-radius:0px; '><div  class='avia-image-container  av-styling-    avia-builder-el-1  avia-builder-el-no-sibling  avia-align-center '  itemprop=\"image\" itemscope=\"itemscope\" itemtype=\"https:\/\/schema.org\/ImageObject\"  ><div class='avia-image-container-inner'><div class='avia-image-overlay-wrap'><img decoding=\"async\" class='wp-image-61992 avia-img-lazy-loading-not-61992 avia_image' src=\"https:\/\/radiorevelacionfm.cl\/wp-content\/uploads\/2025\/12\/251128_seminario_descontaminacion-1_optimized.jpg\" alt='' title='251128_seminario_descontaminacion-(1)_optimized' height=\"600\" width=\"1067\"  itemprop=\"thumbnailUrl\" srcset=\"https:\/\/radiorevelacionfm.cl\/wp-content\/uploads\/2025\/12\/251128_seminario_descontaminacion-1_optimized.jpg 1067w, https:\/\/radiorevelacionfm.cl\/wp-content\/uploads\/2025\/12\/251128_seminario_descontaminacion-1_optimized-300x169.jpg 300w, https:\/\/radiorevelacionfm.cl\/wp-content\/uploads\/2025\/12\/251128_seminario_descontaminacion-1_optimized-1030x579.jpg 1030w, https:\/\/radiorevelacionfm.cl\/wp-content\/uploads\/2025\/12\/251128_seminario_descontaminacion-1_optimized-768x432.jpg 768w, https:\/\/radiorevelacionfm.cl\/wp-content\/uploads\/2025\/12\/251128_seminario_descontaminacion-1_optimized-705x396.jpg 705w, https:\/\/radiorevelacionfm.cl\/wp-content\/uploads\/2025\/12\/251128_seminario_descontaminacion-1_optimized-450x253.jpg 450w, https:\/\/radiorevelacionfm.cl\/wp-content\/uploads\/2025\/12\/251128_seminario_descontaminacion-1_optimized-600x337.jpg 600w\" sizes=\"(max-width: 1067px) 100vw, 1067px\" \/><\/div><\/div><\/div><\/div><div class=\"flex_column av_one_full  flex_column_div av-zero-column-padding first  avia-builder-el-2  el_after_av_one_full  el_before_av_one_full  column-top-margin\" style='border-radius:0px; '><section class=\"av_textblock_section \"  itemscope=\"itemscope\" itemtype=\"https:\/\/schema.org\/BlogPosting\" itemprop=\"blogPost\" ><div class='avia_textblock  '   itemprop=\"text\" ><p style=\"text-align: center;\"><span style=\"font-size: 18pt;\"><b>Edelaysen, seremi de Medio Ambiente y Corfo se unen para realizar seminario regional sobre energ\u00edas limpias<\/b><\/span><\/p>\n<div id=\"gtx-trans\" style=\"position: absolute; left: -50px; top: 4.31534px;\">\n<div class=\"gtx-trans-icon\"><\/div>\n<\/div>\n<\/div><\/section><\/div><\/p>\n<div class=\"flex_column av_one_full  flex_column_div av-zero-column-padding first  avia-builder-el-4  el_after_av_one_full  el_before_av_hr  column-top-margin\" style='border-radius:0px; '><section class=\"av_textblock_section \"  itemscope=\"itemscope\" itemtype=\"https:\/\/schema.org\/BlogPosting\" itemprop=\"blogPost\" ><div class='avia_textblock  '   itemprop=\"text\" ><p style=\"text-align: justify;\"><em>Esta actividad re\u00fane autoridades, empresas y comunidad para debatir c\u00f3mo la electrificaci\u00f3n, la eficiencia t\u00e9rmica y la innovaci\u00f3n pueden reducir la contaminaci\u00f3n y mejorar la salud en la regi\u00f3n.<\/em><\/p>\n<p style=\"text-align: justify;\">Un encuentro multisectorial que busca convertir la energ\u00eda limpia en una respuesta concreta al problema de la contaminaci\u00f3n atmosf\u00e9rica y sus efectos en la salud p\u00fablica se realizar\u00e1 el pr\u00f3ximo 3 de diciembre en la C\u00e1mara Chilena de la Construcci\u00f3n de Coyhaique. Organizado por Edelaysen, con la colaboraci\u00f3n de la seremi de Medio Ambiente y Corfo Ays\u00e9n, el seminario \u201cDescontaminar con energ\u00eda: salud, climatizaci\u00f3n y futuro para Ays\u00e9n\u201d reunir\u00e1 a autoridades, especialistas y la comunidad para debatir alternativas de calefacci\u00f3n limpia, eficiencia energ\u00e9tica y pol\u00edticas p\u00fablicas vinculadas a la calidad del aire.<\/p>\n<p style=\"text-align: justify;\">El evento \u2014con inicio a las 09:00 horas y un programa que incluye exposiciones t\u00e9cnicas y un panel central\u2014 responde a la necesidad de articular soluciones que reduzcan episodios cr\u00edticos de contaminaci\u00f3n en localidades como Coyhaique, donde la calefacci\u00f3n domiciliaria y la eficiencia de la envolvente habitacional son factores determinantes en la calidad del aire. En este contexto, el seminario presentar\u00e1 experiencias y propuestas que integran electrificaci\u00f3n, mejoras en aislaci\u00f3n (termopaneles y materiales aislantes) y el rol de incentivos p\u00fablicos y privados para facilitar la transici\u00f3n.<\/p>\n<p style=\"text-align: justify;\">Entre los objetivos del encuentro figura instalar una conversaci\u00f3n regional sobre c\u00f3mo la energ\u00eda limpia puede aportar a la salud p\u00fablica, la reactivaci\u00f3n productiva y la sostenibilidad. Al respecto, Rodrigo Escare, gerente zonal de Edelaysen enfatiza la mirada integral del proyecto. \u201cCreemos que la energ\u00eda debe ser parte de la soluci\u00f3n para la salud y el bienestar. Nuestro compromiso es trabajar con autoridades y comunidades para impulsar alternativas t\u00e9cnicas y tarifarias que faciliten la adopci\u00f3n de calefacci\u00f3n el\u00e9ctrica eficiente y otras tecnolog\u00edas limpias en la regi\u00f3n\u201d. Agreg\u00f3 que se espera que el seminario posicione a las instituciones p\u00fablicas y privadas como articuladores de la conversaci\u00f3n sobre energ\u00eda, salud y desarrollo en Ays\u00e9n, visibilizando su compromiso con una matriz m\u00e1s limpia y con soluciones sostenibles para enfrentar la contaminaci\u00f3n y sus efectos.<\/p>\n<p style=\"text-align: justify;\">Por su parte, la Seremi de Medio Ambiente complementar\u00e1 estas visiones con el estado de avance en la gesti\u00f3n de la calidad del aire y medidas regulatorias orientadas a reducir emisiones dom\u00e9sticas.<\/p>\n<p style=\"text-align: justify;\">En tanto, Humberto Mar\u00edn Leiva, director de Corfo Ays\u00e9n, destac\u00f3 que el desaf\u00edo de avanzar hacia una calefacci\u00f3n m\u00e1s limpia requiere innovaci\u00f3n y una coordinaci\u00f3n efectiva entre instituciones p\u00fablicas y privadas. Seg\u00fan se\u00f1al\u00f3, el proyecto emblem\u00e1tico de descarbonizaci\u00f3n que impulsa Corfo busca \u201ccrear condiciones habilitantes para acelerar la transici\u00f3n hacia energ\u00edas renovables y tecnolog\u00edas eficientes en la regi\u00f3n\u201d. A\u00f1adi\u00f3 que este seminario refleja la importancia de trabajar con una mirada territorial y colaborativa. \u201cComo Corfo, cumplimos un rol articulador clave, poniendo a disposici\u00f3n nuestros instrumentos para impulsar iniciativas que mejoren la calidad del aire y la salud de las familias de Ays\u00e9n\u201d, afirm\u00f3.<\/p>\n<p style=\"text-align: justify;\">El programa del seminario contempla dos exposiciones tem\u00e1ticas (salud y climatizaci\u00f3n; estrategia de sostenibilidad y potencial renovable de Ays\u00e9n), seguidas por un panel central titulado \u201c\u00bfC\u00f3mo impulsamos una calefacci\u00f3n m\u00e1s limpia y eficiente para Ays\u00e9n?\u201d, donde participar\u00e1n representantes del mundo p\u00fablico, privado y de la sociedad civil. El resultado esperado es generar compromisos y rutas de trabajo concretas que permitan acelerar la adopci\u00f3n de soluciones escalables y socialmente inclusivas.<\/p>\n<p style=\"text-align: justify;\">Las personas interesadas en participar pueden inscribirse en el siguiente enlace\u00a0<a href=\"https:\/\/forms.gle\/fKXLi2FXmdwHz63e8\" data-saferedirecturl=\"https:\/\/www.google.com\/url?q=https:\/\/forms.gle\/fKXLi2FXmdwHz63e8&amp;source=gmail&amp;ust=1764684350116000&amp;usg=AOvVaw3D97aKe8C0bNaUshA4Kd2o\">https:\/\/forms.gle\/fKXLi2FXmdwHz63e8<\/a><\/p>\n<p style=\"text-align: justify;\">El seminario se realizar\u00e1 el 3 de diciembre, a contar de las 09:00 horas, en la C\u00e1mara Chilena de la Construcci\u00f3n, ubicada en Magallanes n\u00b0232, en la ciudad de Coyhaique.<\/p>\n<\/div><\/section><\/div>\n<div  style='height:50px' class='hr hr-invisible   avia-builder-el-6  el_after_av_one_full  el_before_av_social_share '><span class='hr-inner ' ><span class='hr-inner-style'><\/span><\/span><\/div>\n<div  class='av-social-sharing-box  avia-builder-el-7  el_after_av_hr  el_before_av_hr  '><div class='av-share-box'><h5 class='av-share-link-description av-no-toc '>Compartir esta noticia<\/h5><ul class='av-share-box-list noLightbox'><li class='av-share-link av-social-link-facebook' ><a target=\"_blank\" aria-label=\"Compartir en Facebook\" href='https:\/\/www.facebook.com\/sharer.php?u=https:\/\/radiorevelacionfm.cl\/?p=61991&#038;t=Edelaysen%2C%20seremi%20de%20Medio%20Ambiente%20y%20Corfo%20se%20unen%20para%20realizar%20seminario%20regional%20sobre%20energ%C3%ADas%20limpias' aria-hidden='false' data-av_icon='\ue8f3' data-av_iconfont='entypo-fontello' title='' data-avia-related-tooltip='Compartir en Facebook' rel=\"noopener\"><span class='avia_hidden_link_text'>Compartir en Facebook<\/span><\/a><\/li><li class='av-share-link av-social-link-twitter' ><a target=\"_blank\" aria-label=\"Compartir en Twitter\" href='https:\/\/twitter.com\/share?text=Edelaysen%2C%20seremi%20de%20Medio%20Ambiente%20y%20Corfo%20se%20unen%20para%20realizar%20seminario%20regional%20sobre%20energ%C3%ADas%20limpias&#038;url=https:\/\/radiorevelacionfm.cl\/?p=61991' aria-hidden='false' data-av_icon='\ue8f1' data-av_iconfont='entypo-fontello' title='' data-avia-related-tooltip='Compartir en Twitter' rel=\"noopener\"><span class='avia_hidden_link_text'>Compartir en Twitter<\/span><\/a><\/li><li class='av-share-link av-social-link-whatsapp' ><a target=\"_blank\" aria-label=\"Compartir en Whatsapp\" href='https:\/\/api.whatsapp.com\/send?text=https:\/\/radiorevelacionfm.cl\/?p=61991' aria-hidden='false' data-av_icon='\uf232' data-av_iconfont='entypo-fontello' title='' data-avia-related-tooltip='Compartir en Whatsapp' rel=\"noopener\"><span class='avia_hidden_link_text'>Compartir en Whatsapp<\/span><\/a><\/li><li class='av-share-link av-social-link-linkedin' ><a target=\"_blank\" aria-label=\"Compartir en LinkedIn\" href='https:\/\/linkedin.com\/shareArticle?mini=true&#038;title=Edelaysen%2C%20seremi%20de%20Medio%20Ambiente%20y%20Corfo%20se%20unen%20para%20realizar%20seminario%20regional%20sobre%20energ%C3%ADas%20limpias&#038;url=https:\/\/radiorevelacionfm.cl\/?p=61991' aria-hidden='false' data-av_icon='\ue8fc' data-av_iconfont='entypo-fontello' title='' data-avia-related-tooltip='Compartir en LinkedIn' rel=\"noopener\"><span class='avia_hidden_link_text'>Compartir en LinkedIn<\/span><\/a><\/li><li class='av-share-link av-social-link-mail' ><a  aria-label=\"Compartir por correo\" href='mailto:?subject=Edelaysen%2C%20seremi%20de%20Medio%20Ambiente%20y%20Corfo%20se%20unen%20para%20realizar%20seminario%20regional%20sobre%20energ%C3%ADas%20limpias&#038;body=https:\/\/radiorevelacionfm.cl\/?p=61991' aria-hidden='false' data-av_icon='\ue805' data-av_iconfont='entypo-fontello' title='' data-avia-related-tooltip='Compartir por correo'><span class='avia_hidden_link_text'>Compartir por correo<\/span><\/a><\/li><\/ul><\/div><\/div>\n<div  style='height:50px' class='hr hr-invisible   avia-builder-el-8  el_after_av_social_share  el_before_av_comments_list '><span class='hr-inner ' ><span class='hr-inner-style'><\/span><\/span><\/div>\n<div  class='av-buildercomment  av-blog-meta-html-info-disabled av-blog-meta-tag-disabled  '><\/div>\n","protected":false},"excerpt":{"rendered":"","protected":false},"author":1,"featured_media":61992,"comment_status":"closed","ping_status":"closed","sticky":false,"template":"","format":"standard","meta":{"footnotes":""},"categories":[38],"tags":[],"class_list":["post-61991","post","type-post","status-publish","format-standard","has-post-thumbnail","hentry","category-regional"],"jetpack_featured_media_url":"https:\/\/radiorevelacionfm.cl\/wp-content\/uploads\/2025\/12\/251128_seminario_descontaminacion-1_optimized.jpg","_links":{"self":[{"href":"https:\/\/radiorevelacionfm.cl\/index.php?rest_route=\/wp\/v2\/posts\/61991","targetHints":{"allow":["GET"]}}],"collection":[{"href":"https:\/\/radiorevelacionfm.cl\/index.php?rest_route=\/wp\/v2\/posts"}],"about":[{"href":"https:\/\/radiorevelacionfm.cl\/index.php?rest_route=\/wp\/v2\/types\/post"}],"author":[{"embeddable":true,"href":"https:\/\/radiorevelacionfm.cl\/index.php?rest_route=\/wp\/v2\/users\/1"}],"replies":[{"embeddable":true,"href":"https:\/\/radiorevelacionfm.cl\/index.php?rest_route=%2Fwp%2Fv2%2Fcomments&post=61991"}],"version-history":[{"count":2,"href":"https:\/\/radiorevelacionfm.cl\/index.php?rest_route=\/wp\/v2\/posts\/61991\/revisions"}],"predecessor-version":[{"id":61994,"href":"https:\/\/radiorevelacionfm.cl\/index.php?rest_route=\/wp\/v2\/posts\/61991\/revisions\/61994"}],"wp:featuredmedia":[{"embeddable":true,"href":"https:\/\/radiorevelacionfm.cl\/index.php?rest_route=\/wp\/v2\/media\/61992"}],"wp:attachment":[{"href":"https:\/\/radiorevelacionfm.cl\/index.php?rest_route=%2Fwp%2Fv2%2Fmedia&parent=61991"}],"wp:term":[{"taxonomy":"category","embeddable":true,"href":"https:\/\/radiorevelacionfm.cl\/index.php?rest_route=%2Fwp%2Fv2%2Fcategories&post=61991"},{"taxonomy":"post_tag","embeddable":true,"href":"https:\/\/radiorevelacionfm.cl\/index.php?rest_route=%2Fwp%2Fv2%2Ftags&post=61991"}],"curies":[{"name":"wp","href":"https:\/\/api.w.org\/{rel}","templated":true}]}}