{"id":61983,"date":"2025-12-01T12:18:12","date_gmt":"2025-12-01T15:18:12","guid":{"rendered":"https:\/\/radiorevelacionfm.cl\/?p=61983"},"modified":"2025-12-01T12:18:12","modified_gmt":"2025-12-01T15:18:12","slug":"liceo-manihuales-realizo-licenciatura-2025-destacando-la-excelencia-y-compromiso-de-su-comunidad-educativa","status":"publish","type":"post","link":"https:\/\/radiorevelacionfm.cl\/?p=61983","title":{"rendered":"Liceo Ma\u00f1ihuales realiz\u00f3 Licenciatura 2025 destacando la excelencia y compromiso de su comunidad educativa"},"content":{"rendered":"<div class=\"flex_column av_one_full  flex_column_div av-zero-column-padding first  avia-builder-el-0  el_before_av_one_full  avia-builder-el-first  \" style='border-radius:0px; '><div  class='avia-image-container  av-styling-    avia-builder-el-1  avia-builder-el-no-sibling  avia-align-center '  itemprop=\"image\" itemscope=\"itemscope\" itemtype=\"https:\/\/schema.org\/ImageObject\"  ><div class='avia-image-container-inner'><div class='avia-image-overlay-wrap'><img decoding=\"async\" class='wp-image-61984 avia-img-lazy-loading-not-61984 avia_image' src=\"https:\/\/radiorevelacionfm.cl\/wp-content\/uploads\/2025\/12\/IMG_20251127_170522_1-1-1.jpg\" alt='' title='IMG_20251127_170522_1 (1) (1)' height=\"600\" width=\"800\"  itemprop=\"thumbnailUrl\" srcset=\"https:\/\/radiorevelacionfm.cl\/wp-content\/uploads\/2025\/12\/IMG_20251127_170522_1-1-1.jpg 800w, https:\/\/radiorevelacionfm.cl\/wp-content\/uploads\/2025\/12\/IMG_20251127_170522_1-1-1-300x225.jpg 300w, https:\/\/radiorevelacionfm.cl\/wp-content\/uploads\/2025\/12\/IMG_20251127_170522_1-1-1-768x576.jpg 768w, https:\/\/radiorevelacionfm.cl\/wp-content\/uploads\/2025\/12\/IMG_20251127_170522_1-1-1-705x529.jpg 705w, https:\/\/radiorevelacionfm.cl\/wp-content\/uploads\/2025\/12\/IMG_20251127_170522_1-1-1-450x338.jpg 450w, https:\/\/radiorevelacionfm.cl\/wp-content\/uploads\/2025\/12\/IMG_20251127_170522_1-1-1-600x450.jpg 600w\" sizes=\"(max-width: 800px) 100vw, 800px\" \/><\/div><\/div><\/div><\/div><div class=\"flex_column av_one_full  flex_column_div av-zero-column-padding first  avia-builder-el-2  el_after_av_one_full  el_before_av_one_full  column-top-margin\" style='border-radius:0px; '><section class=\"av_textblock_section \"  itemscope=\"itemscope\" itemtype=\"https:\/\/schema.org\/BlogPosting\" itemprop=\"blogPost\" ><div class='avia_textblock  '   itemprop=\"text\" ><p style=\"text-align: center;\"><strong><span style=\"font-size: 18pt;\">Liceo Ma\u00f1ihuales realiz\u00f3 Licenciatura 2025 destacando la excelencia y compromiso de su comunidad educativa<\/span><\/strong><\/p>\n<div id=\"gtx-trans\" style=\"position: absolute; left: -50px; top: 4.31534px;\">\n<div class=\"gtx-trans-icon\"><\/div>\n<\/div>\n<\/div><\/section><\/div><div class=\"flex_column av_one_full  flex_column_div av-zero-column-padding first  avia-builder-el-4  el_after_av_one_full  el_before_av_hr  column-top-margin\" style='border-radius:0px; '><section class=\"av_textblock_section \"  itemscope=\"itemscope\" itemtype=\"https:\/\/schema.org\/BlogPosting\" itemprop=\"blogPost\" ><div class='avia_textblock  '   itemprop=\"text\" ><p style=\"text-align: justify;\">El Liceo Ma\u00f1ihuales celebr\u00f3 el pasado jueves la Licenciatura 2025 de los cuartos medios A y B, una ceremonia marcada por la emotividad y el reconocimiento al esfuerzo de la generaci\u00f3n que egresa, as\u00ed como al trabajo sostenido de toda la comunidad educativa del establecimiento.<\/p>\n<p style=\"text-align: justify;\">La actividad cont\u00f3 con la participaci\u00f3n de representantes del Servicio Local de Educaci\u00f3n P\u00fablica de Ays\u00e9n, encabezados por Catalina Garc\u00eda Re\u00f1asco, adem\u00e1s del director del liceo, Carlos Jacob Riquelme, su equipo de gesti\u00f3n, docentes, asistentes de la educaci\u00f3n, familias y organizaciones colaboradoras como el Club de Leones, Rotary Club, Minera Pac\u00edfico del Sur, Forestal Mininco y el Club de Rodeo de Villa Ma\u00f1ihuales.<\/p>\n<p style=\"text-align: justify;\">El acto comenz\u00f3 con el ingreso de las y los estudiantes junto a sus profesores jefes, Ivanka Stange \u00c1vila y Mart\u00edn Hern\u00e1ndez Araya, quienes durante estos a\u00f1os acompa\u00f1aron y guiaron el proceso formativo de sus cursos, cerrando una etapa que hoy culmina con orgullo y satisfacci\u00f3n.<\/p>\n<p style=\"text-align: justify;\">En su discurso, el director Carlos Jacob Riquelme destac\u00f3 el trabajo conjunto que ha permitido fortalecer el proyecto educativo del liceo, subrayando el compromiso docente, el rol indispensable de los asistentes de la educaci\u00f3n y la labor estrat\u00e9gica del equipo de gesti\u00f3n en la implementaci\u00f3n de la nueva educaci\u00f3n p\u00fablica impulsada por el SLEP Ays\u00e9n.<\/p>\n<p style=\"text-align: justify;\">Durante la ceremonia se entregaron las licencias de ense\u00f1anza media y diversos reconocimientos a estudiantes que sobresalieron en \u00e1mbitos acad\u00e9micos y formativos. Entre ellos:<\/p>\n<ul style=\"text-align: justify;\">\n<li><strong>Mejor asistencia: <\/strong>Jessica Torres Rebolledo y Crist\u00f3bal Nitor<\/li>\n<li><strong>Mejores compa\u00f1eros: <\/strong>Jessica Torres Rebolledo y Mauricio Rubio<\/li>\n<li><strong>Mejor rendimiento acad\u00e9mico: <\/strong>Madeline Flores Cancino y Mauricio Rubio<\/li>\n<li><strong>Sello art\u00edstico-cultural: <\/strong>Marjorieht Nancuante<\/li>\n<li><strong>Sello cient\u00edfico-ambiental: <\/strong>Jessica Torres<\/li>\n<li><strong>Sello Esp\u00edritu Liceo Ma\u00f1ihuales: <\/strong>Tabata Vargas<\/li>\n<li><strong>Excelencia acad\u00e9mica (1\u00b0 a 4\u00b0 medio): <\/strong>Tabata Vargas Jaramillo y Jessica Torres<\/li>\n<\/ul>\n<p style=\"text-align: justify;\">La actividad incluy\u00f3 adem\u00e1s la entrega del estandarte institucional, presentaciones musicales preparadas por estudiantes y docentes, y la entrega de distinciones que reflejan el acompa\u00f1amiento pedag\u00f3gico y humano brindado por el establecimiento.<\/p>\n<p style=\"text-align: justify;\">Uno de los momentos m\u00e1s emotivos fueron las palabras de despedida de los profesores jefes, que resumieron el camino recorrido junto a sus estudiantes.<\/p>\n<p style=\"text-align: justify;\">A ello se sum\u00f3 el mensaje de Felipe Carvajal Vidal, quien represent\u00f3 a la generaci\u00f3n 2025 con un discurso de agradecimiento, memoria y proyecci\u00f3n hacia los desaf\u00edos futuros.<\/p>\n<p style=\"text-align: justify;\">La ceremonia culmin\u00f3 con un llamado a las y los j\u00f3venes a perseverar en sus metas con responsabilidad, valent\u00eda y confianza en sus capacidades, recordando que el Liceo Ma\u00f1ihuales seguir\u00e1 siendo un espacio de acogida y apoyo para cada uno de ellos.<\/p>\n<p style=\"text-align: justify;\">La comunidad de Villa Ma\u00f1ihuales extendi\u00f3 sus felicitaciones a la generaci\u00f3n que hoy egresa, valorando el compromiso del establecimiento y de su equipo educativo en la formaci\u00f3n integral de las y los estudiantes, contribuyendo de manera significativa al desarrollo de la localidad.<\/p>\n<\/div><\/section><\/div><div  style='height:50px' class='hr hr-invisible   avia-builder-el-6  el_after_av_one_full  el_before_av_social_share '><span class='hr-inner ' ><span class='hr-inner-style'><\/span><\/span><\/div><\/p>\n<div  class='av-social-sharing-box  avia-builder-el-7  el_after_av_hr  el_before_av_hr  '><div class='av-share-box'><h5 class='av-share-link-description av-no-toc '>Compartir esta noticia<\/h5><ul class='av-share-box-list noLightbox'><li class='av-share-link av-social-link-facebook' ><a target=\"_blank\" aria-label=\"Compartir en Facebook\" href='https:\/\/www.facebook.com\/sharer.php?u=https:\/\/radiorevelacionfm.cl\/?p=61983&#038;t=Liceo%20Ma%C3%B1ihuales%20realiz%C3%B3%20Licenciatura%202025%20destacando%20la%20excelencia%20y%20compromiso%20de%20su%20comunidad%20educativa' aria-hidden='false' data-av_icon='\ue8f3' data-av_iconfont='entypo-fontello' title='' data-avia-related-tooltip='Compartir en Facebook' rel=\"noopener\"><span class='avia_hidden_link_text'>Compartir en Facebook<\/span><\/a><\/li><li class='av-share-link av-social-link-twitter' ><a target=\"_blank\" aria-label=\"Compartir en Twitter\" href='https:\/\/twitter.com\/share?text=Liceo%20Ma%C3%B1ihuales%20realiz%C3%B3%20Licenciatura%202025%20destacando%20la%20excelencia%20y%20compromiso%20de%20su%20comunidad%20educativa&#038;url=https:\/\/radiorevelacionfm.cl\/?p=61983' aria-hidden='false' data-av_icon='\ue8f1' data-av_iconfont='entypo-fontello' title='' data-avia-related-tooltip='Compartir en Twitter' rel=\"noopener\"><span class='avia_hidden_link_text'>Compartir en Twitter<\/span><\/a><\/li><li class='av-share-link av-social-link-whatsapp' ><a target=\"_blank\" aria-label=\"Compartir en Whatsapp\" href='https:\/\/api.whatsapp.com\/send?text=https:\/\/radiorevelacionfm.cl\/?p=61983' aria-hidden='false' data-av_icon='\uf232' data-av_iconfont='entypo-fontello' title='' data-avia-related-tooltip='Compartir en Whatsapp' rel=\"noopener\"><span class='avia_hidden_link_text'>Compartir en Whatsapp<\/span><\/a><\/li><li class='av-share-link av-social-link-linkedin' ><a target=\"_blank\" aria-label=\"Compartir en LinkedIn\" href='https:\/\/linkedin.com\/shareArticle?mini=true&#038;title=Liceo%20Ma%C3%B1ihuales%20realiz%C3%B3%20Licenciatura%202025%20destacando%20la%20excelencia%20y%20compromiso%20de%20su%20comunidad%20educativa&#038;url=https:\/\/radiorevelacionfm.cl\/?p=61983' aria-hidden='false' data-av_icon='\ue8fc' data-av_iconfont='entypo-fontello' title='' data-avia-related-tooltip='Compartir en LinkedIn' rel=\"noopener\"><span class='avia_hidden_link_text'>Compartir en LinkedIn<\/span><\/a><\/li><li class='av-share-link av-social-link-mail' ><a  aria-label=\"Compartir por correo\" href='mailto:?subject=Liceo%20Ma%C3%B1ihuales%20realiz%C3%B3%20Licenciatura%202025%20destacando%20la%20excelencia%20y%20compromiso%20de%20su%20comunidad%20educativa&#038;body=https:\/\/radiorevelacionfm.cl\/?p=61983' aria-hidden='false' data-av_icon='\ue805' data-av_iconfont='entypo-fontello' title='' data-avia-related-tooltip='Compartir por correo'><span class='avia_hidden_link_text'>Compartir por correo<\/span><\/a><\/li><\/ul><\/div><\/div>\n<div  style='height:50px' class='hr hr-invisible   avia-builder-el-8  el_after_av_social_share  el_before_av_comments_list '><span class='hr-inner ' ><span class='hr-inner-style'><\/span><\/span><\/div>\n<div  class='av-buildercomment  av-blog-meta-html-info-disabled av-blog-meta-tag-disabled  '><\/div>\n","protected":false},"excerpt":{"rendered":"","protected":false},"author":1,"featured_media":61984,"comment_status":"closed","ping_status":"closed","sticky":false,"template":"","format":"standard","meta":{"footnotes":""},"categories":[38],"tags":[],"class_list":["post-61983","post","type-post","status-publish","format-standard","has-post-thumbnail","hentry","category-regional"],"jetpack_featured_media_url":"https:\/\/radiorevelacionfm.cl\/wp-content\/uploads\/2025\/12\/IMG_20251127_170522_1-1-1.jpg","_links":{"self":[{"href":"https:\/\/radiorevelacionfm.cl\/index.php?rest_route=\/wp\/v2\/posts\/61983","targetHints":{"allow":["GET"]}}],"collection":[{"href":"https:\/\/radiorevelacionfm.cl\/index.php?rest_route=\/wp\/v2\/posts"}],"about":[{"href":"https:\/\/radiorevelacionfm.cl\/index.php?rest_route=\/wp\/v2\/types\/post"}],"author":[{"embeddable":true,"href":"https:\/\/radiorevelacionfm.cl\/index.php?rest_route=\/wp\/v2\/users\/1"}],"replies":[{"embeddable":true,"href":"https:\/\/radiorevelacionfm.cl\/index.php?rest_route=%2Fwp%2Fv2%2Fcomments&post=61983"}],"version-history":[{"count":2,"href":"https:\/\/radiorevelacionfm.cl\/index.php?rest_route=\/wp\/v2\/posts\/61983\/revisions"}],"predecessor-version":[{"id":61986,"href":"https:\/\/radiorevelacionfm.cl\/index.php?rest_route=\/wp\/v2\/posts\/61983\/revisions\/61986"}],"wp:featuredmedia":[{"embeddable":true,"href":"https:\/\/radiorevelacionfm.cl\/index.php?rest_route=\/wp\/v2\/media\/61984"}],"wp:attachment":[{"href":"https:\/\/radiorevelacionfm.cl\/index.php?rest_route=%2Fwp%2Fv2%2Fmedia&parent=61983"}],"wp:term":[{"taxonomy":"category","embeddable":true,"href":"https:\/\/radiorevelacionfm.cl\/index.php?rest_route=%2Fwp%2Fv2%2Fcategories&post=61983"},{"taxonomy":"post_tag","embeddable":true,"href":"https:\/\/radiorevelacionfm.cl\/index.php?rest_route=%2Fwp%2Fv2%2Ftags&post=61983"}],"curies":[{"name":"wp","href":"https:\/\/api.w.org\/{rel}","templated":true}]}}