{"id":6198,"date":"2021-07-12T18:34:48","date_gmt":"2021-07-12T21:34:48","guid":{"rendered":"https:\/\/radiorevelacionfm.cl\/?p=6198"},"modified":"2021-07-12T18:34:48","modified_gmt":"2021-07-12T21:34:48","slug":"seremi-de-salud-inicia-sumarios-sanitarios-por-infraccion-a-normativas-del-pda","status":"publish","type":"post","link":"https:\/\/radiorevelacionfm.cl\/?p=6198","title":{"rendered":"Seremi de Salud inicia sumarios sanitarios por infracci\u00f3n a normativas del PDA"},"content":{"rendered":"<div class=\"flex_column av_one_full  flex_column_div av-zero-column-padding first  avia-builder-el-0  el_before_av_one_full  avia-builder-el-first  \" style='border-radius:0px; '><div  class='avia-image-container  av-styling-    avia-builder-el-1  avia-builder-el-no-sibling  avia-align-center '  itemprop=\"image\" itemscope=\"itemscope\" itemtype=\"https:\/\/schema.org\/ImageObject\"  ><div class='avia-image-container-inner'><div class='avia-image-overlay-wrap'><img decoding=\"async\" class='wp-image-6199 avia-img-lazy-loading-not-6199 avia_image' src=\"https:\/\/radiorevelacionfm.cl\/wp-content\/uploads\/2021\/07\/fiscalizacion-PDA-2-1.jpg\" alt='' title='fiscalizaci\u00f3n PDA (2) (1)' height=\"600\" width=\"975\"  itemprop=\"thumbnailUrl\" srcset=\"https:\/\/radiorevelacionfm.cl\/wp-content\/uploads\/2021\/07\/fiscalizacion-PDA-2-1.jpg 975w, https:\/\/radiorevelacionfm.cl\/wp-content\/uploads\/2021\/07\/fiscalizacion-PDA-2-1-300x185.jpg 300w, https:\/\/radiorevelacionfm.cl\/wp-content\/uploads\/2021\/07\/fiscalizacion-PDA-2-1-768x473.jpg 768w, https:\/\/radiorevelacionfm.cl\/wp-content\/uploads\/2021\/07\/fiscalizacion-PDA-2-1-705x434.jpg 705w, https:\/\/radiorevelacionfm.cl\/wp-content\/uploads\/2021\/07\/fiscalizacion-PDA-2-1-600x369.jpg 600w\" sizes=\"(max-width: 975px) 100vw, 975px\" \/><\/div><\/div><\/div><\/div><div class=\"flex_column av_one_full  flex_column_div av-zero-column-padding first  avia-builder-el-2  el_after_av_one_full  el_before_av_one_full  column-top-margin\" style='border-radius:0px; '><section class=\"av_textblock_section \"  itemscope=\"itemscope\" itemtype=\"https:\/\/schema.org\/BlogPosting\" itemprop=\"blogPost\" ><div class='avia_textblock  '   itemprop=\"text\" ><p style=\"text-align: center;\"><span style=\"font-size: 18pt;\"><strong>Seremi de Salud inicia sumarios sanitarios por infracci\u00f3n a normativas del PDA<\/strong><\/span><\/p>\n<div id=\"gtx-trans\" style=\"position: absolute; left: -50px; top: 4.31534px;\">\n<div class=\"gtx-trans-icon\"><\/div>\n<\/div>\n<\/div><\/section><\/div><div class=\"flex_column av_one_full  flex_column_div av-zero-column-padding first  avia-builder-el-4  el_after_av_one_full  el_before_av_hr  column-top-margin\" style='border-radius:0px; '><section class=\"av_textblock_section \"  itemscope=\"itemscope\" itemtype=\"https:\/\/schema.org\/BlogPosting\" itemprop=\"blogPost\" ><div class='avia_textblock  '   itemprop=\"text\" ><p style=\"text-align: justify;\">Un total de 1131 viviendas son las que han sido fiscalizadas en el transcurso de los \u00faltimos tres meses por parte del equipo de Acci\u00f3n Sanitaria de la Seremi de Salud Ays\u00e9n, con el objeto de dar cumplimiento a las medidas que impulsa el Plan de Descontaminaci\u00f3n Ambiental de Coyhaique; oportunidad en la que se han iniciado 08 sumarios sanitarios contra inmuebles particulares, por incumplimiento de las normativas sobre calidad del aire durante episodios cr\u00edticos; regulando aspectos como la prohibici\u00f3n del uso de dos o m\u00e1s calefactores de combusti\u00f3n a le\u00f1a durante Preemergencia o Emergencias Ambientales.<\/p>\n<p style=\"text-align: justify;\">La informaci\u00f3n la dio a conocer el Fiscalizador del Departamento de Acci\u00f3n Sanitaria de la Seremi de Salud, Luis Garzo, quien entreg\u00f3 m\u00e1s antecedentes al respecto. \u201cEn virtud del decreto de alerta sanitaria por COVID-19 del MINISTERO de Salud y el Plan de Descontaminaci\u00f3n Atmosf\u00e9rica de Coyhaique y su zona circundante del Ministerio del Medio Ambiente, la SEREMI de Salud est\u00e1 fiscalizado el cumplimiento delas medidas que le competen, cuya finalidad es disminuir las molestias que causa la contaminaci\u00f3n por material particulado respirable y el riesgo de contraer enfermedades, que afectan al sistema respiratorio y otros, en la poblaci\u00f3n.\u00a0 Es as\u00ed como durante el presente a\u00f1o, desde el 01 de abril al 30 de junio, se ha fiscalizado un total 1131 viviendas y se han iniciado 08 sumarios sanitarios por incumplimiento a alguna de estas medidas, especialmente por el uso de m\u00e1s de un artefacto a le\u00f1a durante episodios cr\u00edticos de Preemergencia y Emergencia Ambiental, donde la concentraci\u00f3n del material particulado es m\u00e1s alta\u201d.<\/p>\n<p style=\"text-align: justify;\">En este contexto, Luis Garzo, manifest\u00f3 que junto a los procesos de fiscalizaci\u00f3n tambi\u00e9n se realizan acciones educativas a la comunidad. \u201cNuestra labor, al margen de la fiscalizaci\u00f3n que se realiza en este Plan de Descontaminaci\u00f3n Atmosf\u00e9rica, tambi\u00e9n es educativa hacia la comunidad, ya que en situaciones de Emergencia Ambiental entendemos que el inter\u00e9s de la comunidad no es generar m\u00e1s contaminaci\u00f3n al aire de nuestra ciudad, por lo que debe entender por qu\u00e9 es importante el correcto uso de la le\u00f1a como medio de calefacci\u00f3n \u2013 que sea seca, certificada- o conocer las alternativas energ\u00e9ticas que hoy existen. Sabemos que en \u00e9poca de invierno los hogares deben estar calefaccionados, pero tambi\u00e9n debemos velar, entre todos, para cuidar el aire que respiramos\u201d.<\/p>\n<p style=\"text-align: justify;\">Durante los Episodios de Preemergencia (PE) y Emergencia (E), se encuentra prohibido el uso de m\u00e1s de un artefacto a le\u00f1a por vivienda, la utilizaci\u00f3n de chimeneas de hogar abierto y el uso de fuego para quema de rastrojos en terrenos agr\u00edcolas, ganaderos, o forestales, entre otras medidas. Normativas que de ser transgredidas, pueden terminar en sumarios sanitarios cuyas multas van desde 0,5 a 1.000 UTM.<\/p>\n<\/div><\/section><\/div><div  style='height:50px' class='hr hr-invisible   avia-builder-el-6  el_after_av_one_full  el_before_av_social_share '><span class='hr-inner ' ><span class='hr-inner-style'><\/span><\/span><\/div><\/p>\n<div  class='av-social-sharing-box  avia-builder-el-7  el_after_av_hr  el_before_av_hr  '><div class='av-share-box'><h5 class='av-share-link-description av-no-toc '>Compartir esta noticia<\/h5><ul class='av-share-box-list noLightbox'><li class='av-share-link av-social-link-facebook' ><a target=\"_blank\" aria-label=\"Compartir en Facebook\" href='https:\/\/www.facebook.com\/sharer.php?u=https:\/\/radiorevelacionfm.cl\/?p=6198&#038;t=Seremi%20de%20Salud%20inicia%20sumarios%20sanitarios%20por%20infracci%C3%B3n%20a%20normativas%20del%20PDA' aria-hidden='false' data-av_icon='\ue8f3' data-av_iconfont='entypo-fontello' title='' data-avia-related-tooltip='Compartir en Facebook' rel=\"noopener\"><span class='avia_hidden_link_text'>Compartir en Facebook<\/span><\/a><\/li><li class='av-share-link av-social-link-twitter' ><a target=\"_blank\" aria-label=\"Compartir en Twitter\" href='https:\/\/twitter.com\/share?text=Seremi%20de%20Salud%20inicia%20sumarios%20sanitarios%20por%20infracci%C3%B3n%20a%20normativas%20del%20PDA&#038;url=https:\/\/radiorevelacionfm.cl\/?p=6198' aria-hidden='false' data-av_icon='\ue8f1' data-av_iconfont='entypo-fontello' title='' data-avia-related-tooltip='Compartir en Twitter' rel=\"noopener\"><span class='avia_hidden_link_text'>Compartir en Twitter<\/span><\/a><\/li><li class='av-share-link av-social-link-whatsapp' ><a target=\"_blank\" aria-label=\"Compartir en Whatsapp\" href='https:\/\/api.whatsapp.com\/send?text=https:\/\/radiorevelacionfm.cl\/?p=6198' aria-hidden='false' data-av_icon='\uf232' data-av_iconfont='entypo-fontello' title='' data-avia-related-tooltip='Compartir en Whatsapp' rel=\"noopener\"><span class='avia_hidden_link_text'>Compartir en Whatsapp<\/span><\/a><\/li><li class='av-share-link av-social-link-linkedin' ><a target=\"_blank\" aria-label=\"Compartir en LinkedIn\" href='https:\/\/linkedin.com\/shareArticle?mini=true&#038;title=Seremi%20de%20Salud%20inicia%20sumarios%20sanitarios%20por%20infracci%C3%B3n%20a%20normativas%20del%20PDA&#038;url=https:\/\/radiorevelacionfm.cl\/?p=6198' aria-hidden='false' data-av_icon='\ue8fc' data-av_iconfont='entypo-fontello' title='' data-avia-related-tooltip='Compartir en LinkedIn' rel=\"noopener\"><span class='avia_hidden_link_text'>Compartir en LinkedIn<\/span><\/a><\/li><li class='av-share-link av-social-link-mail' ><a  aria-label=\"Compartir por correo\" href='mailto:?subject=Seremi%20de%20Salud%20inicia%20sumarios%20sanitarios%20por%20infracci%C3%B3n%20a%20normativas%20del%20PDA&#038;body=https:\/\/radiorevelacionfm.cl\/?p=6198' aria-hidden='false' data-av_icon='\ue805' data-av_iconfont='entypo-fontello' title='' data-avia-related-tooltip='Compartir por correo'><span class='avia_hidden_link_text'>Compartir por correo<\/span><\/a><\/li><\/ul><\/div><\/div>\n<div  style='height:50px' class='hr hr-invisible   avia-builder-el-8  el_after_av_social_share  el_before_av_comments_list '><span class='hr-inner ' ><span class='hr-inner-style'><\/span><\/span><\/div>\n<div  class='av-buildercomment  av-blog-meta-html-info-disabled av-blog-meta-tag-disabled  '><\/div>\n","protected":false},"excerpt":{"rendered":"","protected":false},"author":1,"featured_media":6199,"comment_status":"open","ping_status":"open","sticky":false,"template":"","format":"standard","meta":{"footnotes":""},"categories":[46],"tags":[],"class_list":["post-6198","post","type-post","status-publish","format-standard","has-post-thumbnail","hentry","category-salud"],"jetpack_featured_media_url":"https:\/\/radiorevelacionfm.cl\/wp-content\/uploads\/2021\/07\/fiscalizacion-PDA-2-1.jpg","_links":{"self":[{"href":"https:\/\/radiorevelacionfm.cl\/index.php?rest_route=\/wp\/v2\/posts\/6198","targetHints":{"allow":["GET"]}}],"collection":[{"href":"https:\/\/radiorevelacionfm.cl\/index.php?rest_route=\/wp\/v2\/posts"}],"about":[{"href":"https:\/\/radiorevelacionfm.cl\/index.php?rest_route=\/wp\/v2\/types\/post"}],"author":[{"embeddable":true,"href":"https:\/\/radiorevelacionfm.cl\/index.php?rest_route=\/wp\/v2\/users\/1"}],"replies":[{"embeddable":true,"href":"https:\/\/radiorevelacionfm.cl\/index.php?rest_route=%2Fwp%2Fv2%2Fcomments&post=6198"}],"version-history":[{"count":1,"href":"https:\/\/radiorevelacionfm.cl\/index.php?rest_route=\/wp\/v2\/posts\/6198\/revisions"}],"predecessor-version":[{"id":6200,"href":"https:\/\/radiorevelacionfm.cl\/index.php?rest_route=\/wp\/v2\/posts\/6198\/revisions\/6200"}],"wp:featuredmedia":[{"embeddable":true,"href":"https:\/\/radiorevelacionfm.cl\/index.php?rest_route=\/wp\/v2\/media\/6199"}],"wp:attachment":[{"href":"https:\/\/radiorevelacionfm.cl\/index.php?rest_route=%2Fwp%2Fv2%2Fmedia&parent=6198"}],"wp:term":[{"taxonomy":"category","embeddable":true,"href":"https:\/\/radiorevelacionfm.cl\/index.php?rest_route=%2Fwp%2Fv2%2Fcategories&post=6198"},{"taxonomy":"post_tag","embeddable":true,"href":"https:\/\/radiorevelacionfm.cl\/index.php?rest_route=%2Fwp%2Fv2%2Ftags&post=6198"}],"curies":[{"name":"wp","href":"https:\/\/api.w.org\/{rel}","templated":true}]}}