{"id":61978,"date":"2025-12-01T11:10:53","date_gmt":"2025-12-01T14:10:53","guid":{"rendered":"https:\/\/radiorevelacionfm.cl\/?p=61978"},"modified":"2025-12-01T11:10:53","modified_gmt":"2025-12-01T14:10:53","slug":"edelaysen-continua-reforzando-el-trabajo-en-terreno-para-garantizar-continuidad-y-calidad-del-servicio-electrico-durante-el-verano","status":"publish","type":"post","link":"https:\/\/radiorevelacionfm.cl\/?p=61978","title":{"rendered":"Edelaysen contin\u00faa reforzando el trabajo en terreno para garantizar continuidad y calidad del servicio el\u00e9ctrico durante el verano"},"content":{"rendered":"<div class=\"flex_column av_one_full  flex_column_div av-zero-column-padding first  avia-builder-el-0  el_before_av_one_full  avia-builder-el-first  \" style='border-radius:0px; '><div  class='avia-image-container  av-styling-    avia-builder-el-1  avia-builder-el-no-sibling  avia-align-center '  itemprop=\"image\" itemscope=\"itemscope\" itemtype=\"https:\/\/schema.org\/ImageObject\"  ><div class='avia-image-container-inner'><div class='avia-image-overlay-wrap'><img decoding=\"async\" class='wp-image-61979 avia-img-lazy-loading-not-61979 avia_image' src=\"https:\/\/radiorevelacionfm.cl\/wp-content\/uploads\/2025\/12\/Mantencion-Clotario-Blest-3-1-1-1.jpeg\" alt='' title='Mantenci\u00f3n Clotario Blest (3) (1) (1) (1)' height=\"600\" width=\"800\"  itemprop=\"thumbnailUrl\" srcset=\"https:\/\/radiorevelacionfm.cl\/wp-content\/uploads\/2025\/12\/Mantencion-Clotario-Blest-3-1-1-1.jpeg 800w, https:\/\/radiorevelacionfm.cl\/wp-content\/uploads\/2025\/12\/Mantencion-Clotario-Blest-3-1-1-1-300x225.jpeg 300w, https:\/\/radiorevelacionfm.cl\/wp-content\/uploads\/2025\/12\/Mantencion-Clotario-Blest-3-1-1-1-768x576.jpeg 768w, https:\/\/radiorevelacionfm.cl\/wp-content\/uploads\/2025\/12\/Mantencion-Clotario-Blest-3-1-1-1-705x529.jpeg 705w, https:\/\/radiorevelacionfm.cl\/wp-content\/uploads\/2025\/12\/Mantencion-Clotario-Blest-3-1-1-1-450x338.jpeg 450w, https:\/\/radiorevelacionfm.cl\/wp-content\/uploads\/2025\/12\/Mantencion-Clotario-Blest-3-1-1-1-600x450.jpeg 600w\" sizes=\"(max-width: 800px) 100vw, 800px\" \/><\/div><\/div><\/div><\/div><div class=\"flex_column av_one_full  flex_column_div av-zero-column-padding first  avia-builder-el-2  el_after_av_one_full  el_before_av_one_full  column-top-margin\" style='border-radius:0px; '><section class=\"av_textblock_section \"  itemscope=\"itemscope\" itemtype=\"https:\/\/schema.org\/BlogPosting\" itemprop=\"blogPost\" ><div class='avia_textblock  '   itemprop=\"text\" ><p style=\"text-align: center;\"><strong><span style=\"font-size: 18pt;\">Edelaysen\u00a0contin\u00faa reforzando el trabajo en terreno para garantizar continuidad y calidad del servicio el\u00e9ctrico durante el verano<\/span><\/strong><\/p>\n<div id=\"gtx-trans\" style=\"position: absolute; left: -50px; top: 4.31534px;\">\n<div class=\"gtx-trans-icon\"><\/div>\n<\/div>\n<\/div><\/section><\/div><div class=\"flex_column av_one_full  flex_column_div av-zero-column-padding first  avia-builder-el-4  el_after_av_one_full  el_before_av_hr  column-top-margin\" style='border-radius:0px; '><section class=\"av_textblock_section \"  itemscope=\"itemscope\" itemtype=\"https:\/\/schema.org\/BlogPosting\" itemprop=\"blogPost\" ><div class='avia_textblock  '   itemprop=\"text\" ><p style=\"text-align: justify;\"><em>La distribuidora el\u00e9ctrica intensifica las labores de mantenimiento y gesti\u00f3n de vegetaci\u00f3n para prevenir interrupciones del servicio durante el verano, e invita a la comunidad a colaborar para resguardar juntos la seguridad y continuidad del suministro el\u00e9ctrico.<\/em><\/p>\n<p style=\"text-align: justify;\"><strong>01 de diciembre de 2025<\/strong>. En el contexto del aumento de fen\u00f3menos meteorol\u00f3gicos asociados al cambio clim\u00e1tico, Edelaysen est\u00e1 reforzando su trabajo preventivo en terreno para garantizar la calidad y continuidad del servicio el\u00e9ctrico durante el verano.<\/p>\n<p style=\"text-align: justify;\">El plan contempla la inspecci\u00f3n y mantenimiento de m\u00e1s de\u00a0176 kil\u00f3metros\u00a0de redes el\u00e9ctricas, el uso de tecnolog\u00edas de inteligencia artificial y maniobras remotas para agilizar la respuesta ante posibles situaciones que pudieran afectar el servicio. A esto se suma el refuerzo de brigadas t\u00e9cnicas desplegadas en zonas cr\u00edticas, con el objetivo de reducir el impacto de las contingencias clim\u00e1ticas en la infraestructura el\u00e9ctrica.<\/p>\n<p style=\"text-align: justify;\">\u201cLos cambios en los patrones del clima, como el aumento de las temperaturas, los vientos intensos y la sequ\u00eda que incrementa la vegetaci\u00f3n seca, representan un desaf\u00edo creciente para la distribuci\u00f3n el\u00e9ctrica. Por eso, seguimos fortaleciendo nuestras redes, equipos y procesos para anticiparnos a estas condiciones\u201d, se\u00f1al\u00f3\u00a0Mar\u00eda de los \u00c1ngeles Gajardo, jefa de Servicio al Cliente de Edelaysen.<\/p>\n<p style=\"text-align: justify;\">Una de las labores m\u00e1s relevantes del plan es el despeje de vegetaci\u00f3n cercana a las l\u00edneas el\u00e9ctricas y que ha sido plantada irregularmente\u00a0por terceros, tarea compleja por la geograf\u00eda diversa de las regiones donde opera Edelaysen. Para ello, se ha intensificado la coordinaci\u00f3n con autoridades locales, juntas de vecinos y comunidades, promoviendo la conciencia sobre los riesgos de plantar o dejar crecer \u00e1rboles bajo el tendido el\u00e9ctrico.<\/p>\n<p style=\"text-align: justify;\">\u201cEl cuidado de la red el\u00e9ctrica es una tarea compartida. Por eso, hacemos un llamado a nuestros vecinos a colaborar, evitando plantar o construir cerca del tendido y facilitando el ingreso de nuestras brigadas cuando sea necesario. Estas acciones simples son esenciales para prevenir cortes de luz y riesgos el\u00e9ctricos\u201d, agreg\u00f3\u00a0la jefa de Servicio al Cliente, Mar\u00eda de los \u00c1ngeles Gajardo.<\/p>\n<p style=\"text-align: justify;\">Finalmente, como parte de su compromiso con la gesti\u00f3n de riesgos y la adaptaci\u00f3n al cambio clim\u00e1tico, Edelaysen participa activamente en los Comit\u00e9s Regionales de Gesti\u00f3n de Desastres (Cogrid) y mantiene coordinaci\u00f3n permanente con la SEC y autoridades locales. Adem\u00e1s, se han actualizado los protocolos de respuesta y reforzado los canales de contacto para una atenci\u00f3n oportuna ante cualquier contingencia, priorizando a clientes electrodependientes y servicios cr\u00edticos.<\/p>\n<\/div><\/section><\/div><div  style='height:50px' class='hr hr-invisible   avia-builder-el-6  el_after_av_one_full  el_before_av_social_share '><span class='hr-inner ' ><span class='hr-inner-style'><\/span><\/span><\/div><\/p>\n<div  class='av-social-sharing-box  avia-builder-el-7  el_after_av_hr  el_before_av_hr  '><div class='av-share-box'><h5 class='av-share-link-description av-no-toc '>Compartir esta noticia<\/h5><ul class='av-share-box-list noLightbox'><li class='av-share-link av-social-link-facebook' ><a target=\"_blank\" aria-label=\"Compartir en Facebook\" href='https:\/\/www.facebook.com\/sharer.php?u=https:\/\/radiorevelacionfm.cl\/?p=61978&#038;t=Edelaysen%20contin%C3%BAa%20reforzando%20el%20trabajo%20en%20terreno%20para%20garantizar%20continuidad%20y%20calidad%20del%20servicio%20el%C3%A9ctrico%20durante%20el%20verano' aria-hidden='false' data-av_icon='\ue8f3' data-av_iconfont='entypo-fontello' title='' data-avia-related-tooltip='Compartir en Facebook' rel=\"noopener\"><span class='avia_hidden_link_text'>Compartir en Facebook<\/span><\/a><\/li><li class='av-share-link av-social-link-twitter' ><a target=\"_blank\" aria-label=\"Compartir en Twitter\" href='https:\/\/twitter.com\/share?text=Edelaysen%20contin%C3%BAa%20reforzando%20el%20trabajo%20en%20terreno%20para%20garantizar%20continuidad%20y%20calidad%20del%20servicio%20el%C3%A9ctrico%20durante%20el%20verano&#038;url=https:\/\/radiorevelacionfm.cl\/?p=61978' aria-hidden='false' data-av_icon='\ue8f1' data-av_iconfont='entypo-fontello' title='' data-avia-related-tooltip='Compartir en Twitter' rel=\"noopener\"><span class='avia_hidden_link_text'>Compartir en Twitter<\/span><\/a><\/li><li class='av-share-link av-social-link-whatsapp' ><a target=\"_blank\" aria-label=\"Compartir en Whatsapp\" href='https:\/\/api.whatsapp.com\/send?text=https:\/\/radiorevelacionfm.cl\/?p=61978' aria-hidden='false' data-av_icon='\uf232' data-av_iconfont='entypo-fontello' title='' data-avia-related-tooltip='Compartir en Whatsapp' rel=\"noopener\"><span class='avia_hidden_link_text'>Compartir en Whatsapp<\/span><\/a><\/li><li class='av-share-link av-social-link-linkedin' ><a target=\"_blank\" aria-label=\"Compartir en LinkedIn\" href='https:\/\/linkedin.com\/shareArticle?mini=true&#038;title=Edelaysen%20contin%C3%BAa%20reforzando%20el%20trabajo%20en%20terreno%20para%20garantizar%20continuidad%20y%20calidad%20del%20servicio%20el%C3%A9ctrico%20durante%20el%20verano&#038;url=https:\/\/radiorevelacionfm.cl\/?p=61978' aria-hidden='false' data-av_icon='\ue8fc' data-av_iconfont='entypo-fontello' title='' data-avia-related-tooltip='Compartir en LinkedIn' rel=\"noopener\"><span class='avia_hidden_link_text'>Compartir en LinkedIn<\/span><\/a><\/li><li class='av-share-link av-social-link-mail' ><a  aria-label=\"Compartir por correo\" href='mailto:?subject=Edelaysen%20contin%C3%BAa%20reforzando%20el%20trabajo%20en%20terreno%20para%20garantizar%20continuidad%20y%20calidad%20del%20servicio%20el%C3%A9ctrico%20durante%20el%20verano&#038;body=https:\/\/radiorevelacionfm.cl\/?p=61978' aria-hidden='false' data-av_icon='\ue805' data-av_iconfont='entypo-fontello' title='' data-avia-related-tooltip='Compartir por correo'><span class='avia_hidden_link_text'>Compartir por correo<\/span><\/a><\/li><\/ul><\/div><\/div>\n<div  style='height:50px' class='hr hr-invisible   avia-builder-el-8  el_after_av_social_share  el_before_av_comments_list '><span class='hr-inner ' ><span class='hr-inner-style'><\/span><\/span><\/div>\n<div  class='av-buildercomment  av-blog-meta-html-info-disabled av-blog-meta-tag-disabled  '><\/div>\n","protected":false},"excerpt":{"rendered":"","protected":false},"author":1,"featured_media":61979,"comment_status":"closed","ping_status":"closed","sticky":false,"template":"","format":"standard","meta":{"footnotes":""},"categories":[38],"tags":[],"class_list":["post-61978","post","type-post","status-publish","format-standard","has-post-thumbnail","hentry","category-regional"],"jetpack_featured_media_url":"https:\/\/radiorevelacionfm.cl\/wp-content\/uploads\/2025\/12\/Mantencion-Clotario-Blest-3-1-1-1.jpeg","_links":{"self":[{"href":"https:\/\/radiorevelacionfm.cl\/index.php?rest_route=\/wp\/v2\/posts\/61978","targetHints":{"allow":["GET"]}}],"collection":[{"href":"https:\/\/radiorevelacionfm.cl\/index.php?rest_route=\/wp\/v2\/posts"}],"about":[{"href":"https:\/\/radiorevelacionfm.cl\/index.php?rest_route=\/wp\/v2\/types\/post"}],"author":[{"embeddable":true,"href":"https:\/\/radiorevelacionfm.cl\/index.php?rest_route=\/wp\/v2\/users\/1"}],"replies":[{"embeddable":true,"href":"https:\/\/radiorevelacionfm.cl\/index.php?rest_route=%2Fwp%2Fv2%2Fcomments&post=61978"}],"version-history":[{"count":2,"href":"https:\/\/radiorevelacionfm.cl\/index.php?rest_route=\/wp\/v2\/posts\/61978\/revisions"}],"predecessor-version":[{"id":61982,"href":"https:\/\/radiorevelacionfm.cl\/index.php?rest_route=\/wp\/v2\/posts\/61978\/revisions\/61982"}],"wp:featuredmedia":[{"embeddable":true,"href":"https:\/\/radiorevelacionfm.cl\/index.php?rest_route=\/wp\/v2\/media\/61979"}],"wp:attachment":[{"href":"https:\/\/radiorevelacionfm.cl\/index.php?rest_route=%2Fwp%2Fv2%2Fmedia&parent=61978"}],"wp:term":[{"taxonomy":"category","embeddable":true,"href":"https:\/\/radiorevelacionfm.cl\/index.php?rest_route=%2Fwp%2Fv2%2Fcategories&post=61978"},{"taxonomy":"post_tag","embeddable":true,"href":"https:\/\/radiorevelacionfm.cl\/index.php?rest_route=%2Fwp%2Fv2%2Ftags&post=61978"}],"curies":[{"name":"wp","href":"https:\/\/api.w.org\/{rel}","templated":true}]}}