{"id":61973,"date":"2025-12-02T21:48:26","date_gmt":"2025-12-03T00:48:26","guid":{"rendered":"https:\/\/radiorevelacionfm.cl\/?p=61973"},"modified":"2025-12-02T21:50:50","modified_gmt":"2025-12-03T00:50:50","slug":"sandoval-destaca-voluntad-del-gobernador-para-buscar-mecanismo-que-permita-aumentar-cobertura-del-subsidio-de-calefaccion-en-aysen","status":"publish","type":"post","link":"https:\/\/radiorevelacionfm.cl\/?p=61973","title":{"rendered":"Sandoval destaca voluntad del Gobernador para buscar mecanismo que permita aumentar cobertura del Subsidio de Calefacci\u00f3n en Ays\u00e9n"},"content":{"rendered":"<div class=\"flex_column av_one_full  flex_column_div av-zero-column-padding first  avia-builder-el-0  el_before_av_one_full  avia-builder-el-first  \" style='border-radius:0px; '><div  class='avia-image-container  av-styling-    avia-builder-el-1  avia-builder-el-no-sibling  avia-align-center '  itemprop=\"image\" itemscope=\"itemscope\" itemtype=\"https:\/\/schema.org\/ImageObject\"  ><div class='avia-image-container-inner'><div class='avia-image-overlay-wrap'><img decoding=\"async\" class='wp-image-41010 avia-img-lazy-loading-not-41010 avia_image' src=\"https:\/\/radiorevelacionfm.cl\/wp-content\/uploads\/2024\/04\/Bono-Calefaccion-1-1.jpg\" alt='' title='Bono-Calefaccion (1) (1)' height=\"600\" width=\"1067\"  itemprop=\"thumbnailUrl\" srcset=\"https:\/\/radiorevelacionfm.cl\/wp-content\/uploads\/2024\/04\/Bono-Calefaccion-1-1.jpg 1067w, https:\/\/radiorevelacionfm.cl\/wp-content\/uploads\/2024\/04\/Bono-Calefaccion-1-1-300x169.jpg 300w, https:\/\/radiorevelacionfm.cl\/wp-content\/uploads\/2024\/04\/Bono-Calefaccion-1-1-1030x579.jpg 1030w, https:\/\/radiorevelacionfm.cl\/wp-content\/uploads\/2024\/04\/Bono-Calefaccion-1-1-768x432.jpg 768w, https:\/\/radiorevelacionfm.cl\/wp-content\/uploads\/2024\/04\/Bono-Calefaccion-1-1-705x396.jpg 705w, https:\/\/radiorevelacionfm.cl\/wp-content\/uploads\/2024\/04\/Bono-Calefaccion-1-1-450x253.jpg 450w, https:\/\/radiorevelacionfm.cl\/wp-content\/uploads\/2024\/04\/Bono-Calefaccion-1-1-600x337.jpg 600w\" sizes=\"(max-width: 1067px) 100vw, 1067px\" \/><\/div><\/div><\/div><\/div><div class=\"flex_column av_one_full  flex_column_div av-zero-column-padding first  avia-builder-el-2  el_after_av_one_full  el_before_av_one_full  column-top-margin\" style='border-radius:0px; '><section class=\"av_textblock_section \"  itemscope=\"itemscope\" itemtype=\"https:\/\/schema.org\/BlogPosting\" itemprop=\"blogPost\" ><div class='avia_textblock  '   itemprop=\"text\" ><p style=\"text-align: center;\"><strong><span style=\"font-size: 18pt;\">Sandoval destaca voluntad del Gobernador para buscar mecanismo que permita aumentar cobertura del Subsidio de Calefacci\u00f3n en Ays\u00e9n <\/span><\/strong><\/p>\n<div id=\"gtx-trans\" style=\"position: absolute; left: -50px; top: 4.31534px;\">\n<div class=\"gtx-trans-icon\"><\/div>\n<\/div>\n<\/div><\/section><\/div><\/p>\n<div class=\"flex_column av_one_full  flex_column_div av-zero-column-padding first  avia-builder-el-4  el_after_av_one_full  el_before_av_hr  column-top-margin\" style='border-radius:0px; '><section class=\"av_textblock_section \"  itemscope=\"itemscope\" itemtype=\"https:\/\/schema.org\/BlogPosting\" itemprop=\"blogPost\" ><div class='avia_textblock  '   itemprop=\"text\" ><p style=\"text-align: justify;\"><em>En ese contexto, parlamentario tambi\u00e9n agradeci\u00f3 tambi\u00e9n disposici\u00f3n del Gobierno en tr\u00e1mite del Presupuesto 2026, para trabajar en una opci\u00f3n que permita, a trav\u00e9s del Ministerio de Desarrollo Social, avanzar en dicho objetivo.<\/em><\/p>\n<p style=\"text-align: justify;\">El senador David Sandoval valor\u00f3 la voluntad del Gobernador Regional Marcelo Santana, para buscar un mecanismo que permita aumentar cobertura\u00a0 del Subsidio de Calefacci\u00f3n en la regi\u00f3n de Ays\u00e9n, recordando que monto del mismo no ha variado de los $100 mil pesos, desde su implementaci\u00f3n en 2012.<\/p>\n<p style=\"text-align: justify;\">En ese contexto, el parlamentario dijo que la disposici\u00f3n de Santana refleja su preocupaci\u00f3n permanente por mejorar la calidad de vida de los ayseninos. \u201cEsto me lo plante\u00f3 nuestro gobernador Marcelo Santana, que muy preocupado por el problema de la calidad de vida invernal de la gente, dec\u00eda, bueno, si el Gobierno no puede ampliar los recursos para este tema, el Gobierno Regional est\u00e1 disponible para ampliar esta cobertura\u201d, indic\u00f3.<\/p>\n<p style=\"text-align: justify;\">En ese contexto, durante la discusi\u00f3n del Presupuesto 2026, el parlamentario realiz\u00f3 gestiones para avanzar en esta iniciativa, conversando del tema con el propio Ministro de Hacienda, Nicol\u00e1s Grau, la que si bien no fue acogida en su totalidad por el Gobierno, s\u00ed se mostraron disponibles para buscar una opci\u00f3n a implementar a trav\u00e9s del Ministerio de Desarrollo Social. \u201cFelicitar a Marcelo Santana, por su inter\u00e9s, por su preocupaci\u00f3n, donde el Ministerio de Hacienda abri\u00f3 un espacio que ojal\u00e1 se haga realidad, porque m\u00e1s vale que lo haga este Gobierno, para no perder tiempo en explicarle al que venga\u201d, se\u00f1alando que est\u00e1 abierta la puerta \u201cpara que el Gobierno Regional pueda suplementar estos recursos y permitir tambi\u00e9n mejorar y ampliar la cobertura de este famoso subsidio\u201d.<\/p>\n<p style=\"text-align: justify;\">Fue la directora de Presupuesto, Javiera Mart\u00ednez, la que explic\u00f3 c\u00f3mo se podr\u00eda avanzar en esta alternativa. \u201cLo que s\u00ed est\u00e1 considerando la indicaci\u00f3n sustitutiva es la posibilidad de que puedan hacer esa transferencia al Ministerio de Desarrollo Social y sea este ministerio el que haga los cambios de cobertura. Lo importante para eso es adecuarse a los tiempos (de dicho ministerio), porque eso igual est\u00e1 antes del primer semestre, porque es para que llegue el invierno. Entonces, a trav\u00e9s de ese mecanismo se puede hacer y tenemos el detalle de c\u00f3mo se hace\u201d, explic\u00f3.<\/p>\n<p style=\"text-align: justify;\">Finalmente, el senador Sandoval espera que se concrete pronto la soluci\u00f3n a este tema y as\u00ed se aumente cobertura del beneficio a nivel regional.<\/p>\n<\/div><\/section><\/div>\n<div  style='height:50px' class='hr hr-invisible   avia-builder-el-6  el_after_av_one_full  el_before_av_social_share '><span class='hr-inner ' ><span class='hr-inner-style'><\/span><\/span><\/div>\n<div  class='av-social-sharing-box  avia-builder-el-7  el_after_av_hr  el_before_av_hr  '><div class='av-share-box'><h5 class='av-share-link-description av-no-toc '>Compartir esta noticia<\/h5><ul class='av-share-box-list noLightbox'><li class='av-share-link av-social-link-facebook' ><a target=\"_blank\" aria-label=\"Compartir en Facebook\" href='https:\/\/www.facebook.com\/sharer.php?u=https:\/\/radiorevelacionfm.cl\/?p=61973&#038;t=Sandoval%20destaca%20voluntad%20del%20Gobernador%20para%20buscar%20mecanismo%20que%20permita%20aumentar%20cobertura%20del%20Subsidio%20de%20Calefacci%C3%B3n%20en%20Ays%C3%A9n' aria-hidden='false' data-av_icon='\ue8f3' data-av_iconfont='entypo-fontello' title='' data-avia-related-tooltip='Compartir en Facebook' rel=\"noopener\"><span class='avia_hidden_link_text'>Compartir en Facebook<\/span><\/a><\/li><li class='av-share-link av-social-link-twitter' ><a target=\"_blank\" aria-label=\"Compartir en Twitter\" href='https:\/\/twitter.com\/share?text=Sandoval%20destaca%20voluntad%20del%20Gobernador%20para%20buscar%20mecanismo%20que%20permita%20aumentar%20cobertura%20del%20Subsidio%20de%20Calefacci%C3%B3n%20en%20Ays%C3%A9n&#038;url=https:\/\/radiorevelacionfm.cl\/?p=61973' aria-hidden='false' data-av_icon='\ue8f1' data-av_iconfont='entypo-fontello' title='' data-avia-related-tooltip='Compartir en Twitter' rel=\"noopener\"><span class='avia_hidden_link_text'>Compartir en Twitter<\/span><\/a><\/li><li class='av-share-link av-social-link-whatsapp' ><a target=\"_blank\" aria-label=\"Compartir en Whatsapp\" href='https:\/\/api.whatsapp.com\/send?text=https:\/\/radiorevelacionfm.cl\/?p=61973' aria-hidden='false' data-av_icon='\uf232' data-av_iconfont='entypo-fontello' title='' data-avia-related-tooltip='Compartir en Whatsapp' rel=\"noopener\"><span class='avia_hidden_link_text'>Compartir en Whatsapp<\/span><\/a><\/li><li class='av-share-link av-social-link-linkedin' ><a target=\"_blank\" aria-label=\"Compartir en LinkedIn\" href='https:\/\/linkedin.com\/shareArticle?mini=true&#038;title=Sandoval%20destaca%20voluntad%20del%20Gobernador%20para%20buscar%20mecanismo%20que%20permita%20aumentar%20cobertura%20del%20Subsidio%20de%20Calefacci%C3%B3n%20en%20Ays%C3%A9n&#038;url=https:\/\/radiorevelacionfm.cl\/?p=61973' aria-hidden='false' data-av_icon='\ue8fc' data-av_iconfont='entypo-fontello' title='' data-avia-related-tooltip='Compartir en LinkedIn' rel=\"noopener\"><span class='avia_hidden_link_text'>Compartir en LinkedIn<\/span><\/a><\/li><li class='av-share-link av-social-link-mail' ><a  aria-label=\"Compartir por correo\" href='mailto:?subject=Sandoval%20destaca%20voluntad%20del%20Gobernador%20para%20buscar%20mecanismo%20que%20permita%20aumentar%20cobertura%20del%20Subsidio%20de%20Calefacci%C3%B3n%20en%20Ays%C3%A9n&#038;body=https:\/\/radiorevelacionfm.cl\/?p=61973' aria-hidden='false' data-av_icon='\ue805' data-av_iconfont='entypo-fontello' title='' data-avia-related-tooltip='Compartir por correo'><span class='avia_hidden_link_text'>Compartir por correo<\/span><\/a><\/li><\/ul><\/div><\/div>\n<div  style='height:50px' class='hr hr-invisible   avia-builder-el-8  el_after_av_social_share  el_before_av_comments_list '><span class='hr-inner ' ><span class='hr-inner-style'><\/span><\/span><\/div>\n<div  class='av-buildercomment  av-blog-meta-html-info-disabled av-blog-meta-tag-disabled  '><\/div>\n","protected":false},"excerpt":{"rendered":"","protected":false},"author":1,"featured_media":41010,"comment_status":"closed","ping_status":"closed","sticky":false,"template":"","format":"standard","meta":{"footnotes":""},"categories":[38],"tags":[],"class_list":["post-61973","post","type-post","status-publish","format-standard","has-post-thumbnail","hentry","category-regional"],"jetpack_featured_media_url":"https:\/\/radiorevelacionfm.cl\/wp-content\/uploads\/2024\/04\/Bono-Calefaccion-1-1.jpg","_links":{"self":[{"href":"https:\/\/radiorevelacionfm.cl\/index.php?rest_route=\/wp\/v2\/posts\/61973","targetHints":{"allow":["GET"]}}],"collection":[{"href":"https:\/\/radiorevelacionfm.cl\/index.php?rest_route=\/wp\/v2\/posts"}],"about":[{"href":"https:\/\/radiorevelacionfm.cl\/index.php?rest_route=\/wp\/v2\/types\/post"}],"author":[{"embeddable":true,"href":"https:\/\/radiorevelacionfm.cl\/index.php?rest_route=\/wp\/v2\/users\/1"}],"replies":[{"embeddable":true,"href":"https:\/\/radiorevelacionfm.cl\/index.php?rest_route=%2Fwp%2Fv2%2Fcomments&post=61973"}],"version-history":[{"count":3,"href":"https:\/\/radiorevelacionfm.cl\/index.php?rest_route=\/wp\/v2\/posts\/61973\/revisions"}],"predecessor-version":[{"id":62097,"href":"https:\/\/radiorevelacionfm.cl\/index.php?rest_route=\/wp\/v2\/posts\/61973\/revisions\/62097"}],"wp:featuredmedia":[{"embeddable":true,"href":"https:\/\/radiorevelacionfm.cl\/index.php?rest_route=\/wp\/v2\/media\/41010"}],"wp:attachment":[{"href":"https:\/\/radiorevelacionfm.cl\/index.php?rest_route=%2Fwp%2Fv2%2Fmedia&parent=61973"}],"wp:term":[{"taxonomy":"category","embeddable":true,"href":"https:\/\/radiorevelacionfm.cl\/index.php?rest_route=%2Fwp%2Fv2%2Fcategories&post=61973"},{"taxonomy":"post_tag","embeddable":true,"href":"https:\/\/radiorevelacionfm.cl\/index.php?rest_route=%2Fwp%2Fv2%2Ftags&post=61973"}],"curies":[{"name":"wp","href":"https:\/\/api.w.org\/{rel}","templated":true}]}}