{"id":61970,"date":"2025-11-30T22:30:14","date_gmt":"2025-12-01T01:30:14","guid":{"rendered":"https:\/\/radiorevelacionfm.cl\/?p=61970"},"modified":"2025-11-30T22:30:14","modified_gmt":"2025-12-01T01:30:14","slug":"del-cae-a-los-cuidados-la-agenda-legislativa-que-busca-aliviar-a-miles-de-familias","status":"publish","type":"post","link":"https:\/\/radiorevelacionfm.cl\/?p=61970","title":{"rendered":"Del CAE a los cuidados: la agenda legislativa que busca aliviar a miles de familias"},"content":{"rendered":"<div class=\"flex_column av_one_full  flex_column_div av-zero-column-padding first  avia-builder-el-0  el_before_av_one_full  avia-builder-el-first  \" style='border-radius:0px; '><div  class='avia-image-container  av-styling-    avia-builder-el-1  avia-builder-el-no-sibling  avia-align-center '  itemprop=\"image\" itemscope=\"itemscope\" itemtype=\"https:\/\/schema.org\/ImageObject\"  ><div class='avia-image-container-inner'><div class='avia-image-overlay-wrap'><img decoding=\"async\" class='wp-image-61971 avia-img-lazy-loading-not-61971 avia_image' src=\"https:\/\/radiorevelacionfm.cl\/wp-content\/uploads\/2025\/11\/seremi-gobierno_columna30_optimized.11.2025-1.jpg\" alt='' title='seremi-gobierno_columna30_optimized.11.2025-(1)' height=\"612\" width=\"801\"  itemprop=\"thumbnailUrl\" srcset=\"https:\/\/radiorevelacionfm.cl\/wp-content\/uploads\/2025\/11\/seremi-gobierno_columna30_optimized.11.2025-1.jpg 801w, https:\/\/radiorevelacionfm.cl\/wp-content\/uploads\/2025\/11\/seremi-gobierno_columna30_optimized.11.2025-1-300x229.jpg 300w, https:\/\/radiorevelacionfm.cl\/wp-content\/uploads\/2025\/11\/seremi-gobierno_columna30_optimized.11.2025-1-768x587.jpg 768w, https:\/\/radiorevelacionfm.cl\/wp-content\/uploads\/2025\/11\/seremi-gobierno_columna30_optimized.11.2025-1-705x539.jpg 705w, https:\/\/radiorevelacionfm.cl\/wp-content\/uploads\/2025\/11\/seremi-gobierno_columna30_optimized.11.2025-1-450x344.jpg 450w, https:\/\/radiorevelacionfm.cl\/wp-content\/uploads\/2025\/11\/seremi-gobierno_columna30_optimized.11.2025-1-600x458.jpg 600w\" sizes=\"(max-width: 801px) 100vw, 801px\" \/><\/div><\/div><\/div><\/div><div class=\"flex_column av_one_full  flex_column_div av-zero-column-padding first  avia-builder-el-2  el_after_av_one_full  el_before_av_one_full  column-top-margin\" style='border-radius:0px; '><section class=\"av_textblock_section \"  itemscope=\"itemscope\" itemtype=\"https:\/\/schema.org\/BlogPosting\" itemprop=\"blogPost\" ><div class='avia_textblock  '   itemprop=\"text\" ><p style=\"text-align: center;\"><span style=\"font-size: 18pt;\"><strong>Del CAE a los cuidados: la agenda legislativa que busca aliviar a miles de familias<\/strong><\/span><\/p>\n<div id=\"gtx-trans\" style=\"position: absolute; left: -50px; top: 4.31534px;\">\n<div class=\"gtx-trans-icon\"><\/div>\n<\/div>\n<\/div><\/section><\/div><div class=\"flex_column av_one_full  flex_column_div av-zero-column-padding first  avia-builder-el-4  el_after_av_one_full  el_before_av_hr  column-top-margin\" style='border-radius:0px; '><section class=\"av_textblock_section \"  itemscope=\"itemscope\" itemtype=\"https:\/\/schema.org\/BlogPosting\" itemprop=\"blogPost\" ><div class='avia_textblock  '   itemprop=\"text\" ><p style=\"text-align: justify;\"><em>Por: \u00darsula Mix, Seremi de Gobierno de Ays\u00e9n<\/em><\/p>\n<p style=\"text-align: justify;\">La agenda legislativa prioritaria es un mapa de ruta que traza un camino hacia una mayor justicia social, equidad y desarrollo estrat\u00e9gico para el pa\u00eds. El enfoque del Presidente Gabriel Boric es pragm\u00e1tico y humano. Cada proyecto de ley priorizado tiene un rostro, una historia detr\u00e1s y un impacto directo en el bienestar de las personas.<\/p>\n<p style=\"text-align: justify;\">Medidas como la Ley \u00abPapito Coraz\u00f3n\u00bb, la pol\u00edtica de \u00abcopago cero\u00bb, el pago de la deuda hist\u00f3rica a las y los profesores, la Ley Integral Contra la Violencia hacia las Mujeres, por nombrar s\u00f3lo algunas, han tenido un impacto directo en la vida de miles de chilenos y chilenas, estas iniciativas refuerzan el compromiso del Estado con la equidad y la justicia social.<\/p>\n<p style=\"text-align: justify;\">Nuestro Gobierno ha entrado en la recta final con un mensaje claro: se legislar\u00e1 hasta el \u00faltimo d\u00eda. Este esfuerzo responde a un compromiso firme por concretar transformaciones sociales que responden a demandas hist\u00f3ricas de la ciudadan\u00eda y que buscan aliviar la vida cotidiana de miles de familias chilenas.<\/p>\n<p style=\"text-align: justify;\">En materia de educaci\u00f3n, la propuesta de abordar la deuda hist\u00f3rica del Cr\u00e9dito con Aval del Estado (CAE) es un acto de justicia largamente esperado. Miles de profesionales y sus familias han cargado por a\u00f1os con una mochila financiera asfixiante. La eliminaci\u00f3n gradual y justa del CAE, junto con el fortalecimiento de la educaci\u00f3n p\u00fablica, buscan liberar ese potencial productivo y devolver la dignidad a las y los profesionales y a sus familias, que han estado endeudados por a\u00f1os con el sistema. De ah\u00ed que el FES se haya alzado como el inicio de un cambio estructural que se espera d\u00e9 alivio a las y los estudiantes, egresados y egresadas.<\/p>\n<p style=\"text-align: justify;\">El Financiamiento para la Educaci\u00f3n Superior (FES), es un proyecto de ley que busca reemplazar al actual Cr\u00e9dito con Aval del Estado (CAE), al Fondo Solidario y a los cr\u00e9ditos CORFO, cuyo objetivo es permitir que las personas estudien sin la preocupaci\u00f3n de pagar la matr\u00edcula o el arancel mientras cursan sus estudios. As\u00ed, los estudiantes comenzar\u00edan a retribuir el financiamiento un a\u00f1o despu\u00e9s de egresar, pagando una cuota justa y proporcional a su sueldo, sin generar deudas con bancos ni intereses, protegiendo as\u00ed a las familias del sobreendeudamiento.<\/p>\n<p style=\"text-align: justify;\">En el eje de los cuidados como derecho, se est\u00e1n sentando bases estructurales para un Chile m\u00e1s equitativo. El impulso al Sistema Nacional de Cuidados y la iniciativa de Sala Cuna para Chile reconocen y valorizan una labor esencial, tradicionalmente invisibilizada y tradicionalmente asumida, en su mayor\u00eda, por mujeres. Estas leyes no s\u00f3lo otorgan un alivio real a padres, madres y cuidadores, sino que tambi\u00e9n son fundamentales para la inserci\u00f3n laboral femenina y la corresponsabilidad social.<\/p>\n<p style=\"text-align: justify;\">La seguridad, una prioridad indiscutible, se aborda con un enfoque integral, es as\u00ed como la Ley de Seguridad Municipal dota a los gobiernos locales de m\u00e1s herramientas y atribuciones para la prevenci\u00f3n del delito y la recuperaci\u00f3n de espacios p\u00fablicos, acercando la respuesta del Estado a los territorios y a la realidad cotidiana de los barrios.<\/p>\n<p style=\"text-align: justify;\">Finalmente, la inclusi\u00f3n de la Ley de Eutanasia en las prioridades, responde a una discusi\u00f3n \u00e9tica profunda sobre la autonom\u00eda personal y el derecho a una muerte digna. Es el reconocimiento del Estado a la voluntad individual en momentos de m\u00e1xima vulnerabilidad.<\/p>\n<p style=\"text-align: justify;\">En suma, como Gobierno, seguiremos trabajando con el prop\u00f3sito de cumplir con las transformaciones prometidas y dejar instaladas pol\u00edticas p\u00fablicas que alivien la vida de las personas hoy y sienten bases s\u00f3lidas para el Chile de los pr\u00f3ximos a\u00f1os. Esta agenda legislativa demuestra que el di\u00e1logo y el compromiso con la ciudadan\u00eda son los motores de la acci\u00f3n de nuestro Gobierno, hasta el \u00faltimo d\u00eda de nuestro mandato.<\/p>\n<\/div><\/section><\/div><div  style='height:50px' class='hr hr-invisible   avia-builder-el-6  el_after_av_one_full  el_before_av_social_share '><span class='hr-inner ' ><span class='hr-inner-style'><\/span><\/span><\/div><\/p>\n<div  class='av-social-sharing-box  avia-builder-el-7  el_after_av_hr  el_before_av_hr  '><div class='av-share-box'><h5 class='av-share-link-description av-no-toc '>Compartir esta noticia<\/h5><ul class='av-share-box-list noLightbox'><li class='av-share-link av-social-link-facebook' ><a target=\"_blank\" aria-label=\"Compartir en Facebook\" href='https:\/\/www.facebook.com\/sharer.php?u=https:\/\/radiorevelacionfm.cl\/?p=61970&#038;t=Del%20CAE%20a%20los%20cuidados%3A%20la%20agenda%20legislativa%20que%20busca%20aliviar%20a%20miles%20de%20familias' aria-hidden='false' data-av_icon='\ue8f3' data-av_iconfont='entypo-fontello' title='' data-avia-related-tooltip='Compartir en Facebook' rel=\"noopener\"><span class='avia_hidden_link_text'>Compartir en Facebook<\/span><\/a><\/li><li class='av-share-link av-social-link-twitter' ><a target=\"_blank\" aria-label=\"Compartir en Twitter\" href='https:\/\/twitter.com\/share?text=Del%20CAE%20a%20los%20cuidados%3A%20la%20agenda%20legislativa%20que%20busca%20aliviar%20a%20miles%20de%20familias&#038;url=https:\/\/radiorevelacionfm.cl\/?p=61970' aria-hidden='false' data-av_icon='\ue8f1' data-av_iconfont='entypo-fontello' title='' data-avia-related-tooltip='Compartir en Twitter' rel=\"noopener\"><span class='avia_hidden_link_text'>Compartir en Twitter<\/span><\/a><\/li><li class='av-share-link av-social-link-whatsapp' ><a target=\"_blank\" aria-label=\"Compartir en Whatsapp\" href='https:\/\/api.whatsapp.com\/send?text=https:\/\/radiorevelacionfm.cl\/?p=61970' aria-hidden='false' data-av_icon='\uf232' data-av_iconfont='entypo-fontello' title='' data-avia-related-tooltip='Compartir en Whatsapp' rel=\"noopener\"><span class='avia_hidden_link_text'>Compartir en Whatsapp<\/span><\/a><\/li><li class='av-share-link av-social-link-linkedin' ><a target=\"_blank\" aria-label=\"Compartir en LinkedIn\" href='https:\/\/linkedin.com\/shareArticle?mini=true&#038;title=Del%20CAE%20a%20los%20cuidados%3A%20la%20agenda%20legislativa%20que%20busca%20aliviar%20a%20miles%20de%20familias&#038;url=https:\/\/radiorevelacionfm.cl\/?p=61970' aria-hidden='false' data-av_icon='\ue8fc' data-av_iconfont='entypo-fontello' title='' data-avia-related-tooltip='Compartir en LinkedIn' rel=\"noopener\"><span class='avia_hidden_link_text'>Compartir en LinkedIn<\/span><\/a><\/li><li class='av-share-link av-social-link-mail' ><a  aria-label=\"Compartir por correo\" href='mailto:?subject=Del%20CAE%20a%20los%20cuidados%3A%20la%20agenda%20legislativa%20que%20busca%20aliviar%20a%20miles%20de%20familias&#038;body=https:\/\/radiorevelacionfm.cl\/?p=61970' aria-hidden='false' data-av_icon='\ue805' data-av_iconfont='entypo-fontello' title='' data-avia-related-tooltip='Compartir por correo'><span class='avia_hidden_link_text'>Compartir por correo<\/span><\/a><\/li><\/ul><\/div><\/div>\n<div  style='height:50px' class='hr hr-invisible   avia-builder-el-8  el_after_av_social_share  el_before_av_comments_list '><span class='hr-inner ' ><span class='hr-inner-style'><\/span><\/span><\/div>\n<div  class='av-buildercomment  av-blog-meta-html-info-disabled av-blog-meta-tag-disabled  '><\/div>\n","protected":false},"excerpt":{"rendered":"","protected":false},"author":1,"featured_media":61971,"comment_status":"closed","ping_status":"closed","sticky":false,"template":"","format":"standard","meta":{"footnotes":""},"categories":[50],"tags":[],"class_list":["post-61970","post","type-post","status-publish","format-standard","has-post-thumbnail","hentry","category-cartas-y-opinion"],"jetpack_featured_media_url":"https:\/\/radiorevelacionfm.cl\/wp-content\/uploads\/2025\/11\/seremi-gobierno_columna30_optimized.11.2025-1.jpg","_links":{"self":[{"href":"https:\/\/radiorevelacionfm.cl\/index.php?rest_route=\/wp\/v2\/posts\/61970","targetHints":{"allow":["GET"]}}],"collection":[{"href":"https:\/\/radiorevelacionfm.cl\/index.php?rest_route=\/wp\/v2\/posts"}],"about":[{"href":"https:\/\/radiorevelacionfm.cl\/index.php?rest_route=\/wp\/v2\/types\/post"}],"author":[{"embeddable":true,"href":"https:\/\/radiorevelacionfm.cl\/index.php?rest_route=\/wp\/v2\/users\/1"}],"replies":[{"embeddable":true,"href":"https:\/\/radiorevelacionfm.cl\/index.php?rest_route=%2Fwp%2Fv2%2Fcomments&post=61970"}],"version-history":[{"count":2,"href":"https:\/\/radiorevelacionfm.cl\/index.php?rest_route=\/wp\/v2\/posts\/61970\/revisions"}],"predecessor-version":[{"id":61976,"href":"https:\/\/radiorevelacionfm.cl\/index.php?rest_route=\/wp\/v2\/posts\/61970\/revisions\/61976"}],"wp:featuredmedia":[{"embeddable":true,"href":"https:\/\/radiorevelacionfm.cl\/index.php?rest_route=\/wp\/v2\/media\/61971"}],"wp:attachment":[{"href":"https:\/\/radiorevelacionfm.cl\/index.php?rest_route=%2Fwp%2Fv2%2Fmedia&parent=61970"}],"wp:term":[{"taxonomy":"category","embeddable":true,"href":"https:\/\/radiorevelacionfm.cl\/index.php?rest_route=%2Fwp%2Fv2%2Fcategories&post=61970"},{"taxonomy":"post_tag","embeddable":true,"href":"https:\/\/radiorevelacionfm.cl\/index.php?rest_route=%2Fwp%2Fv2%2Ftags&post=61970"}],"curies":[{"name":"wp","href":"https:\/\/api.w.org\/{rel}","templated":true}]}}