{"id":61961,"date":"2025-11-30T15:27:03","date_gmt":"2025-11-30T18:27:03","guid":{"rendered":"https:\/\/radiorevelacionfm.cl\/?p=61961"},"modified":"2025-11-30T15:27:03","modified_gmt":"2025-11-30T18:27:03","slug":"con-presentacion-de-lujo-finaliza-en-aysen-programa-escuelas-saludables-para-el-aprendizaje-2025","status":"publish","type":"post","link":"https:\/\/radiorevelacionfm.cl\/?p=61961","title":{"rendered":"Con presentaci\u00f3n de lujo finaliza en Ays\u00e9n programa \u201cescuelas saludables para el aprendizaje\u201d 2025"},"content":{"rendered":"<div class=\"flex_column av_one_full  flex_column_div av-zero-column-padding first  avia-builder-el-0  el_before_av_one_full  avia-builder-el-first  \" style='border-radius:0px; '><div  class='avia-image-container  av-styling-    avia-builder-el-1  avia-builder-el-no-sibling  avia-align-center '  itemprop=\"image\" itemscope=\"itemscope\" itemtype=\"https:\/\/schema.org\/ImageObject\"  ><div class='avia-image-container-inner'><div class='avia-image-overlay-wrap'><img decoding=\"async\" class='wp-image-61962 avia-img-lazy-loading-not-61962 avia_image' src=\"https:\/\/radiorevelacionfm.cl\/wp-content\/uploads\/2025\/11\/1-escuelas-saludables-aysen-2025-1_optimized-1.jpg\" alt='' title='1-escuelas-saludables-aysen-2025-(1)_optimized (1)' height=\"600\" width=\"1067\"  itemprop=\"thumbnailUrl\" srcset=\"https:\/\/radiorevelacionfm.cl\/wp-content\/uploads\/2025\/11\/1-escuelas-saludables-aysen-2025-1_optimized-1.jpg 1067w, https:\/\/radiorevelacionfm.cl\/wp-content\/uploads\/2025\/11\/1-escuelas-saludables-aysen-2025-1_optimized-1-300x169.jpg 300w, https:\/\/radiorevelacionfm.cl\/wp-content\/uploads\/2025\/11\/1-escuelas-saludables-aysen-2025-1_optimized-1-1030x579.jpg 1030w, https:\/\/radiorevelacionfm.cl\/wp-content\/uploads\/2025\/11\/1-escuelas-saludables-aysen-2025-1_optimized-1-768x432.jpg 768w, https:\/\/radiorevelacionfm.cl\/wp-content\/uploads\/2025\/11\/1-escuelas-saludables-aysen-2025-1_optimized-1-705x396.jpg 705w, https:\/\/radiorevelacionfm.cl\/wp-content\/uploads\/2025\/11\/1-escuelas-saludables-aysen-2025-1_optimized-1-450x253.jpg 450w, https:\/\/radiorevelacionfm.cl\/wp-content\/uploads\/2025\/11\/1-escuelas-saludables-aysen-2025-1_optimized-1-600x337.jpg 600w\" sizes=\"(max-width: 1067px) 100vw, 1067px\" \/><\/div><\/div><\/div><\/div><div class=\"flex_column av_one_full  flex_column_div av-zero-column-padding first  avia-builder-el-2  el_after_av_one_full  el_before_av_one_full  column-top-margin\" style='border-radius:0px; '><section class=\"av_textblock_section \"  itemscope=\"itemscope\" itemtype=\"https:\/\/schema.org\/BlogPosting\" itemprop=\"blogPost\" ><div class='avia_textblock  '   itemprop=\"text\" ><p style=\"text-align: center;\"><strong><span style=\"font-size: 18pt;\">Con presentaci\u00f3n de lujo finaliza en Ays\u00e9n programa \u201cescuelas saludables para el aprendizaje\u201d 2025<\/span><\/strong><\/p>\n<div id=\"gtx-trans\" style=\"position: absolute; left: -50px; top: 4.31534px;\">\n<div class=\"gtx-trans-icon\"><\/div>\n<\/div>\n<\/div><\/section><\/div><div class=\"flex_column av_one_full  flex_column_div av-zero-column-padding first  avia-builder-el-4  el_after_av_one_full  el_before_av_hr  column-top-margin\" style='border-radius:0px; '><section class=\"av_textblock_section \"  itemscope=\"itemscope\" itemtype=\"https:\/\/schema.org\/BlogPosting\" itemprop=\"blogPost\" ><div class='avia_textblock  '   itemprop=\"text\" ><p style=\"text-align: justify;\"><em>Son tres los establecimientos que postularon y participaron de la iniciativa financiada por JUNAEB y ejecutada por el SLEP, escuela Litoral Austral, Poetisa Gabriela Mistral y este a\u00f1o se sum\u00f3 la escuela Despertar.<\/em><\/p>\n<p style=\"text-align: justify;\">Los ni\u00f1os y ni\u00f1as que fueron parte de la iniciativa que se extendi\u00f3 por varios meses, participaron en los talleres art\u00edsticos de teatro y expresi\u00f3n corporal, como as\u00ed tambi\u00e9n de circo a\u00e9reo.<\/p>\n<p style=\"text-align: justify;\">Con un destacado marco de p\u00fablico, la presencia de autoridades regionales y locales, en Puerto Ays\u00e9n se llev\u00f3 a cabo la ceremonia de cierre del programa \u201cescuelas saludables para el aprendizaje\u201d en su versi\u00f3n 2025. Para este a\u00f1o fueron tres los establecimientos educacionales que postularon a ser parte de esta iniciativa, escuela Poetisa Gabriela Mistral, escuela Litoral Austral y escuela Despertar.<\/p>\n<p style=\"text-align: justify;\">El director regional de la Junta Nacional de Auxilio Escolar y Becas (JUNAEB), Manuel Vivar, puso en valor el desarrollo del programa que tuvo varios meses de ejecuci\u00f3n con un lindo resultado.<\/p>\n<p style=\"text-align: justify;\">\u201cMuy contento por estar haciendo el cierre de pr\u00e1cticamente 7, 8 meses de trabajo en tres escuelas de Ays\u00e9n, un proyecto muy bonito y emblem\u00e1tico para nosotros, que viene a complementar una serie de otras acciones que nosotros hacemos en torno a la salud, al bienestar de los estudiantes. Porque estamos s\u00faper conscientes que este tipo de acciones tiene un impacto importante tambi\u00e9n para que efectivamente los chicos tengan un mejor entorno, con mejores condiciones para continuar con sus estudios. Contentos igual porque efectivamente este a\u00f1o pudimos incorporar un tercer establecimiento, la escuela Despertar, que creo que efectivamente no solo nos aporta m\u00e1s cobertura, sino que efectivamente le da m\u00e1s diversidad a la ejecuci\u00f3n de nuestro programa\u201d.<\/p>\n<p style=\"text-align: justify;\">Cynthia Arra\u00f1o, fue la coordinadora del programa \u201cescuelas saludables para el aprendizaje\u201d en Puerto Ays\u00e9n y relev\u00f3 el buen desempe\u00f1o de cada una las de las escuelas, el entusiasmo de los ni\u00f1os y ni\u00f1as, como as\u00ed tambi\u00e9n, el compromiso de los monitores. Adem\u00e1s, destac\u00f3 el impulso y apoyo de los servicios que permiten la ejecuci\u00f3n de esta iniciativa, que este 2025 consider\u00f3 los talleres de teatro y expresi\u00f3n corporal y circo a\u00e9reo. \u201cEste proyecto se desarrolla anualmente en algunos establecimientos de la comuna, es financiado por Junaeb y ejecutado por el Servicio Local de Educaci\u00f3n P\u00fablica, SLEP. As\u00ed que este a\u00f1o estamos trabajando en tres establecimientos educacionales, Poetisa Gabriela Mistral, Litoral Austral y Despertar con dos talleres art\u00edsticos de teatro y expresi\u00f3n corporal y circo a\u00e9reo\u201d.<\/p>\n<p style=\"text-align: justify;\">Para la directora de la escuela Despertar, Claudia Retamal, volver a ser parte de este programa, ha sido algo muy significativa para el desarrollo de cada uno de los y las estudiantes. \u201cEstamos muy contentos de incorporarnos a este programa de Junaeb, nosotros a\u00f1os anteriores hab\u00edamos participado, pero hace mucho tiempo que no formamos parte de este programa. Creo que fue una experiencia de aprendizaje muy significativa para nuestros estudiantes, tanto con el circo a\u00e9reo como teatro. Yo los vi felices, contentos, motivados, involucrados con estas nuevas experiencias, as\u00ed que me quedo con la mejor de las sensaciones, con un muy buen desempe\u00f1o de los estudiantes, lo mejor que lo pasaron muy bien\u201d.<\/p>\n<p style=\"text-align: justify;\">Xiomara Vargas, es una peque\u00f1a estudiante muy entusiasta de la escuela Poetisa Gabriela Mistral, quien disfrut\u00f3 al m\u00e1ximo los talleres y se sinti\u00f3 muy emocionada de presentar lo aprendido junto a sus compa\u00f1eras, su monitora, al p\u00fablico que lleg\u00f3 a la actividad. \u201cIncre\u00edble, es como un apoyo con mi profesora Yelena Ojeda, es como un maravilloso momento con todas mis compa\u00f1eras y todo eso. El programa me pareci\u00f3 s\u00faper incre\u00edble, con estas actividades perd\u00ed el miedo\u201d.<\/p>\n<p style=\"text-align: justify;\">Es importante se\u00f1alar que el programa \u201cescuelas saludables para el aprendizaje\u201d, tiene el prop\u00f3sito de que los estudiantes matriculados en establecimientos p\u00fablicos y subvencionados por el Estado accedan \u00a0a experiencias que les permitan adquirir h\u00e1bitos de vida activa y saludable, en las que conozcan, practiquen, disfruten y valoren las actividades de juego, movimiento, deporte, arte, alimentaci\u00f3n saludable, cuidado del medio ambiente, autocuidado y sana convivencia, asumiendo que aprender e internalizar estas pr\u00e1cticas se logran de mejor manera cuando las vivencias se inician a temprana edad, aprovechando la motivaci\u00f3n natural y espont\u00e1nea que tienen ni\u00f1os y ni\u00f1as por el juego y el movimiento, como parte de su desarrollo biopsicosocial progresivo.<\/p>\n<\/div><\/section><\/div><div  style='height:50px' class='hr hr-invisible   avia-builder-el-6  el_after_av_one_full  el_before_av_social_share '><span class='hr-inner ' ><span class='hr-inner-style'><\/span><\/span><\/div><\/p>\n<div  class='av-social-sharing-box  avia-builder-el-7  el_after_av_hr  el_before_av_hr  '><div class='av-share-box'><h5 class='av-share-link-description av-no-toc '>Compartir esta noticia<\/h5><ul class='av-share-box-list noLightbox'><li class='av-share-link av-social-link-facebook' ><a target=\"_blank\" aria-label=\"Compartir en Facebook\" href='https:\/\/www.facebook.com\/sharer.php?u=https:\/\/radiorevelacionfm.cl\/?p=61961&#038;t=Con%20presentaci%C3%B3n%20de%20lujo%20finaliza%20en%20Ays%C3%A9n%20programa%20%E2%80%9Cescuelas%20saludables%20para%20el%20aprendizaje%E2%80%9D%202025' aria-hidden='false' data-av_icon='\ue8f3' data-av_iconfont='entypo-fontello' title='' data-avia-related-tooltip='Compartir en Facebook' rel=\"noopener\"><span class='avia_hidden_link_text'>Compartir en Facebook<\/span><\/a><\/li><li class='av-share-link av-social-link-twitter' ><a target=\"_blank\" aria-label=\"Compartir en Twitter\" href='https:\/\/twitter.com\/share?text=Con%20presentaci%C3%B3n%20de%20lujo%20finaliza%20en%20Ays%C3%A9n%20programa%20%E2%80%9Cescuelas%20saludables%20para%20el%20aprendizaje%E2%80%9D%202025&#038;url=https:\/\/radiorevelacionfm.cl\/?p=61961' aria-hidden='false' data-av_icon='\ue8f1' data-av_iconfont='entypo-fontello' title='' data-avia-related-tooltip='Compartir en Twitter' rel=\"noopener\"><span class='avia_hidden_link_text'>Compartir en Twitter<\/span><\/a><\/li><li class='av-share-link av-social-link-whatsapp' ><a target=\"_blank\" aria-label=\"Compartir en Whatsapp\" href='https:\/\/api.whatsapp.com\/send?text=https:\/\/radiorevelacionfm.cl\/?p=61961' aria-hidden='false' data-av_icon='\uf232' data-av_iconfont='entypo-fontello' title='' data-avia-related-tooltip='Compartir en Whatsapp' rel=\"noopener\"><span class='avia_hidden_link_text'>Compartir en Whatsapp<\/span><\/a><\/li><li class='av-share-link av-social-link-linkedin' ><a target=\"_blank\" aria-label=\"Compartir en LinkedIn\" href='https:\/\/linkedin.com\/shareArticle?mini=true&#038;title=Con%20presentaci%C3%B3n%20de%20lujo%20finaliza%20en%20Ays%C3%A9n%20programa%20%E2%80%9Cescuelas%20saludables%20para%20el%20aprendizaje%E2%80%9D%202025&#038;url=https:\/\/radiorevelacionfm.cl\/?p=61961' aria-hidden='false' data-av_icon='\ue8fc' data-av_iconfont='entypo-fontello' title='' data-avia-related-tooltip='Compartir en LinkedIn' rel=\"noopener\"><span class='avia_hidden_link_text'>Compartir en LinkedIn<\/span><\/a><\/li><li class='av-share-link av-social-link-mail' ><a  aria-label=\"Compartir por correo\" href='mailto:?subject=Con%20presentaci%C3%B3n%20de%20lujo%20finaliza%20en%20Ays%C3%A9n%20programa%20%E2%80%9Cescuelas%20saludables%20para%20el%20aprendizaje%E2%80%9D%202025&#038;body=https:\/\/radiorevelacionfm.cl\/?p=61961' aria-hidden='false' data-av_icon='\ue805' data-av_iconfont='entypo-fontello' title='' data-avia-related-tooltip='Compartir por correo'><span class='avia_hidden_link_text'>Compartir por correo<\/span><\/a><\/li><\/ul><\/div><\/div>\n<div  style='height:50px' class='hr hr-invisible   avia-builder-el-8  el_after_av_social_share  el_before_av_comments_list '><span class='hr-inner ' ><span class='hr-inner-style'><\/span><\/span><\/div>\n<div  class='av-buildercomment  av-blog-meta-html-info-disabled av-blog-meta-tag-disabled  '><\/div>\n","protected":false},"excerpt":{"rendered":"","protected":false},"author":1,"featured_media":61962,"comment_status":"closed","ping_status":"closed","sticky":false,"template":"","format":"standard","meta":{"footnotes":""},"categories":[38],"tags":[],"class_list":["post-61961","post","type-post","status-publish","format-standard","has-post-thumbnail","hentry","category-regional"],"jetpack_featured_media_url":"https:\/\/radiorevelacionfm.cl\/wp-content\/uploads\/2025\/11\/1-escuelas-saludables-aysen-2025-1_optimized-1.jpg","_links":{"self":[{"href":"https:\/\/radiorevelacionfm.cl\/index.php?rest_route=\/wp\/v2\/posts\/61961","targetHints":{"allow":["GET"]}}],"collection":[{"href":"https:\/\/radiorevelacionfm.cl\/index.php?rest_route=\/wp\/v2\/posts"}],"about":[{"href":"https:\/\/radiorevelacionfm.cl\/index.php?rest_route=\/wp\/v2\/types\/post"}],"author":[{"embeddable":true,"href":"https:\/\/radiorevelacionfm.cl\/index.php?rest_route=\/wp\/v2\/users\/1"}],"replies":[{"embeddable":true,"href":"https:\/\/radiorevelacionfm.cl\/index.php?rest_route=%2Fwp%2Fv2%2Fcomments&post=61961"}],"version-history":[{"count":2,"href":"https:\/\/radiorevelacionfm.cl\/index.php?rest_route=\/wp\/v2\/posts\/61961\/revisions"}],"predecessor-version":[{"id":61965,"href":"https:\/\/radiorevelacionfm.cl\/index.php?rest_route=\/wp\/v2\/posts\/61961\/revisions\/61965"}],"wp:featuredmedia":[{"embeddable":true,"href":"https:\/\/radiorevelacionfm.cl\/index.php?rest_route=\/wp\/v2\/media\/61962"}],"wp:attachment":[{"href":"https:\/\/radiorevelacionfm.cl\/index.php?rest_route=%2Fwp%2Fv2%2Fmedia&parent=61961"}],"wp:term":[{"taxonomy":"category","embeddable":true,"href":"https:\/\/radiorevelacionfm.cl\/index.php?rest_route=%2Fwp%2Fv2%2Fcategories&post=61961"},{"taxonomy":"post_tag","embeddable":true,"href":"https:\/\/radiorevelacionfm.cl\/index.php?rest_route=%2Fwp%2Fv2%2Ftags&post=61961"}],"curies":[{"name":"wp","href":"https:\/\/api.w.org\/{rel}","templated":true}]}}