{"id":61954,"date":"2025-11-30T12:37:56","date_gmt":"2025-11-30T15:37:56","guid":{"rendered":"https:\/\/radiorevelacionfm.cl\/?p=61954"},"modified":"2025-11-30T12:37:56","modified_gmt":"2025-11-30T15:37:56","slug":"coyhaique-sera-sede-de-jornada-internacional-sobre-innovacion-turistica-intercultural","status":"publish","type":"post","link":"https:\/\/radiorevelacionfm.cl\/?p=61954","title":{"rendered":"Coyhaique ser\u00e1 sede de jornada internacional sobre innovaci\u00f3n tur\u00edstica intercultural"},"content":{"rendered":"<div class=\"flex_column av_one_full  flex_column_div av-zero-column-padding first  avia-builder-el-0  el_before_av_one_full  avia-builder-el-first  \" style='border-radius:0px; '><div  class='avia-image-container  av-styling-    avia-builder-el-1  avia-builder-el-no-sibling  avia-align-center '  itemprop=\"image\" itemscope=\"itemscope\" itemtype=\"https:\/\/schema.org\/ImageObject\"  ><div class='avia-image-container-inner'><div class='avia-image-overlay-wrap'><img decoding=\"async\" class='wp-image-61955 avia-img-lazy-loading-not-61955 avia_image' src=\"https:\/\/radiorevelacionfm.cl\/wp-content\/uploads\/2025\/11\/251128_encuentrointercultural-1_optimized-2.jpg\" alt='' title='251128_encuentrointercultural-(1)_optimized (2)' height=\"600\" width=\"1067\"  itemprop=\"thumbnailUrl\" srcset=\"https:\/\/radiorevelacionfm.cl\/wp-content\/uploads\/2025\/11\/251128_encuentrointercultural-1_optimized-2.jpg 1067w, https:\/\/radiorevelacionfm.cl\/wp-content\/uploads\/2025\/11\/251128_encuentrointercultural-1_optimized-2-300x169.jpg 300w, https:\/\/radiorevelacionfm.cl\/wp-content\/uploads\/2025\/11\/251128_encuentrointercultural-1_optimized-2-1030x579.jpg 1030w, https:\/\/radiorevelacionfm.cl\/wp-content\/uploads\/2025\/11\/251128_encuentrointercultural-1_optimized-2-768x432.jpg 768w, https:\/\/radiorevelacionfm.cl\/wp-content\/uploads\/2025\/11\/251128_encuentrointercultural-1_optimized-2-705x396.jpg 705w, https:\/\/radiorevelacionfm.cl\/wp-content\/uploads\/2025\/11\/251128_encuentrointercultural-1_optimized-2-450x253.jpg 450w, https:\/\/radiorevelacionfm.cl\/wp-content\/uploads\/2025\/11\/251128_encuentrointercultural-1_optimized-2-600x337.jpg 600w\" sizes=\"(max-width: 1067px) 100vw, 1067px\" \/><\/div><\/div><\/div><\/div><div class=\"flex_column av_one_full  flex_column_div av-zero-column-padding first  avia-builder-el-2  el_after_av_one_full  el_before_av_one_full  column-top-margin\" style='border-radius:0px; '><section class=\"av_textblock_section \"  itemscope=\"itemscope\" itemtype=\"https:\/\/schema.org\/BlogPosting\" itemprop=\"blogPost\" ><div class='avia_textblock  '   itemprop=\"text\" ><p style=\"text-align: center;\"><span style=\"font-size: 18pt;\"><b>Coyhaique ser\u00e1 sede de jornada internacional sobre innovaci\u00f3n tur\u00edstica intercultural<\/b><\/span><\/p>\n<div id=\"gtx-trans\" style=\"position: absolute; left: -50px; top: 4.31534px;\">\n<div class=\"gtx-trans-icon\"><\/div>\n<\/div>\n<\/div><\/section><\/div><div class=\"flex_column av_one_full  flex_column_div av-zero-column-padding first  avia-builder-el-4  el_after_av_one_full  el_before_av_hr  column-top-margin\" style='border-radius:0px; '><section class=\"av_textblock_section \"  itemscope=\"itemscope\" itemtype=\"https:\/\/schema.org\/BlogPosting\" itemprop=\"blogPost\" ><div class='avia_textblock  '   itemprop=\"text\" ><p style=\"font-weight: 400; text-align: justify;\"><em>El encuentro reunir\u00e1 a expertos de Brasil, Latinoam\u00e9rica y Chile para impulsar el turismo con identidad, innovaci\u00f3n y sostenibilidad en la Patagonia.<\/em><\/p>\n<p style=\"font-weight: 400; text-align: justify;\">Una actividad in\u00e9dita en la zona sur austral se desarrollar\u00e1 los d\u00edas 4 y 5 de diciembre en Coyhaique, en el Campus Patagonia de la Universidad Austral de Chile (UACh) y el Museo Regional de Ays\u00e9n.<\/p>\n<p style=\"font-weight: 400; text-align: justify;\">El evento se enmarca en el proyecto \u201cTurismo Intercultural: Desarrollo e Innovaci\u00f3n de Experiencias de Base Comunitaria, Rurales y de Pueblos Originarios\u201d, postulado a la convocatoria Viraliza Eventos de Corfo Ays\u00e9n 2025. Con el apoyo de Corfo Ays\u00e9n, a trav\u00e9s del programa Viraliza, la UACh organiza el Primer Encuentro Internacional de Turismo Intercultural, que reunir\u00e1 a emprendedores, comunidades y expertos de Latinoam\u00e9rica para fortalecer el turismo con identidad.<\/p>\n<p style=\"font-weight: 400; text-align: justify;\">Humberto Mar\u00edn Leiva, director de Corfo Ays\u00e9n, subray\u00f3 la relevancia estrat\u00e9gica del encuentro para el desarrollo econ\u00f3mico local. \u201cEste tipo de iniciativas no solo promueven la innovaci\u00f3n en el turismo, sino que tambi\u00e9n fortalecen la articulaci\u00f3n entre emprendedores, comunidades y actores del ecosistema regional. Nuestro objetivo es que la regi\u00f3n avance hacia modelos productivos m\u00e1s sostenibles, donde la identidad cultural y la asociatividad se conviertan en motores de competitividad. Apostamos por generar capacidades que permitan a los territorios diferenciarse y posicionarse en mercados que valoran experiencias aut\u00e9nticas y responsables\u201d.<\/p>\n<p style=\"font-weight: 400; text-align: justify;\">El programa contempla dos jornadas principales: el jueves 4 de diciembre se desarrollar\u00e1 un curso certificado en Turismo Intercultural, con \u00e9nfasis en turismo de base comunitaria, adem\u00e1s de una feria y rueda de negocios en el Campus Patagonia UACh. En tanto, el viernes 5 de diciembre se llevar\u00e1 a cabo un seminario internacional en el Museo Regional de Ays\u00e9n, que contar\u00e1 con expositores de Brasil, Latinoam\u00e9rica y destacados referentes nacionales del turismo mapuche y de pueblos originarios.<\/p>\n<p style=\"font-weight: 400; text-align: justify;\"><strong>EXPOSITORES DESTACADOS<\/strong><\/p>\n<p style=\"font-weight: 400; text-align: justify;\">El seminario contar\u00e1 con tres expertos brasile\u00f1os: Jackson Baumann, Carlos Sampaio y Christian Henr\u00edquez, quienes abordar\u00e1n experiencias como Acolhida da Col\u00f4nia y redes amaz\u00f3nicas de turismo comunitario. Tambi\u00e9n participar\u00e1n referentes nacionales como Mar\u00eda Elisa Pichumilla (Panguipulli), Mauricio Pangui (San Jos\u00e9 de La Mariquina) y Luis Mar\u00eda Oyarzo (Pu\u00f1ihuil, Chilo\u00e9).<\/p>\n<p style=\"font-weight: 400; text-align: justify;\">El profesor Carlos A. C. Sampaio destac\u00f3 que el encuentro ser\u00e1 una oportunidad para \u201cenriquecer miradas, compartir saberes tradicionales, comparar desaf\u00edos territoriales y fortalecer redes para enfrentar temas comunes como conservaci\u00f3n, desarrollo local, migraciones, identidad cultural y transici\u00f3n hacia modelos tur\u00edsticos m\u00e1s justos y sustentables\u201d. En esa l\u00ednea, adelant\u00f3 que su exposici\u00f3n abordar\u00e1 el Turismo de Base Comunitaria como estrategia para impulsar procesos de desarrollo local desde una perspectiva intercultural, se\u00f1alando: \u201cCompartir\u00e9 dos experiencias emblem\u00e1ticas de la Amazon\u00eda brasile\u00f1a: Movimiento de Mujeres de las Islas de Bel\u00e9m y Cadena Socioproductiva del Vacao\u201d.<\/p>\n<p style=\"font-weight: 400; text-align: justify;\">Desde la regi\u00f3n de Los R\u00edos participar\u00e1 Mauricio Pangui Silva, representante de la cooperativa Mely Lawen, quien presentar\u00e1 el trabajo que realizan en su comunidad en la comuna de San Jos\u00e9 de La Mariquina y el modelo tur\u00edstico intercultural que han desarrollado. Sobre la relevancia del encuentro, se\u00f1al\u00f3 que \u201ces una oportunidad muy valiosa, entendiendo que los modelos de interculturalidad se nutren de la cooperaci\u00f3n y del reconocimiento de la interdependencia. Estos espacios no solo entregan herramientas, sino tambi\u00e9n conciencia y empoderamiento, elementos fundamentales para los emprendimientos interculturales y para la gesti\u00f3n del desarrollo\u201d. Adem\u00e1s, enfatiz\u00f3 que estas instancias permiten \u201ccomprender qui\u00e9nes somos como proyectos interculturales y hacia d\u00f3nde queremos avanzar, facilitando as\u00ed una gesti\u00f3n m\u00e1s clara, coherente y orientada del turismo y de la vida comunitaria\u201d.<\/p>\n<p style=\"font-weight: 400; text-align: justify;\"><strong>ORGANIZADORES<\/strong><\/p>\n<p style=\"font-weight: 400; text-align: justify;\">La iniciativa es desarrollada por el Laboratorio de Innovaci\u00f3n e Inteligencia Tur\u00edstica de la Patagonia, dependiente del Campus Patagonia UACh y su Instituto de Turismo, con apoyo de la direcci\u00f3n regional de Sernatur Ays\u00e9n. El encuentro busca visibilizar pr\u00e1cticas emergentes del turismo ind\u00edgena, rural y comunitario, integrando la mirada de las comunidades locales, la academia y el sector p\u00fablico en torno a un modelo de desarrollo sustentable y con identidad territorial.<\/p>\n<p style=\"font-weight: 400; text-align: justify;\">\u201cInvitamos a la comunidad regional a participar en este importante evento internacional, donde conoceremos diversas experiencias y reflexionaremos sobre el desarrollo territorial y la puesta en valor del patrimonio cultural y natural, de manera pertinente con las identidades y formas de vida de las comunidades locales\u201d, coment\u00f3 el Dr. Guillermo Pacheco, director del Laboratorio de Innovaci\u00f3n e Inteligencia Tur\u00edstica UACh y del proyecto Viraliza.<\/p>\n<p style=\"font-weight: 400; text-align: justify;\">Este proyecto marca un paso decisivo hacia un modelo de turismo inclusivo y sostenible, donde la innovaci\u00f3n nace de la identidad. Con esta iniciativa, Corfo Ays\u00e9n y la UACh refuerzan su compromiso con el desarrollo regional y la puesta en valor del patrimonio cultural y natural de la Patagonia.<\/p>\n<\/div><\/section><\/div><div  style='height:50px' class='hr hr-invisible   avia-builder-el-6  el_after_av_one_full  el_before_av_social_share '><span class='hr-inner ' ><span class='hr-inner-style'><\/span><\/span><\/div><\/p>\n<div  class='av-social-sharing-box  avia-builder-el-7  el_after_av_hr  el_before_av_hr  '><div class='av-share-box'><h5 class='av-share-link-description av-no-toc '>Compartir esta noticia<\/h5><ul class='av-share-box-list noLightbox'><li class='av-share-link av-social-link-facebook' ><a target=\"_blank\" aria-label=\"Compartir en Facebook\" href='https:\/\/www.facebook.com\/sharer.php?u=https:\/\/radiorevelacionfm.cl\/?p=61954&#038;t=Coyhaique%20ser%C3%A1%20sede%20de%20jornada%20internacional%20sobre%20innovaci%C3%B3n%20tur%C3%ADstica%20intercultural' aria-hidden='false' data-av_icon='\ue8f3' data-av_iconfont='entypo-fontello' title='' data-avia-related-tooltip='Compartir en Facebook' rel=\"noopener\"><span class='avia_hidden_link_text'>Compartir en Facebook<\/span><\/a><\/li><li class='av-share-link av-social-link-twitter' ><a target=\"_blank\" aria-label=\"Compartir en Twitter\" href='https:\/\/twitter.com\/share?text=Coyhaique%20ser%C3%A1%20sede%20de%20jornada%20internacional%20sobre%20innovaci%C3%B3n%20tur%C3%ADstica%20intercultural&#038;url=https:\/\/radiorevelacionfm.cl\/?p=61954' aria-hidden='false' data-av_icon='\ue8f1' data-av_iconfont='entypo-fontello' title='' data-avia-related-tooltip='Compartir en Twitter' rel=\"noopener\"><span class='avia_hidden_link_text'>Compartir en Twitter<\/span><\/a><\/li><li class='av-share-link av-social-link-whatsapp' ><a target=\"_blank\" aria-label=\"Compartir en Whatsapp\" href='https:\/\/api.whatsapp.com\/send?text=https:\/\/radiorevelacionfm.cl\/?p=61954' aria-hidden='false' data-av_icon='\uf232' data-av_iconfont='entypo-fontello' title='' data-avia-related-tooltip='Compartir en Whatsapp' rel=\"noopener\"><span class='avia_hidden_link_text'>Compartir en Whatsapp<\/span><\/a><\/li><li class='av-share-link av-social-link-linkedin' ><a target=\"_blank\" aria-label=\"Compartir en LinkedIn\" href='https:\/\/linkedin.com\/shareArticle?mini=true&#038;title=Coyhaique%20ser%C3%A1%20sede%20de%20jornada%20internacional%20sobre%20innovaci%C3%B3n%20tur%C3%ADstica%20intercultural&#038;url=https:\/\/radiorevelacionfm.cl\/?p=61954' aria-hidden='false' data-av_icon='\ue8fc' data-av_iconfont='entypo-fontello' title='' data-avia-related-tooltip='Compartir en LinkedIn' rel=\"noopener\"><span class='avia_hidden_link_text'>Compartir en LinkedIn<\/span><\/a><\/li><li class='av-share-link av-social-link-mail' ><a  aria-label=\"Compartir por correo\" href='mailto:?subject=Coyhaique%20ser%C3%A1%20sede%20de%20jornada%20internacional%20sobre%20innovaci%C3%B3n%20tur%C3%ADstica%20intercultural&#038;body=https:\/\/radiorevelacionfm.cl\/?p=61954' aria-hidden='false' data-av_icon='\ue805' data-av_iconfont='entypo-fontello' title='' data-avia-related-tooltip='Compartir por correo'><span class='avia_hidden_link_text'>Compartir por correo<\/span><\/a><\/li><\/ul><\/div><\/div>\n<div  style='height:50px' class='hr hr-invisible   avia-builder-el-8  el_after_av_social_share  el_before_av_comments_list '><span class='hr-inner ' ><span class='hr-inner-style'><\/span><\/span><\/div>\n<div  class='av-buildercomment  av-blog-meta-html-info-disabled av-blog-meta-tag-disabled  '><\/div>\n","protected":false},"excerpt":{"rendered":"","protected":false},"author":1,"featured_media":61955,"comment_status":"closed","ping_status":"closed","sticky":false,"template":"","format":"standard","meta":{"footnotes":""},"categories":[38],"tags":[],"class_list":["post-61954","post","type-post","status-publish","format-standard","has-post-thumbnail","hentry","category-regional"],"jetpack_featured_media_url":"https:\/\/radiorevelacionfm.cl\/wp-content\/uploads\/2025\/11\/251128_encuentrointercultural-1_optimized-2.jpg","_links":{"self":[{"href":"https:\/\/radiorevelacionfm.cl\/index.php?rest_route=\/wp\/v2\/posts\/61954","targetHints":{"allow":["GET"]}}],"collection":[{"href":"https:\/\/radiorevelacionfm.cl\/index.php?rest_route=\/wp\/v2\/posts"}],"about":[{"href":"https:\/\/radiorevelacionfm.cl\/index.php?rest_route=\/wp\/v2\/types\/post"}],"author":[{"embeddable":true,"href":"https:\/\/radiorevelacionfm.cl\/index.php?rest_route=\/wp\/v2\/users\/1"}],"replies":[{"embeddable":true,"href":"https:\/\/radiorevelacionfm.cl\/index.php?rest_route=%2Fwp%2Fv2%2Fcomments&post=61954"}],"version-history":[{"count":2,"href":"https:\/\/radiorevelacionfm.cl\/index.php?rest_route=\/wp\/v2\/posts\/61954\/revisions"}],"predecessor-version":[{"id":61958,"href":"https:\/\/radiorevelacionfm.cl\/index.php?rest_route=\/wp\/v2\/posts\/61954\/revisions\/61958"}],"wp:featuredmedia":[{"embeddable":true,"href":"https:\/\/radiorevelacionfm.cl\/index.php?rest_route=\/wp\/v2\/media\/61955"}],"wp:attachment":[{"href":"https:\/\/radiorevelacionfm.cl\/index.php?rest_route=%2Fwp%2Fv2%2Fmedia&parent=61954"}],"wp:term":[{"taxonomy":"category","embeddable":true,"href":"https:\/\/radiorevelacionfm.cl\/index.php?rest_route=%2Fwp%2Fv2%2Fcategories&post=61954"},{"taxonomy":"post_tag","embeddable":true,"href":"https:\/\/radiorevelacionfm.cl\/index.php?rest_route=%2Fwp%2Fv2%2Ftags&post=61954"}],"curies":[{"name":"wp","href":"https:\/\/api.w.org\/{rel}","templated":true}]}}