{"id":61951,"date":"2025-12-01T11:01:50","date_gmt":"2025-12-01T14:01:50","guid":{"rendered":"https:\/\/radiorevelacionfm.cl\/?p=61951"},"modified":"2025-12-01T11:01:50","modified_gmt":"2025-12-01T14:01:50","slug":"buenas-cifras-de-empleo-arrojo-ultima-encuesta-del-ine-en-la-region-de-aysen","status":"publish","type":"post","link":"https:\/\/radiorevelacionfm.cl\/?p=61951","title":{"rendered":"Buenas cifras de empleo arroj\u00f3 \u00faltima encuesta del INE en la regi\u00f3n de Ays\u00e9n"},"content":{"rendered":"<div class=\"flex_column av_one_full  flex_column_div av-zero-column-padding first  avia-builder-el-0  el_before_av_one_full  avia-builder-el-first  \" style='border-radius:0px; '><div  class='avia-image-container  av-styling-    avia-builder-el-1  avia-builder-el-no-sibling  avia-align-center '  itemprop=\"image\" itemscope=\"itemscope\" itemtype=\"https:\/\/schema.org\/ImageObject\"  ><div class='avia-image-container-inner'><div class='avia-image-overlay-wrap'><img decoding=\"async\" class='wp-image-61952 avia-img-lazy-loading-not-61952 avia_image' src=\"https:\/\/radiorevelacionfm.cl\/wp-content\/uploads\/2025\/11\/Visita-Friosur-nov-2025-2-1-1.jpeg\" alt='' title='Visita Friosur nov 2025 (2) (1) (1)' height=\"600\" width=\"800\"  itemprop=\"thumbnailUrl\" srcset=\"https:\/\/radiorevelacionfm.cl\/wp-content\/uploads\/2025\/11\/Visita-Friosur-nov-2025-2-1-1.jpeg 800w, https:\/\/radiorevelacionfm.cl\/wp-content\/uploads\/2025\/11\/Visita-Friosur-nov-2025-2-1-1-300x225.jpeg 300w, https:\/\/radiorevelacionfm.cl\/wp-content\/uploads\/2025\/11\/Visita-Friosur-nov-2025-2-1-1-768x576.jpeg 768w, https:\/\/radiorevelacionfm.cl\/wp-content\/uploads\/2025\/11\/Visita-Friosur-nov-2025-2-1-1-705x529.jpeg 705w, https:\/\/radiorevelacionfm.cl\/wp-content\/uploads\/2025\/11\/Visita-Friosur-nov-2025-2-1-1-450x338.jpeg 450w, https:\/\/radiorevelacionfm.cl\/wp-content\/uploads\/2025\/11\/Visita-Friosur-nov-2025-2-1-1-600x450.jpeg 600w\" sizes=\"(max-width: 800px) 100vw, 800px\" \/><\/div><\/div><\/div><\/div><div class=\"flex_column av_one_full  flex_column_div av-zero-column-padding first  avia-builder-el-2  el_after_av_one_full  el_before_av_one_full  column-top-margin\" style='border-radius:0px; '><section class=\"av_textblock_section \"  itemscope=\"itemscope\" itemtype=\"https:\/\/schema.org\/BlogPosting\" itemprop=\"blogPost\" ><div class='avia_textblock  '   itemprop=\"text\" ><p style=\"text-align: center;\"><strong><span style=\"font-size: 18pt;\">Buenas cifras de empleo arroj\u00f3 \u00faltima encuesta del INE en la regi\u00f3n de Ays\u00e9n<\/span><\/strong><\/p>\n<div id=\"gtx-trans\" style=\"position: absolute; left: -50px; top: 4.31534px;\">\n<div class=\"gtx-trans-icon\"><\/div>\n<\/div>\n<\/div><\/section><\/div><div class=\"flex_column av_one_full  flex_column_div av-zero-column-padding first  avia-builder-el-4  el_after_av_one_full  el_before_av_hr  column-top-margin\" style='border-radius:0px; '><section class=\"av_textblock_section \"  itemscope=\"itemscope\" itemtype=\"https:\/\/schema.org\/BlogPosting\" itemprop=\"blogPost\" ><div class='avia_textblock  '   itemprop=\"text\" ><ul>\n<li style=\"text-align: justify;\"><em>La encuesta ENE entregada este viernes 28 noviembre por parte del Instituto Nacional de Estad\u00edsticas, INE; mostr\u00f3 que la regi\u00f3n e Ays\u00e9n tiene un 3,9%.<\/em><\/li>\n<\/ul>\n<p style=\"text-align: justify;\">Este viernes 28 de noviembre 2028 el Instituto Nacional de Estad\u00edsticas de Chile (INE) entreg\u00f3 las cifras de la Encuesta Nacional de Empleo (ENE), correspondientes al trimestre agosto \u2013 octubre de 2025, situando a la Regi\u00f3n de Ays\u00e9n en 3,9% de tasa de desocupaci\u00f3n.<\/p>\n<p style=\"text-align: justify;\">El Seremi(s) del trabajo y Previsi\u00f3n Social, Rodrigo D\u00edaz Cordaro, coment\u00f3 sobre esta cifra regional positiva, \u201cEl INE hoy d\u00eda nos entreg\u00f3 muy buenas cifras de empleo ac\u00e1 en la regi\u00f3n de Ays\u00e9n. Tenemos un 3,9% de desocupaci\u00f3n en el trimestre m\u00f3vil agosto octubre 2025, disminuyendo 0,7 puntos porcentuales en los 12 meses. Adem\u00e1s, la tasa de ocupaci\u00f3n informal se sit\u00faa en 29,4% disminuyendo 0,9 puntos respecto del mismo trimestre del a\u00f1o anterior. Adem\u00e1s, las personas ocupadas informales disminuyeron 3,4% en los 12 meses, incidido por las mujeres que disminuyeron un 5,1% y seguido por los hombres que disminuyeron un 2,2%. La poblaci\u00f3n ocupada formal aument\u00f3 un 0,9% en los 12 meses incidida por las mujeres que aumentaron un 3,9, mientras que se registr\u00f3 disminuci\u00f3n en los hombres en cuanto a un menos 1,7%. Debo destacar que nosotros hace poco, con el Servicio Nacional de Capacitaci\u00f3n de Empleo, Sence, tuvimos 2 ferias laborales importantes, una en Puerto Ays\u00e9n, vinculada al mar, a la pesca, a la acuicultura, donde tuvimos una demanda importante de empleo, la verdad que es muy potente, sector privado. Y hace pocos d\u00edas, en Chile Chico tuvimos la feria laboral vinculada principalmente al sector minero, donde tambi\u00e9n vemos que hay una demanda importante. En Chile Chico, ya pr\u00e1cticamente est\u00e1n todos recuperados los puestos de trabajo que se destruyeron cuando la minera anterior cerr\u00f3, entonces eso tambi\u00e9n es una gran noticia. Esperamos que ahora, esta primavera- verano, con el turismo, con el sector p\u00fablico y con el impulso tambi\u00e9n del sector privado, podamos tener todav\u00eda mejores n\u00fameros de empleo\u201d.<\/p>\n<p style=\"text-align: justify;\">Por su parte, el Seremi de Econom\u00eda, Felipe Rojas Pizarro, analiz\u00f3 los \u00e1mbitos en que aument\u00f3 el empleo, \u201cJunto a la disminuci\u00f3n de la tasa de desocupaci\u00f3n, destac\u00f3 un aumento en la poblaci\u00f3n ocupada mujeres, pese a la disminuci\u00f3n en general de los ocupados. \u00bfQu\u00e9 sectores destacan en crecimiento? Destaca en crecimiento las actividades dedicadas a la salud, no obstante, hay una disminuci\u00f3n en el sector de ense\u00f1anza y de administraci\u00f3n p\u00fablica. Adem\u00e1s, como muy buena noticia para la regi\u00f3n es que hubo una disminuci\u00f3n de la tasa de ocupaci\u00f3n informal, como consecuencia de un aumento de la ocupaci\u00f3n formal en la regi\u00f3n de Ays\u00e9n y una disminuci\u00f3n de la ocupaci\u00f3n informal en la regi\u00f3n. \u00bfEsto consecuencia de qu\u00e9 actividades? de alguna manera del trabajo privado pero tambi\u00e9n del trabajo p\u00fablico en sectores tan relevantes como la construcci\u00f3n, pero evidentemente esperamos una muy buena actividad durante los pr\u00f3ximos meses como consecuencia del incremento en el turismo, entre otros sectores econ\u00f3micos\u201d.<\/p>\n<p style=\"text-align: justify;\">Durante los pr\u00f3ximos d\u00edas, a trav\u00e9s del Term\u00f3metro Laboral impulsado por el Observatorio Laboral de Ays\u00e9n, se entregar\u00e1n mayores detalles laborales de esta cifra y sus implicancias.<\/p>\n<\/div><\/section><\/div><div  style='height:50px' class='hr hr-invisible   avia-builder-el-6  el_after_av_one_full  el_before_av_social_share '><span class='hr-inner ' ><span class='hr-inner-style'><\/span><\/span><\/div><\/p>\n<div  class='av-social-sharing-box  avia-builder-el-7  el_after_av_hr  el_before_av_hr  '><div class='av-share-box'><h5 class='av-share-link-description av-no-toc '>Compartir esta noticia<\/h5><ul class='av-share-box-list noLightbox'><li class='av-share-link av-social-link-facebook' ><a target=\"_blank\" aria-label=\"Compartir en Facebook\" href='https:\/\/www.facebook.com\/sharer.php?u=https:\/\/radiorevelacionfm.cl\/?p=61951&#038;t=Buenas%20cifras%20de%20empleo%20arroj%C3%B3%20%C3%BAltima%20encuesta%20del%20INE%20en%20la%20regi%C3%B3n%20de%20Ays%C3%A9n' aria-hidden='false' data-av_icon='\ue8f3' data-av_iconfont='entypo-fontello' title='' data-avia-related-tooltip='Compartir en Facebook' rel=\"noopener\"><span class='avia_hidden_link_text'>Compartir en Facebook<\/span><\/a><\/li><li class='av-share-link av-social-link-twitter' ><a target=\"_blank\" aria-label=\"Compartir en Twitter\" href='https:\/\/twitter.com\/share?text=Buenas%20cifras%20de%20empleo%20arroj%C3%B3%20%C3%BAltima%20encuesta%20del%20INE%20en%20la%20regi%C3%B3n%20de%20Ays%C3%A9n&#038;url=https:\/\/radiorevelacionfm.cl\/?p=61951' aria-hidden='false' data-av_icon='\ue8f1' data-av_iconfont='entypo-fontello' title='' data-avia-related-tooltip='Compartir en Twitter' rel=\"noopener\"><span class='avia_hidden_link_text'>Compartir en Twitter<\/span><\/a><\/li><li class='av-share-link av-social-link-whatsapp' ><a target=\"_blank\" aria-label=\"Compartir en Whatsapp\" href='https:\/\/api.whatsapp.com\/send?text=https:\/\/radiorevelacionfm.cl\/?p=61951' aria-hidden='false' data-av_icon='\uf232' data-av_iconfont='entypo-fontello' title='' data-avia-related-tooltip='Compartir en Whatsapp' rel=\"noopener\"><span class='avia_hidden_link_text'>Compartir en Whatsapp<\/span><\/a><\/li><li class='av-share-link av-social-link-linkedin' ><a target=\"_blank\" aria-label=\"Compartir en LinkedIn\" href='https:\/\/linkedin.com\/shareArticle?mini=true&#038;title=Buenas%20cifras%20de%20empleo%20arroj%C3%B3%20%C3%BAltima%20encuesta%20del%20INE%20en%20la%20regi%C3%B3n%20de%20Ays%C3%A9n&#038;url=https:\/\/radiorevelacionfm.cl\/?p=61951' aria-hidden='false' data-av_icon='\ue8fc' data-av_iconfont='entypo-fontello' title='' data-avia-related-tooltip='Compartir en LinkedIn' rel=\"noopener\"><span class='avia_hidden_link_text'>Compartir en LinkedIn<\/span><\/a><\/li><li class='av-share-link av-social-link-mail' ><a  aria-label=\"Compartir por correo\" href='mailto:?subject=Buenas%20cifras%20de%20empleo%20arroj%C3%B3%20%C3%BAltima%20encuesta%20del%20INE%20en%20la%20regi%C3%B3n%20de%20Ays%C3%A9n&#038;body=https:\/\/radiorevelacionfm.cl\/?p=61951' aria-hidden='false' data-av_icon='\ue805' data-av_iconfont='entypo-fontello' title='' data-avia-related-tooltip='Compartir por correo'><span class='avia_hidden_link_text'>Compartir por correo<\/span><\/a><\/li><\/ul><\/div><\/div>\n<div  style='height:50px' class='hr hr-invisible   avia-builder-el-8  el_after_av_social_share  el_before_av_comments_list '><span class='hr-inner ' ><span class='hr-inner-style'><\/span><\/span><\/div>\n<div  class='av-buildercomment  av-blog-meta-html-info-disabled av-blog-meta-tag-disabled  '><\/div>\n","protected":false},"excerpt":{"rendered":"","protected":false},"author":1,"featured_media":61952,"comment_status":"closed","ping_status":"closed","sticky":false,"template":"","format":"standard","meta":{"footnotes":""},"categories":[56],"tags":[],"class_list":["post-61951","post","type-post","status-publish","format-standard","has-post-thumbnail","hentry","category-trabajo"],"jetpack_featured_media_url":"https:\/\/radiorevelacionfm.cl\/wp-content\/uploads\/2025\/11\/Visita-Friosur-nov-2025-2-1-1.jpeg","_links":{"self":[{"href":"https:\/\/radiorevelacionfm.cl\/index.php?rest_route=\/wp\/v2\/posts\/61951","targetHints":{"allow":["GET"]}}],"collection":[{"href":"https:\/\/radiorevelacionfm.cl\/index.php?rest_route=\/wp\/v2\/posts"}],"about":[{"href":"https:\/\/radiorevelacionfm.cl\/index.php?rest_route=\/wp\/v2\/types\/post"}],"author":[{"embeddable":true,"href":"https:\/\/radiorevelacionfm.cl\/index.php?rest_route=\/wp\/v2\/users\/1"}],"replies":[{"embeddable":true,"href":"https:\/\/radiorevelacionfm.cl\/index.php?rest_route=%2Fwp%2Fv2%2Fcomments&post=61951"}],"version-history":[{"count":2,"href":"https:\/\/radiorevelacionfm.cl\/index.php?rest_route=\/wp\/v2\/posts\/61951\/revisions"}],"predecessor-version":[{"id":61977,"href":"https:\/\/radiorevelacionfm.cl\/index.php?rest_route=\/wp\/v2\/posts\/61951\/revisions\/61977"}],"wp:featuredmedia":[{"embeddable":true,"href":"https:\/\/radiorevelacionfm.cl\/index.php?rest_route=\/wp\/v2\/media\/61952"}],"wp:attachment":[{"href":"https:\/\/radiorevelacionfm.cl\/index.php?rest_route=%2Fwp%2Fv2%2Fmedia&parent=61951"}],"wp:term":[{"taxonomy":"category","embeddable":true,"href":"https:\/\/radiorevelacionfm.cl\/index.php?rest_route=%2Fwp%2Fv2%2Fcategories&post=61951"},{"taxonomy":"post_tag","embeddable":true,"href":"https:\/\/radiorevelacionfm.cl\/index.php?rest_route=%2Fwp%2Fv2%2Ftags&post=61951"}],"curies":[{"name":"wp","href":"https:\/\/api.w.org\/{rel}","templated":true}]}}