{"id":61947,"date":"2025-11-28T20:17:02","date_gmt":"2025-11-28T23:17:02","guid":{"rendered":"https:\/\/radiorevelacionfm.cl\/?p=61947"},"modified":"2025-11-28T20:17:02","modified_gmt":"2025-11-28T23:17:02","slug":"fiscal-regional-visito-cochrane-donde-se-reunio-con-la-fiscalia-local-juzgado-carabineros-y-delegacion-presidencial","status":"publish","type":"post","link":"https:\/\/radiorevelacionfm.cl\/?p=61947","title":{"rendered":"Fiscal Regional visit\u00f3 Cochrane donde se reuni\u00f3 con la Fiscal\u00eda Local, Juzgado, Carabineros y Delegaci\u00f3n Presidencial"},"content":{"rendered":"<div class=\"flex_column av_one_full  flex_column_div av-zero-column-padding first  avia-builder-el-0  el_before_av_one_full  avia-builder-el-first  \" style='border-radius:0px; '><div  class='avia-image-container  av-styling-    avia-builder-el-1  avia-builder-el-no-sibling  avia-align-center '  itemprop=\"image\" itemscope=\"itemscope\" itemtype=\"https:\/\/schema.org\/ImageObject\"  ><div class='avia-image-container-inner'><div class='avia-image-overlay-wrap'><img decoding=\"async\" class='wp-image-61948 avia-img-lazy-loading-not-61948 avia_image' src=\"https:\/\/radiorevelacionfm.cl\/wp-content\/uploads\/2025\/11\/juzgado4-1_optimized-1.jpg\" alt='' title='juzgado4-(1)_optimized (1)' height=\"600\" width=\"900\"  itemprop=\"thumbnailUrl\" srcset=\"https:\/\/radiorevelacionfm.cl\/wp-content\/uploads\/2025\/11\/juzgado4-1_optimized-1.jpg 900w, https:\/\/radiorevelacionfm.cl\/wp-content\/uploads\/2025\/11\/juzgado4-1_optimized-1-300x200.jpg 300w, https:\/\/radiorevelacionfm.cl\/wp-content\/uploads\/2025\/11\/juzgado4-1_optimized-1-768x512.jpg 768w, https:\/\/radiorevelacionfm.cl\/wp-content\/uploads\/2025\/11\/juzgado4-1_optimized-1-705x470.jpg 705w, https:\/\/radiorevelacionfm.cl\/wp-content\/uploads\/2025\/11\/juzgado4-1_optimized-1-450x300.jpg 450w, https:\/\/radiorevelacionfm.cl\/wp-content\/uploads\/2025\/11\/juzgado4-1_optimized-1-600x400.jpg 600w\" sizes=\"(max-width: 900px) 100vw, 900px\" \/><\/div><\/div><\/div><\/div><div class=\"flex_column av_one_full  flex_column_div av-zero-column-padding first  avia-builder-el-2  el_after_av_one_full  el_before_av_one_full  column-top-margin\" style='border-radius:0px; '><section class=\"av_textblock_section \"  itemscope=\"itemscope\" itemtype=\"https:\/\/schema.org\/BlogPosting\" itemprop=\"blogPost\" ><div class='avia_textblock  '   itemprop=\"text\" ><p style=\"text-align: center;\"><span style=\"font-size: 18pt;\"><b>Fiscal Regional visit\u00f3 Cochrane donde se reuni\u00f3 con la Fiscal\u00eda Local, Juzgado, Carabineros y Delegaci\u00f3n Presidencial<\/b><\/span><\/p>\n<div id=\"gtx-trans\" style=\"position: absolute; left: -50px; top: 4.31534px;\">\n<div class=\"gtx-trans-icon\"><\/div>\n<\/div>\n<\/div><\/section><\/div><\/p>\n<div class=\"flex_column av_one_full  flex_column_div av-zero-column-padding first  avia-builder-el-4  el_after_av_one_full  el_before_av_hr  column-top-margin\" style='border-radius:0px; '><section class=\"av_textblock_section \"  itemscope=\"itemscope\" itemtype=\"https:\/\/schema.org\/BlogPosting\" itemprop=\"blogPost\" ><div class='avia_textblock  '   itemprop=\"text\" ><p style=\"font-weight: 400; text-align: justify;\">El Fiscal Regional de Ays\u00e9n, Hern\u00e1n Libedinsky, junto al Director Ejecutivo Regional del Ministerio P\u00fablico, Ismael Castillo, realizaron una visita oficial a Cochrane, ubicada a siete horas al sur de Coyhaique por la Carretera Austral, donde se reuni\u00f3 con el equipo de la Fiscal\u00eda Local, Juzgado de Garant\u00eda, Carabineros de la Cuarta Comisar\u00eda y la Delegaci\u00f3n Presidencial.<\/p>\n<p style=\"font-weight: 400; text-align: justify;\">El objetivo de la gira fue conocer las necesidades operativas del Ministerio P\u00fablico y Carabineros, sumado a revisar los desaf\u00edos que implica trabajar en una de las zonas m\u00e1s extensas y aisladas de la Regi\u00f3n de Ays\u00e9n.<\/p>\n<p style=\"font-weight: 400; text-align: justify;\">En esta ocasi\u00f3n, las autoridades del Ministerio P\u00fablico sostuvieron un encuentro con la Fiscal Adjunta Jefe, Estefan\u00eda Leiva y con la funcionaria Fernanda Cruces, instancia en la que se abordaron materias propias del trabajo en esta amplia jurisdicci\u00f3n.<\/p>\n<p style=\"font-weight: 400; text-align: justify;\">Adicionalmente, las autoridades efectuaron un saludo protocolar a la Jueza Titular del Juzgado de Letras, Garant\u00eda y Familia de Cochrane, Javiera Alarc\u00f3n y la Secretaria Titular de dicha instituci\u00f3n, Luisa Cornejo, donde tambi\u00e9n dialogaron sobre tem\u00e1ticas de inter\u00e9s com\u00fan para el funcionamiento del sistema de justicia penal en la zona.<\/p>\n<p style=\"font-weight: 400; text-align: justify;\">Como parte de este viaje a la ciudad de Cochrane, el Fiscal Regional y el Director Ejecutivo se reunieron tambi\u00e9n con funcionarios de la Cuarta Comisar\u00eda de Cochrane, donde analizaron diversos aspectos asociados al trabajo operativo en la denuncia e investigaci\u00f3n de los delitos y asimismo, se efectu\u00f3 un saludo protocolar a la Delegada Presidencial de Capit\u00e1n Prat, Marta Montiel.<\/p>\n<p style=\"font-weight: 400; text-align: justify;\">El Fiscal Regional, Hern\u00e1n Libedinsky, destac\u00f3 el compromiso de los equipos locales en Cochrane y adem\u00e1s valor\u00f3 el trabajo que se desarrolla en esta zona del pa\u00eds, se\u00f1alando que este tipo de visitas permiten mantener un contacto directo con los funcionarios y funcionarias, adem\u00e1s de asegurar una adecuada respuesta en el servicio p\u00fablico que se presta a la ciudadan\u00eda.<\/p>\n<\/div><\/section><\/div>\n<div  style='height:50px' class='hr hr-invisible   avia-builder-el-6  el_after_av_one_full  el_before_av_social_share '><span class='hr-inner ' ><span class='hr-inner-style'><\/span><\/span><\/div>\n<div  class='av-social-sharing-box  avia-builder-el-7  el_after_av_hr  el_before_av_hr  '><div class='av-share-box'><h5 class='av-share-link-description av-no-toc '>Compartir esta noticia<\/h5><ul class='av-share-box-list noLightbox'><li class='av-share-link av-social-link-facebook' ><a target=\"_blank\" aria-label=\"Compartir en Facebook\" href='https:\/\/www.facebook.com\/sharer.php?u=https:\/\/radiorevelacionfm.cl\/?p=61947&#038;t=Fiscal%20Regional%20visit%C3%B3%20Cochrane%20donde%20se%20reuni%C3%B3%20con%20la%20Fiscal%C3%ADa%20Local%2C%20Juzgado%2C%20Carabineros%20y%20Delegaci%C3%B3n%20Presidencial' aria-hidden='false' data-av_icon='\ue8f3' data-av_iconfont='entypo-fontello' title='' data-avia-related-tooltip='Compartir en Facebook' rel=\"noopener\"><span class='avia_hidden_link_text'>Compartir en Facebook<\/span><\/a><\/li><li class='av-share-link av-social-link-twitter' ><a target=\"_blank\" aria-label=\"Compartir en Twitter\" href='https:\/\/twitter.com\/share?text=Fiscal%20Regional%20visit%C3%B3%20Cochrane%20donde%20se%20reuni%C3%B3%20con%20la%20Fiscal%C3%ADa%20Local%2C%20Juzgado%2C%20Carabineros%20y%20Delegaci%C3%B3n%20Presidencial&#038;url=https:\/\/radiorevelacionfm.cl\/?p=61947' aria-hidden='false' data-av_icon='\ue8f1' data-av_iconfont='entypo-fontello' title='' data-avia-related-tooltip='Compartir en Twitter' rel=\"noopener\"><span class='avia_hidden_link_text'>Compartir en Twitter<\/span><\/a><\/li><li class='av-share-link av-social-link-whatsapp' ><a target=\"_blank\" aria-label=\"Compartir en Whatsapp\" href='https:\/\/api.whatsapp.com\/send?text=https:\/\/radiorevelacionfm.cl\/?p=61947' aria-hidden='false' data-av_icon='\uf232' data-av_iconfont='entypo-fontello' title='' data-avia-related-tooltip='Compartir en Whatsapp' rel=\"noopener\"><span class='avia_hidden_link_text'>Compartir en Whatsapp<\/span><\/a><\/li><li class='av-share-link av-social-link-linkedin' ><a target=\"_blank\" aria-label=\"Compartir en LinkedIn\" href='https:\/\/linkedin.com\/shareArticle?mini=true&#038;title=Fiscal%20Regional%20visit%C3%B3%20Cochrane%20donde%20se%20reuni%C3%B3%20con%20la%20Fiscal%C3%ADa%20Local%2C%20Juzgado%2C%20Carabineros%20y%20Delegaci%C3%B3n%20Presidencial&#038;url=https:\/\/radiorevelacionfm.cl\/?p=61947' aria-hidden='false' data-av_icon='\ue8fc' data-av_iconfont='entypo-fontello' title='' data-avia-related-tooltip='Compartir en LinkedIn' rel=\"noopener\"><span class='avia_hidden_link_text'>Compartir en LinkedIn<\/span><\/a><\/li><li class='av-share-link av-social-link-mail' ><a  aria-label=\"Compartir por correo\" href='mailto:?subject=Fiscal%20Regional%20visit%C3%B3%20Cochrane%20donde%20se%20reuni%C3%B3%20con%20la%20Fiscal%C3%ADa%20Local%2C%20Juzgado%2C%20Carabineros%20y%20Delegaci%C3%B3n%20Presidencial&#038;body=https:\/\/radiorevelacionfm.cl\/?p=61947' aria-hidden='false' data-av_icon='\ue805' data-av_iconfont='entypo-fontello' title='' data-avia-related-tooltip='Compartir por correo'><span class='avia_hidden_link_text'>Compartir por correo<\/span><\/a><\/li><\/ul><\/div><\/div>\n<div  style='height:50px' class='hr hr-invisible   avia-builder-el-8  el_after_av_social_share  el_before_av_comments_list '><span class='hr-inner ' ><span class='hr-inner-style'><\/span><\/span><\/div>\n<div  class='av-buildercomment  av-blog-meta-html-info-disabled av-blog-meta-tag-disabled  '><\/div>\n","protected":false},"excerpt":{"rendered":"","protected":false},"author":1,"featured_media":61948,"comment_status":"closed","ping_status":"closed","sticky":false,"template":"","format":"standard","meta":{"footnotes":""},"categories":[55],"tags":[],"class_list":["post-61947","post","type-post","status-publish","format-standard","has-post-thumbnail","hentry","category-justicia"],"jetpack_featured_media_url":"https:\/\/radiorevelacionfm.cl\/wp-content\/uploads\/2025\/11\/juzgado4-1_optimized-1.jpg","_links":{"self":[{"href":"https:\/\/radiorevelacionfm.cl\/index.php?rest_route=\/wp\/v2\/posts\/61947","targetHints":{"allow":["GET"]}}],"collection":[{"href":"https:\/\/radiorevelacionfm.cl\/index.php?rest_route=\/wp\/v2\/posts"}],"about":[{"href":"https:\/\/radiorevelacionfm.cl\/index.php?rest_route=\/wp\/v2\/types\/post"}],"author":[{"embeddable":true,"href":"https:\/\/radiorevelacionfm.cl\/index.php?rest_route=\/wp\/v2\/users\/1"}],"replies":[{"embeddable":true,"href":"https:\/\/radiorevelacionfm.cl\/index.php?rest_route=%2Fwp%2Fv2%2Fcomments&post=61947"}],"version-history":[{"count":2,"href":"https:\/\/radiorevelacionfm.cl\/index.php?rest_route=\/wp\/v2\/posts\/61947\/revisions"}],"predecessor-version":[{"id":61950,"href":"https:\/\/radiorevelacionfm.cl\/index.php?rest_route=\/wp\/v2\/posts\/61947\/revisions\/61950"}],"wp:featuredmedia":[{"embeddable":true,"href":"https:\/\/radiorevelacionfm.cl\/index.php?rest_route=\/wp\/v2\/media\/61948"}],"wp:attachment":[{"href":"https:\/\/radiorevelacionfm.cl\/index.php?rest_route=%2Fwp%2Fv2%2Fmedia&parent=61947"}],"wp:term":[{"taxonomy":"category","embeddable":true,"href":"https:\/\/radiorevelacionfm.cl\/index.php?rest_route=%2Fwp%2Fv2%2Fcategories&post=61947"},{"taxonomy":"post_tag","embeddable":true,"href":"https:\/\/radiorevelacionfm.cl\/index.php?rest_route=%2Fwp%2Fv2%2Ftags&post=61947"}],"curies":[{"name":"wp","href":"https:\/\/api.w.org\/{rel}","templated":true}]}}