{"id":61943,"date":"2025-11-28T17:33:45","date_gmt":"2025-11-28T20:33:45","guid":{"rendered":"https:\/\/radiorevelacionfm.cl\/?p=61943"},"modified":"2025-11-28T17:33:45","modified_gmt":"2025-11-28T20:33:45","slug":"directora-s-de-serviu-aysen-aclaro-que-no-existen-deudas-impagas-con-empresas-de-la-chacra-g-ni-retrasos-en-la-ejecucion-de-proyectos","status":"publish","type":"post","link":"https:\/\/radiorevelacionfm.cl\/?p=61943","title":{"rendered":"Directora (S) de Serviu Ays\u00e9n aclar\u00f3 que no existen deudas impagas con empresas de la Chacra G ni retrasos en la ejecuci\u00f3n de proyectos"},"content":{"rendered":"<div class=\"flex_column av_one_full  flex_column_div av-zero-column-padding first  avia-builder-el-0  el_before_av_one_full  avia-builder-el-first  \" style='border-radius:0px; '><div  class='avia-image-container  av-styling-    avia-builder-el-1  avia-builder-el-no-sibling  avia-align-center '  itemprop=\"image\" itemscope=\"itemscope\" itemtype=\"https:\/\/schema.org\/ImageObject\"  ><div class='avia-image-container-inner'><div class='avia-image-overlay-wrap'><img decoding=\"async\" class='wp-image-61944 avia-img-lazy-loading-not-61944 avia_image' src=\"https:\/\/radiorevelacionfm.cl\/wp-content\/uploads\/2025\/11\/foto-archivo-muestra-normal-avance-en-proyecto-construccion-de-viviendas-chacra-g-1-de-coyhaique-1_optimized.jpeg\" alt='' title='foto-archivo-muestra-normal-avance-en-proyecto-construcci\u00f3n-de-viviendas-chacra-g-1-de-coyhaique-(1)_optimized' height=\"600\" width=\"800\"  itemprop=\"thumbnailUrl\" srcset=\"https:\/\/radiorevelacionfm.cl\/wp-content\/uploads\/2025\/11\/foto-archivo-muestra-normal-avance-en-proyecto-construccion-de-viviendas-chacra-g-1-de-coyhaique-1_optimized.jpeg 800w, https:\/\/radiorevelacionfm.cl\/wp-content\/uploads\/2025\/11\/foto-archivo-muestra-normal-avance-en-proyecto-construccion-de-viviendas-chacra-g-1-de-coyhaique-1_optimized-300x225.jpeg 300w, https:\/\/radiorevelacionfm.cl\/wp-content\/uploads\/2025\/11\/foto-archivo-muestra-normal-avance-en-proyecto-construccion-de-viviendas-chacra-g-1-de-coyhaique-1_optimized-768x576.jpeg 768w, https:\/\/radiorevelacionfm.cl\/wp-content\/uploads\/2025\/11\/foto-archivo-muestra-normal-avance-en-proyecto-construccion-de-viviendas-chacra-g-1-de-coyhaique-1_optimized-705x529.jpeg 705w, https:\/\/radiorevelacionfm.cl\/wp-content\/uploads\/2025\/11\/foto-archivo-muestra-normal-avance-en-proyecto-construccion-de-viviendas-chacra-g-1-de-coyhaique-1_optimized-450x338.jpeg 450w, https:\/\/radiorevelacionfm.cl\/wp-content\/uploads\/2025\/11\/foto-archivo-muestra-normal-avance-en-proyecto-construccion-de-viviendas-chacra-g-1-de-coyhaique-1_optimized-600x450.jpeg 600w\" sizes=\"(max-width: 800px) 100vw, 800px\" \/><\/div><\/div><\/div><\/div><div class=\"flex_column av_one_full  flex_column_div av-zero-column-padding first  avia-builder-el-2  el_after_av_one_full  el_before_av_one_full  column-top-margin\" style='border-radius:0px; '><section class=\"av_textblock_section \"  itemscope=\"itemscope\" itemtype=\"https:\/\/schema.org\/BlogPosting\" itemprop=\"blogPost\" ><div class='avia_textblock  '   itemprop=\"text\" ><p style=\"text-align: center;\"><strong><span style=\"font-size: 18pt;\">Directora (S) de Serviu Ays\u00e9n aclar\u00f3 que no existen deudas impagas con empresas de la Chacra G ni retrasos en la ejecuci\u00f3n de proyectos<\/span><\/strong><\/p>\n<div id=\"gtx-trans\" style=\"position: absolute; left: -50px; top: 4.31534px;\">\n<div class=\"gtx-trans-icon\"><\/div>\n<\/div>\n<\/div><\/section><\/div><div class=\"flex_column av_one_full  flex_column_div av-zero-column-padding first  avia-builder-el-4  el_after_av_one_full  el_before_av_hr  column-top-margin\" style='border-radius:0px; '><section class=\"av_textblock_section \"  itemscope=\"itemscope\" itemtype=\"https:\/\/schema.org\/BlogPosting\" itemprop=\"blogPost\" ><div class='avia_textblock  '   itemprop=\"text\" ><p style=\"text-align: justify;\">Ante declaraciones de consejeros regionales que advierten riesgo de paralizaci\u00f3n de obras en la Chacra G de Coyhaique, por una supuesta deuda del Minvu con una de las empresas constructoras, la Directora Regional (S) del Serviu Ays\u00e9n, Giovanna G\u00f3mez Gallardo, desminti\u00f3 tajantemente dichas afirmaciones, asegurando que en este momento no existen deudas sin ser canceladas por parte del Serviu y se contin\u00faa avanzando con los estados de pago dentro de los plazos legales establecidos por contrato.<\/p>\n<p style=\"text-align: justify;\">Precis\u00f3 la autoridad que hasta ahora se han cursado en forma normal m\u00e1s de diez estados de pago a la empresa Xinta, que construye las viviendas para los comit\u00e9s Adonay y Chilcos de la Patagonia, en el sector Chacra G 1 de Coyhaique, en tanto que los otros pagos se est\u00e1n tramitando en acuerdo y coordinaci\u00f3n con dicha constructora. A eso se suma que ayer jueves 27 de noviembre se curs\u00f3 un nuevo estado de pago por 399 millones de pesos y hay otro en curso por 500 millones de pesos que podr\u00eda cobrar la empresa en los pr\u00f3ximos d\u00edas o semanas. Cabe consignar, adem\u00e1s, que el 6 de noviembre la empresa ingres\u00f3 el estado de pago N\u00b0 15, el cual tambi\u00e9n se est\u00e1 tramitando, todo dentro de los plazos que el Serviu tiene establecidos para estos efectos.<\/p>\n<p style=\"text-align: justify;\">Es en vista de estos antecedentes que la representante regional del Serviu hizo un llamado a ser muy cautelosos en cuanto a la informaci\u00f3n que se entrega a la comunidad, sobre todo en temas tan sensibles como es el sue\u00f1o de la casa propia, que adem\u00e1s en este caso se est\u00e1 concretando con normalidad para cientos de familias de nuestra capital regional. Junto con eso la directora (S) del Serviu record\u00f3 que las puertas del Servicio siempre est\u00e1n abiertas para solicitar datos o recibir informaci\u00f3n actualizada de los programas y proyectos que ejecuta el sector en toda la regi\u00f3n, lo que sin duda permitir\u00eda evitar errores que pueden llevar a la confusi\u00f3n a los sectores m\u00e1s sensibles de nuestra comunidad.<\/p>\n<p style=\"text-align: justify;\">\u201cLo primero que debemos aclarar que al d\u00eda de hoy nosotros no tenemos deudas con la empresa Xinta. Los pagos se han realizado regularmente de acuerdo a los estados de pago y dentro del plazo que se tiene. Adem\u00e1s de eso hemos tenido contacto permanente con ellos para cualquier tipo de tardanza o modificaci\u00f3n de forma, \u00edrselas explicando y manteniendo todo en una l\u00ednea directa y tratando siempre de cancelar oportunamente todos los estados de pago que nos presentan\u201d, afirm\u00f3.<\/p>\n<p style=\"text-align: justify;\"><strong>Sin Retraso<\/strong><\/p>\n<p style=\"text-align: justify;\">Consultada tambi\u00e9n por los dichos de otros consejeros regionales que habr\u00edan denunciado supuestos retrasos en el desarrollo de programas y proyectos del Serviu, lo que comprometer\u00eda el presupuesto regional del pr\u00f3ximo a\u00f1o, Giovanna G\u00f3mez aclar\u00f3 que al parecer los consejeros recibieron informaci\u00f3n errada o no actualizada, ya que se dice que proyectos como la conservaci\u00f3n de viviendas tuteladas de Coyhaique o la conservaci\u00f3n de la plaza de Rio Tranquilo no tuvieron avances, lo que no es cierto.<\/p>\n<p style=\"text-align: justify;\">En ese sentido aclar\u00f3 que, por ejemplo, la conservaci\u00f3n de las Viviendas Tuteladas en Coyhaique corresponde a una obra que est\u00e1 f\u00edsicamente terminada y en proceso de emisi\u00f3n del acta respectiva, algo similar a lo que ocurre con la plaza de Puerto R\u00edo Tranquilo, la cual ya est\u00e1 en etapa de recepci\u00f3n, o sea pr\u00f3xima a ser entregada a uso de la comunidad, esto a pesar de que su plazo de construcci\u00f3n se extiende hasta el 12 de diciembre de este a\u00f1o. Por otra parte, se debe precisar que los proyectos de conservaci\u00f3n de las plazas de Coyhaique y de Chile Chico no est\u00e1n incluidos en el Programa P\u00fablico de Inversi\u00f3n Regional (PROPIR).<\/p>\n<p style=\"text-align: justify;\">Junto con valorar y destacar la labor fiscalizadora de los Consejeros Regionales, la Directora del Serviu regional, Giovanna G\u00f3mez, pidi\u00f3 tambi\u00e9n mayor rigurosidad al momento de recabar informaci\u00f3n y darla a conocer p\u00fablicamente, ya que datos errados llevan a la confusi\u00f3n no solo a los vecinos sino tambi\u00e9n a las empresas y otros actores involucrados en la materializaci\u00f3n de las obras.\u00a0 La autoridad reiter\u00f3 adem\u00e1s que las puertas tanto el Serviu como la Seremi de Vivienda siempre est\u00e1n abiertas y existe la obligaci\u00f3n y la mejor disposici\u00f3n desde el Servicio para entregar los antecedentes que sean requeridos, lo que adem\u00e1s fortalece la seriedad y la transparencia en todos los procesos.<\/p>\n<\/div><\/section><\/div><div  style='height:50px' class='hr hr-invisible   avia-builder-el-6  el_after_av_one_full  el_before_av_social_share '><span class='hr-inner ' ><span class='hr-inner-style'><\/span><\/span><\/div><\/p>\n<div  class='av-social-sharing-box  avia-builder-el-7  el_after_av_hr  el_before_av_hr  '><div class='av-share-box'><h5 class='av-share-link-description av-no-toc '>Compartir esta noticia<\/h5><ul class='av-share-box-list noLightbox'><li class='av-share-link av-social-link-facebook' ><a target=\"_blank\" aria-label=\"Compartir en Facebook\" href='https:\/\/www.facebook.com\/sharer.php?u=https:\/\/radiorevelacionfm.cl\/?p=61943&#038;t=Directora%20%28S%29%20de%20Serviu%20Ays%C3%A9n%20aclar%C3%B3%20que%20no%20existen%20deudas%20impagas%20con%20empresas%20de%20la%20Chacra%20G%20ni%20retrasos%20en%20la%20ejecuci%C3%B3n%20de%20proyectos' aria-hidden='false' data-av_icon='\ue8f3' data-av_iconfont='entypo-fontello' title='' data-avia-related-tooltip='Compartir en Facebook' rel=\"noopener\"><span class='avia_hidden_link_text'>Compartir en Facebook<\/span><\/a><\/li><li class='av-share-link av-social-link-twitter' ><a target=\"_blank\" aria-label=\"Compartir en Twitter\" href='https:\/\/twitter.com\/share?text=Directora%20%28S%29%20de%20Serviu%20Ays%C3%A9n%20aclar%C3%B3%20que%20no%20existen%20deudas%20impagas%20con%20empresas%20de%20la%20Chacra%20G%20ni%20retrasos%20en%20la%20ejecuci%C3%B3n%20de%20proyectos&#038;url=https:\/\/radiorevelacionfm.cl\/?p=61943' aria-hidden='false' data-av_icon='\ue8f1' data-av_iconfont='entypo-fontello' title='' data-avia-related-tooltip='Compartir en Twitter' rel=\"noopener\"><span class='avia_hidden_link_text'>Compartir en Twitter<\/span><\/a><\/li><li class='av-share-link av-social-link-whatsapp' ><a target=\"_blank\" aria-label=\"Compartir en Whatsapp\" href='https:\/\/api.whatsapp.com\/send?text=https:\/\/radiorevelacionfm.cl\/?p=61943' aria-hidden='false' data-av_icon='\uf232' data-av_iconfont='entypo-fontello' title='' data-avia-related-tooltip='Compartir en Whatsapp' rel=\"noopener\"><span class='avia_hidden_link_text'>Compartir en Whatsapp<\/span><\/a><\/li><li class='av-share-link av-social-link-linkedin' ><a target=\"_blank\" aria-label=\"Compartir en LinkedIn\" href='https:\/\/linkedin.com\/shareArticle?mini=true&#038;title=Directora%20%28S%29%20de%20Serviu%20Ays%C3%A9n%20aclar%C3%B3%20que%20no%20existen%20deudas%20impagas%20con%20empresas%20de%20la%20Chacra%20G%20ni%20retrasos%20en%20la%20ejecuci%C3%B3n%20de%20proyectos&#038;url=https:\/\/radiorevelacionfm.cl\/?p=61943' aria-hidden='false' data-av_icon='\ue8fc' data-av_iconfont='entypo-fontello' title='' data-avia-related-tooltip='Compartir en LinkedIn' rel=\"noopener\"><span class='avia_hidden_link_text'>Compartir en LinkedIn<\/span><\/a><\/li><li class='av-share-link av-social-link-mail' ><a  aria-label=\"Compartir por correo\" href='mailto:?subject=Directora%20%28S%29%20de%20Serviu%20Ays%C3%A9n%20aclar%C3%B3%20que%20no%20existen%20deudas%20impagas%20con%20empresas%20de%20la%20Chacra%20G%20ni%20retrasos%20en%20la%20ejecuci%C3%B3n%20de%20proyectos&#038;body=https:\/\/radiorevelacionfm.cl\/?p=61943' aria-hidden='false' data-av_icon='\ue805' data-av_iconfont='entypo-fontello' title='' data-avia-related-tooltip='Compartir por correo'><span class='avia_hidden_link_text'>Compartir por correo<\/span><\/a><\/li><\/ul><\/div><\/div>\n<div  style='height:50px' class='hr hr-invisible   avia-builder-el-8  el_after_av_social_share  el_before_av_comments_list '><span class='hr-inner ' ><span class='hr-inner-style'><\/span><\/span><\/div>\n<div  class='av-buildercomment  av-blog-meta-html-info-disabled av-blog-meta-tag-disabled  '><\/div>\n","protected":false},"excerpt":{"rendered":"","protected":false},"author":1,"featured_media":61944,"comment_status":"closed","ping_status":"closed","sticky":false,"template":"","format":"standard","meta":{"footnotes":""},"categories":[57],"tags":[],"class_list":["post-61943","post","type-post","status-publish","format-standard","has-post-thumbnail","hentry","category-vivienda"],"jetpack_featured_media_url":"https:\/\/radiorevelacionfm.cl\/wp-content\/uploads\/2025\/11\/foto-archivo-muestra-normal-avance-en-proyecto-construccion-de-viviendas-chacra-g-1-de-coyhaique-1_optimized.jpeg","_links":{"self":[{"href":"https:\/\/radiorevelacionfm.cl\/index.php?rest_route=\/wp\/v2\/posts\/61943","targetHints":{"allow":["GET"]}}],"collection":[{"href":"https:\/\/radiorevelacionfm.cl\/index.php?rest_route=\/wp\/v2\/posts"}],"about":[{"href":"https:\/\/radiorevelacionfm.cl\/index.php?rest_route=\/wp\/v2\/types\/post"}],"author":[{"embeddable":true,"href":"https:\/\/radiorevelacionfm.cl\/index.php?rest_route=\/wp\/v2\/users\/1"}],"replies":[{"embeddable":true,"href":"https:\/\/radiorevelacionfm.cl\/index.php?rest_route=%2Fwp%2Fv2%2Fcomments&post=61943"}],"version-history":[{"count":2,"href":"https:\/\/radiorevelacionfm.cl\/index.php?rest_route=\/wp\/v2\/posts\/61943\/revisions"}],"predecessor-version":[{"id":61946,"href":"https:\/\/radiorevelacionfm.cl\/index.php?rest_route=\/wp\/v2\/posts\/61943\/revisions\/61946"}],"wp:featuredmedia":[{"embeddable":true,"href":"https:\/\/radiorevelacionfm.cl\/index.php?rest_route=\/wp\/v2\/media\/61944"}],"wp:attachment":[{"href":"https:\/\/radiorevelacionfm.cl\/index.php?rest_route=%2Fwp%2Fv2%2Fmedia&parent=61943"}],"wp:term":[{"taxonomy":"category","embeddable":true,"href":"https:\/\/radiorevelacionfm.cl\/index.php?rest_route=%2Fwp%2Fv2%2Fcategories&post=61943"},{"taxonomy":"post_tag","embeddable":true,"href":"https:\/\/radiorevelacionfm.cl\/index.php?rest_route=%2Fwp%2Fv2%2Ftags&post=61943"}],"curies":[{"name":"wp","href":"https:\/\/api.w.org\/{rel}","templated":true}]}}