{"id":61924,"date":"2025-11-30T16:42:50","date_gmt":"2025-11-30T19:42:50","guid":{"rendered":"https:\/\/radiorevelacionfm.cl\/?p=61924"},"modified":"2025-11-30T16:42:50","modified_gmt":"2025-11-30T19:42:50","slug":"aysen-conforma-su-comite-estrategico-regional-de-escazu-diversidad-para-una-gobernanza-ambiental-participativa","status":"publish","type":"post","link":"https:\/\/radiorevelacionfm.cl\/?p=61924","title":{"rendered":"Ays\u00e9n conforma su Comit\u00e9 Estrat\u00e9gico Regional de Escaz\u00fa: diversidad para una gobernanza ambiental participativa"},"content":{"rendered":"<div class=\"flex_column av_one_full  flex_column_div av-zero-column-padding first  avia-builder-el-0  el_before_av_one_full  avia-builder-el-first  \" style='border-radius:0px; '><div  class='avia-image-container  av-styling-    avia-builder-el-1  avia-builder-el-no-sibling  avia-align-center '  itemprop=\"image\" itemscope=\"itemscope\" itemtype=\"https:\/\/schema.org\/ImageObject\"  ><div class='avia-image-container-inner'><div class='avia-image-overlay-wrap'><img decoding=\"async\" class='wp-image-61925 avia-img-lazy-loading-not-61925 avia_image' src=\"https:\/\/radiorevelacionfm.cl\/wp-content\/uploads\/2025\/11\/img_0325-1-1_optimized-1_optimized-1.jpg\" alt='' title='img_0325-(1)-(1)_optimized-(1)_optimized (1)' height=\"600\" width=\"1067\"  itemprop=\"thumbnailUrl\" srcset=\"https:\/\/radiorevelacionfm.cl\/wp-content\/uploads\/2025\/11\/img_0325-1-1_optimized-1_optimized-1.jpg 1067w, https:\/\/radiorevelacionfm.cl\/wp-content\/uploads\/2025\/11\/img_0325-1-1_optimized-1_optimized-1-300x169.jpg 300w, https:\/\/radiorevelacionfm.cl\/wp-content\/uploads\/2025\/11\/img_0325-1-1_optimized-1_optimized-1-1030x579.jpg 1030w, https:\/\/radiorevelacionfm.cl\/wp-content\/uploads\/2025\/11\/img_0325-1-1_optimized-1_optimized-1-768x432.jpg 768w, https:\/\/radiorevelacionfm.cl\/wp-content\/uploads\/2025\/11\/img_0325-1-1_optimized-1_optimized-1-705x396.jpg 705w, https:\/\/radiorevelacionfm.cl\/wp-content\/uploads\/2025\/11\/img_0325-1-1_optimized-1_optimized-1-450x253.jpg 450w, https:\/\/radiorevelacionfm.cl\/wp-content\/uploads\/2025\/11\/img_0325-1-1_optimized-1_optimized-1-600x337.jpg 600w\" sizes=\"(max-width: 1067px) 100vw, 1067px\" \/><\/div><\/div><\/div><\/div><div class=\"flex_column av_one_full  flex_column_div av-zero-column-padding first  avia-builder-el-2  el_after_av_one_full  el_before_av_one_full  column-top-margin\" style='border-radius:0px; '><section class=\"av_textblock_section \"  itemscope=\"itemscope\" itemtype=\"https:\/\/schema.org\/BlogPosting\" itemprop=\"blogPost\" ><div class='avia_textblock  '   itemprop=\"text\" ><p style=\"text-align: center;\"><strong><span style=\"font-size: 18pt;\">Ays\u00e9n conforma su Comit\u00e9 Estrat\u00e9gico Regional de Escaz\u00fa: diversidad para una gobernanza ambiental participativa<\/span><\/strong><\/p>\n<div id=\"gtx-trans\" style=\"position: absolute; left: -50px; top: 4.31534px;\">\n<div class=\"gtx-trans-icon\"><\/div>\n<\/div>\n<\/div><\/section><\/div><div class=\"flex_column av_one_full  flex_column_div av-zero-column-padding first  avia-builder-el-4  el_after_av_one_full  el_before_av_hr  column-top-margin\" style='border-radius:0px; '><section class=\"av_textblock_section \"  itemscope=\"itemscope\" itemtype=\"https:\/\/schema.org\/BlogPosting\" itemprop=\"blogPost\" ><div class='avia_textblock  '   itemprop=\"text\" ><p style=\"text-align: justify;\">La Regi\u00f3n de Ays\u00e9n dio un paso decisivo en la implementaci\u00f3n del Acuerdo de Escaz\u00fa al concretar la conformaci\u00f3n de su Comit\u00e9 Estrat\u00e9gico Regional, un espacio amplio y plural, convocado por la Seremi del Medio Ambiente en el marco del Plan Nacional de Implementaci\u00f3n Participativa del Acuerdo de Escaz\u00fa (PIPE 2024\u20132030).<\/p>\n<p style=\"text-align: justify;\">A diferencia de la mayor\u00eda de las regiones \u2014que delegar\u00e1n esta tarea en los Consejos Consultivos del Medio Ambiente\u2014 Ays\u00e9n opt\u00f3 por crear un comit\u00e9 propio, con identidad regional y participaci\u00f3n ampliada. Se convierte as\u00ed en una de las cinco regiones del pa\u00eds que asumieron el desaf\u00edo de instalar una gobernanza especialmente dise\u00f1ada para su territorio.<\/p>\n<p style=\"text-align: justify;\">Para el Seremi del Medio Ambiente, Yoal D\u00edaz, este paso marca el inicio de una nueva etapa en la relaci\u00f3n entre Estado y ciudadan\u00eda, por cuanto permitir\u00e1 dar gobernanza al Acuerdo de Escaz\u00fa en nuestra regi\u00f3n y hacer seguimiento a las 271 medidas que 29 instituciones p\u00fablicas deben impulsar al 2030,\u00a0 <strong>\u201choy es un d\u00eda hist\u00f3rico para la regi\u00f3n, estamos en el proceso de implementaci\u00f3n y se nos presentan desaf\u00edos, pero tenemos confluyendo a muchas voces, participaci\u00f3n de las organizaciones sociales, del mundo p\u00fablico, del mundo privado y tambi\u00e9n de las municipalidades. Eso habla de que buscamos encontrar este espacio para confluir con ideas y propuestas para accionar con m\u00e1s democracia ambiental en la regi\u00f3n de Ays\u00e9n\u201d.<\/strong><\/p>\n<p style=\"text-align: justify;\"><strong>\u00bfQu\u00e9 es el Acuerdo de Escaz\u00fa y por qu\u00e9 importa?<\/strong><\/p>\n<p style=\"text-align: justify;\">Escaz\u00fa asegura que todas las personas puedan acceder a informaci\u00f3n ambiental, participar en decisiones que afectan su entorno, acceder a la justicia ambiental y proteger a quienes defienden los derechos humanos en temas ambientales. Cuatro ejes, claros y fundamentales, que marcan un est\u00e1ndar internacional para fortalecer la democracia ambiental en Chile.<\/p>\n<p style=\"text-align: justify;\">La constituci\u00f3n del Comit\u00e9 Estrat\u00e9gico en Ays\u00e9n permitir\u00e1 territorializar estos principios, definir lineamientos locales, evaluar avances y aportar a un proceso transparente, inclusivo y profundamente conectado con las realidades del territorio.<\/p>\n<p style=\"text-align: justify;\"><strong>Un comit\u00e9 diverso, tan amplio como Ays\u00e9n<\/strong><\/p>\n<p style=\"text-align: justify;\">El nuevo Comit\u00e9 Estrat\u00e9gico Regional est\u00e1 compuesto por representantes del sector p\u00fablico, privado, academia, organizaciones de la sociedad civil, comunidades y actores locales vinculados a la gesti\u00f3n ambiental, siendo integrado por representantes del Gobierno Regional de Ays\u00e9n, Seremi del Medio Ambiente, Delegaci\u00f3n Regional Presidencial de Ays\u00e9n, Seremi de Desarrollo Social y Familia, Seremi de Justicia y Derechos Humanos, Direcci\u00f3n Regional SEA, Municipalidad de O\u2019Higgins, CIEP, Corporaci\u00f3n Chelenko, Asociaci\u00f3n de la industria del salm\u00f3n de Chile AG, Fundaci\u00f3n Costera Patagonia , Corporaci\u00f3n Privada para el Desarrollo de Ays\u00e9n, y el Colegio M\u00e9dico de la regi\u00f3n de Ays\u00e9n.<\/p>\n<p style=\"text-align: justify;\">Es una mesa que mezcla trayectorias, miradas y experiencias: instituciones del Estado, servicios sectoriales, municipios, actores productivos, organizaciones ciudadanas, defensoras y defensores ambientales, j\u00f3venes, especialistas t\u00e9cnicos y representantes locales.<\/p>\n<p style=\"text-align: justify;\">Ays\u00e9n se suma as\u00ed al proceso nacional de instalaci\u00f3n de gobernanzas territoriales para Escaz\u00fa, formalizado por la Resoluci\u00f3n Exenta N.\u00ba 4890\/90, que institucionaliza el funcionamiento del Consejo Nacional, los Comit\u00e9s Regionales y las reglas que regir\u00e1n sus mecanismos de participaci\u00f3n.<\/p>\n<\/div><\/section><\/div><div  style='height:50px' class='hr hr-invisible   avia-builder-el-6  el_after_av_one_full  el_before_av_social_share '><span class='hr-inner ' ><span class='hr-inner-style'><\/span><\/span><\/div><\/p>\n<div  class='av-social-sharing-box  avia-builder-el-7  el_after_av_hr  el_before_av_hr  '><div class='av-share-box'><h5 class='av-share-link-description av-no-toc '>Compartir esta noticia<\/h5><ul class='av-share-box-list noLightbox'><li class='av-share-link av-social-link-facebook' ><a target=\"_blank\" aria-label=\"Compartir en Facebook\" href='https:\/\/www.facebook.com\/sharer.php?u=https:\/\/radiorevelacionfm.cl\/?p=61924&#038;t=Ays%C3%A9n%20conforma%20su%20Comit%C3%A9%20Estrat%C3%A9gico%20Regional%20de%20Escaz%C3%BA%3A%20diversidad%20para%20una%20gobernanza%20ambiental%20participativa' aria-hidden='false' data-av_icon='\ue8f3' data-av_iconfont='entypo-fontello' title='' data-avia-related-tooltip='Compartir en Facebook' rel=\"noopener\"><span class='avia_hidden_link_text'>Compartir en Facebook<\/span><\/a><\/li><li class='av-share-link av-social-link-twitter' ><a target=\"_blank\" aria-label=\"Compartir en Twitter\" href='https:\/\/twitter.com\/share?text=Ays%C3%A9n%20conforma%20su%20Comit%C3%A9%20Estrat%C3%A9gico%20Regional%20de%20Escaz%C3%BA%3A%20diversidad%20para%20una%20gobernanza%20ambiental%20participativa&#038;url=https:\/\/radiorevelacionfm.cl\/?p=61924' aria-hidden='false' data-av_icon='\ue8f1' data-av_iconfont='entypo-fontello' title='' data-avia-related-tooltip='Compartir en Twitter' rel=\"noopener\"><span class='avia_hidden_link_text'>Compartir en Twitter<\/span><\/a><\/li><li class='av-share-link av-social-link-whatsapp' ><a target=\"_blank\" aria-label=\"Compartir en Whatsapp\" href='https:\/\/api.whatsapp.com\/send?text=https:\/\/radiorevelacionfm.cl\/?p=61924' aria-hidden='false' data-av_icon='\uf232' data-av_iconfont='entypo-fontello' title='' data-avia-related-tooltip='Compartir en Whatsapp' rel=\"noopener\"><span class='avia_hidden_link_text'>Compartir en Whatsapp<\/span><\/a><\/li><li class='av-share-link av-social-link-linkedin' ><a target=\"_blank\" aria-label=\"Compartir en LinkedIn\" href='https:\/\/linkedin.com\/shareArticle?mini=true&#038;title=Ays%C3%A9n%20conforma%20su%20Comit%C3%A9%20Estrat%C3%A9gico%20Regional%20de%20Escaz%C3%BA%3A%20diversidad%20para%20una%20gobernanza%20ambiental%20participativa&#038;url=https:\/\/radiorevelacionfm.cl\/?p=61924' aria-hidden='false' data-av_icon='\ue8fc' data-av_iconfont='entypo-fontello' title='' data-avia-related-tooltip='Compartir en LinkedIn' rel=\"noopener\"><span class='avia_hidden_link_text'>Compartir en LinkedIn<\/span><\/a><\/li><li class='av-share-link av-social-link-mail' ><a  aria-label=\"Compartir por correo\" href='mailto:?subject=Ays%C3%A9n%20conforma%20su%20Comit%C3%A9%20Estrat%C3%A9gico%20Regional%20de%20Escaz%C3%BA%3A%20diversidad%20para%20una%20gobernanza%20ambiental%20participativa&#038;body=https:\/\/radiorevelacionfm.cl\/?p=61924' aria-hidden='false' data-av_icon='\ue805' data-av_iconfont='entypo-fontello' title='' data-avia-related-tooltip='Compartir por correo'><span class='avia_hidden_link_text'>Compartir por correo<\/span><\/a><\/li><\/ul><\/div><\/div>\n<div  style='height:50px' class='hr hr-invisible   avia-builder-el-8  el_after_av_social_share  el_before_av_comments_list '><span class='hr-inner ' ><span class='hr-inner-style'><\/span><\/span><\/div>\n<div  class='av-buildercomment  av-blog-meta-html-info-disabled av-blog-meta-tag-disabled  '><\/div>\n","protected":false},"excerpt":{"rendered":"","protected":false},"author":1,"featured_media":61925,"comment_status":"closed","ping_status":"closed","sticky":false,"template":"","format":"standard","meta":{"footnotes":""},"categories":[39,38],"tags":[],"class_list":["post-61924","post","type-post","status-publish","format-standard","has-post-thumbnail","hentry","category-medio-ambiente","category-regional"],"jetpack_featured_media_url":"https:\/\/radiorevelacionfm.cl\/wp-content\/uploads\/2025\/11\/img_0325-1-1_optimized-1_optimized-1.jpg","_links":{"self":[{"href":"https:\/\/radiorevelacionfm.cl\/index.php?rest_route=\/wp\/v2\/posts\/61924","targetHints":{"allow":["GET"]}}],"collection":[{"href":"https:\/\/radiorevelacionfm.cl\/index.php?rest_route=\/wp\/v2\/posts"}],"about":[{"href":"https:\/\/radiorevelacionfm.cl\/index.php?rest_route=\/wp\/v2\/types\/post"}],"author":[{"embeddable":true,"href":"https:\/\/radiorevelacionfm.cl\/index.php?rest_route=\/wp\/v2\/users\/1"}],"replies":[{"embeddable":true,"href":"https:\/\/radiorevelacionfm.cl\/index.php?rest_route=%2Fwp%2Fv2%2Fcomments&post=61924"}],"version-history":[{"count":2,"href":"https:\/\/radiorevelacionfm.cl\/index.php?rest_route=\/wp\/v2\/posts\/61924\/revisions"}],"predecessor-version":[{"id":61969,"href":"https:\/\/radiorevelacionfm.cl\/index.php?rest_route=\/wp\/v2\/posts\/61924\/revisions\/61969"}],"wp:featuredmedia":[{"embeddable":true,"href":"https:\/\/radiorevelacionfm.cl\/index.php?rest_route=\/wp\/v2\/media\/61925"}],"wp:attachment":[{"href":"https:\/\/radiorevelacionfm.cl\/index.php?rest_route=%2Fwp%2Fv2%2Fmedia&parent=61924"}],"wp:term":[{"taxonomy":"category","embeddable":true,"href":"https:\/\/radiorevelacionfm.cl\/index.php?rest_route=%2Fwp%2Fv2%2Fcategories&post=61924"},{"taxonomy":"post_tag","embeddable":true,"href":"https:\/\/radiorevelacionfm.cl\/index.php?rest_route=%2Fwp%2Fv2%2Ftags&post=61924"}],"curies":[{"name":"wp","href":"https:\/\/api.w.org\/{rel}","templated":true}]}}