{"id":61919,"date":"2025-11-28T14:55:48","date_gmt":"2025-11-28T17:55:48","guid":{"rendered":"https:\/\/radiorevelacionfm.cl\/?p=61919"},"modified":"2025-11-28T14:55:48","modified_gmt":"2025-11-28T17:55:48","slug":"fiscalia-regional-de-aysen-refuerza-coordinacion-interinstitucional-en-chile-chico-para-fortalecer-la-investigacion-y-persecucion-penal","status":"publish","type":"post","link":"https:\/\/radiorevelacionfm.cl\/?p=61919","title":{"rendered":"Fiscal\u00eda Regional de Ays\u00e9n refuerza coordinaci\u00f3n interinstitucional en Chile Chico para fortalecer la investigaci\u00f3n y persecuci\u00f3n penal"},"content":{"rendered":"<div class=\"flex_column av_one_full  flex_column_div av-zero-column-padding first  avia-builder-el-0  el_before_av_one_full  avia-builder-el-first  \" style='border-radius:0px; '><div  class='avia-image-container  av-styling-    avia-builder-el-1  avia-builder-el-no-sibling  avia-align-center '  itemprop=\"image\" itemscope=\"itemscope\" itemtype=\"https:\/\/schema.org\/ImageObject\"  ><div class='avia-image-container-inner'><div class='avia-image-overlay-wrap'><img decoding=\"async\" class='wp-image-61920 avia-img-lazy-loading-not-61920 avia_image' src=\"https:\/\/radiorevelacionfm.cl\/wp-content\/uploads\/2025\/11\/viaje54_optimized-1.jpg\" alt='' title='viaje54_optimized (1)' height=\"600\" width=\"900\"  itemprop=\"thumbnailUrl\" srcset=\"https:\/\/radiorevelacionfm.cl\/wp-content\/uploads\/2025\/11\/viaje54_optimized-1.jpg 900w, https:\/\/radiorevelacionfm.cl\/wp-content\/uploads\/2025\/11\/viaje54_optimized-1-300x200.jpg 300w, https:\/\/radiorevelacionfm.cl\/wp-content\/uploads\/2025\/11\/viaje54_optimized-1-768x512.jpg 768w, https:\/\/radiorevelacionfm.cl\/wp-content\/uploads\/2025\/11\/viaje54_optimized-1-705x470.jpg 705w, https:\/\/radiorevelacionfm.cl\/wp-content\/uploads\/2025\/11\/viaje54_optimized-1-450x300.jpg 450w, https:\/\/radiorevelacionfm.cl\/wp-content\/uploads\/2025\/11\/viaje54_optimized-1-600x400.jpg 600w\" sizes=\"(max-width: 900px) 100vw, 900px\" \/><\/div><\/div><\/div><\/div><div class=\"flex_column av_one_full  flex_column_div av-zero-column-padding first  avia-builder-el-2  el_after_av_one_full  el_before_av_one_full  column-top-margin\" style='border-radius:0px; '><section class=\"av_textblock_section \"  itemscope=\"itemscope\" itemtype=\"https:\/\/schema.org\/BlogPosting\" itemprop=\"blogPost\" ><div class='avia_textblock  '   itemprop=\"text\" ><p style=\"text-align: center;\"><span style=\"font-size: 18pt;\"><b>Fiscal\u00eda Regional de Ays\u00e9n refuerza coordinaci\u00f3n interinstitucional en Chile Chico para fortalecer la investigaci\u00f3n y persecuci\u00f3n penal<\/b><\/span><\/p>\n<div id=\"gtx-trans\" style=\"position: absolute; left: -50px; top: 4.31534px;\">\n<div class=\"gtx-trans-icon\"><\/div>\n<\/div>\n<\/div><\/section><\/div><div class=\"flex_column av_one_full  flex_column_div av-zero-column-padding first  avia-builder-el-4  el_after_av_one_full  el_before_av_hr  column-top-margin\" style='border-radius:0px; '><section class=\"av_textblock_section \"  itemscope=\"itemscope\" itemtype=\"https:\/\/schema.org\/BlogPosting\" itemprop=\"blogPost\" ><div class='avia_textblock  '   itemprop=\"text\" ><p style=\"font-weight: 400; text-align: justify;\"><em>Las autoridades del Ministerio P\u00fablico tambi\u00e9n dialogaron con el equipo local, el Juzgado de Garant\u00eda, Carabineros, Armada y Gendarmer\u00eda.<\/em><\/p>\n<p style=\"font-weight: 400; text-align: justify;\">La Fiscal\u00eda Regional de Ays\u00e9n llev\u00f3 a cabo una serie de actividades en la Provincia General Carrera, centradas en fortalecer la coordinaci\u00f3n interinstitucional, mejorar la respuesta frente al crimen transnacional y consolidar el trabajo con organismos policiales, judiciales y de control fronterizo en la zona.<\/p>\n<p style=\"font-weight: 400; text-align: justify;\">Es as\u00ed que con la participaci\u00f3n del Fiscal Regional de Ays\u00e9n, Hern\u00e1n Libedinsky, el Director Ejecutivo Regional, Ismael Castillo, la Fiscal Jefa de Cochrane y Chile Chico, Estefan\u00eda Leiva, y el nuevo Fiscal Adjunto de Chile Chico, Fernando Pino, se desarroll\u00f3 una reuni\u00f3n interinstitucional en el Complejo Fronterizo Jeinimeni.<\/p>\n<p style=\"font-weight: 400; text-align: justify;\">En la instancia participaron tambi\u00e9n el Delegado Presidencial Provincial de General Carrera, Crist\u00f3bal Barcel\u00f3, la Coordinadora del Complejo Fronterizo, Lorena Soza, adem\u00e1s de representantes de otras instituciones p\u00fablicas. Previamente, el equipo del Ministerio P\u00fablico se reuni\u00f3 con la autoridad provincial para abordar materias de inter\u00e9s com\u00fan.<\/p>\n<p style=\"font-weight: 400; text-align: justify;\">COORDINACI\u00d3N<\/p>\n<p style=\"font-weight: 400; text-align: justify;\">El encuentro en el Complejo Fronterizo tuvo como prop\u00f3sito analizar oportunidades de mejora en la coordinaci\u00f3n operativa entre las instituciones que trabajan en la frontera entre Chile Chico y Los Antiguos, Provincia de Santa Cruz (Argentina), reforzando la capacidad conjunta de respuesta ante delitos que se producen en zonas lim\u00edtrofes.<\/p>\n<p style=\"font-weight: 400; text-align: justify;\">Durante la reuni\u00f3n, el Fiscal Libedinsky destac\u00f3 el rol estrat\u00e9gico de la Fiscal\u00eda en contextos fronterizos y subray\u00f3 la necesidad de una respuesta articulada frente a fen\u00f3menos delictivos que no reconocen l\u00edmites geogr\u00e1ficos. El Complejo Fronterizo Jeinimeni es el paso con mayor flujo de personas entre Chile y Argentina en la Regi\u00f3n de Ays\u00e9n.<\/p>\n<p style=\"font-weight: 400; text-align: justify;\">FISCAL\u00cdA Y CARABINEROS<\/p>\n<p style=\"font-weight: 400; text-align: justify;\">En el marco de la visita, las autoridades del Ministerio P\u00fablico tambi\u00e9n concurrieron a la Fiscal\u00eda Local de Chile Chico, con el fin de sostener un di\u00e1logo directo con las y los funcionarios, conocer sus necesidades y analizar en terreno el funcionamiento institucional. El Fiscal Regional agradeci\u00f3 el compromiso del equipo en esta zona fronteriza.<\/p>\n<p style=\"font-weight: 400; text-align: justify;\">Los directivos del Ministerio P\u00fablico tambi\u00e9n sostuvieron una reuni\u00f3n con Carabineros de la Tercera Comisar\u00eda de Chile Chico, con el objetivo de optimizar la coordinaci\u00f3n operativa en materia de investigaci\u00f3n delictual.<\/p>\n<p style=\"font-weight: 400; text-align: justify;\">La instancia, desarrollada en dependencias policiales, cont\u00f3 con la presencia del Comisario (s), Capit\u00e1n Cristian Zurita, adem\u00e1s de las autoridades de Fiscal\u00eda. Durante la conversaci\u00f3n se abordaron materias clave para fortalecer el trabajo conjunto frente a denuncias, operativos y procedimientos investigativos.<\/p>\n<p style=\"font-weight: 400; text-align: justify;\">JUZGADO DE GARANT\u00cdA<\/p>\n<p style=\"font-weight: 400; text-align: justify;\">Como parte de la agenda institucional, la Fiscal\u00eda realiz\u00f3 un saludo protocolar al Juez del Juzgado de Letras, Garant\u00eda y Familia de Chile Chico, Guillermo Frene Candia, y al Secretario Titular, Carlos Astudillo Cerda.<\/p>\n<p style=\"font-weight: 400; text-align: justify;\">La visita se enmarc\u00f3 en un plan de fortalecimiento de la coordinaci\u00f3n interinstitucional que la Fiscal\u00eda Regional desarrolla en la Provincia General Carrera, con el fin de mejorar la gesti\u00f3n de causas, garantizar la protecci\u00f3n de v\u00edctimas y testigos y optimizar la respuesta penal en territorios apartados como Chile Chico.<\/p>\n<p style=\"font-weight: 400; text-align: justify;\">ARMADA Y GENDARMER\u00cdA<\/p>\n<p style=\"font-weight: 400; text-align: justify;\">El Ministerio P\u00fablico realiz\u00f3 tambi\u00e9n un saludo protocolar a la Capitan\u00eda de Puerto de Lago General Carrera, donde las autoridades dialogaron con el Capit\u00e1n de Corbeta LT Raimundo Silva Cazenave.<\/p>\n<p style=\"font-weight: 400; text-align: justify;\">Durante el encuentro se abord\u00f3 la importancia del trabajo conjunto en materias investigativas, especialmente en una zona lacustre extensa y con condiciones geogr\u00e1ficas especiales. Las autoridades resaltaron la necesidad de mantener canales de comunicaci\u00f3n fluidos y permanentes para enfrentar emergencias, requerimientos operativos y situaciones que puedan afectar la seguridad de las comunidades de la cuenca del lago.<\/p>\n<p style=\"font-weight: 400; text-align: justify;\">La Fiscal\u00eda valor\u00f3 la disposici\u00f3n de la autoridad mar\u00edtima para fortalecer la cooperaci\u00f3n, destacando su impacto positivo en el funcionamiento del sistema penal.<\/p>\n<p style=\"font-weight: 400; text-align: justify;\">Finalmente, la Fiscal\u00eda sostuvo una reuni\u00f3n con el Suboficial Mayor Carlos V\u00e1squez, alcaide del Centro de Detenci\u00f3n Preventiva (CDP) de Chile Chico. El prop\u00f3sito del encuentro fue reforzar la comunicaci\u00f3n entre Fiscal\u00eda y Gendarmer\u00eda, especialmente frente a requerimientos urgentes, diligencias y coordinaci\u00f3n en causas que involucran a personas privadas de libertad.<\/p>\n<p style=\"font-weight: 400; text-align: justify;\">Todas estas instancias permiten fortalecer el trabajo colaborativo de la Fiscal\u00eda, orientado a garantizar el cumplimiento de la ley, la seguridad de los recintos penitenciarios y condiciones adecuadas para el desarrollo de investigaciones en la comuna.<\/p>\n<\/div><\/section><\/div><div  style='height:50px' class='hr hr-invisible   avia-builder-el-6  el_after_av_one_full  el_before_av_social_share '><span class='hr-inner ' ><span class='hr-inner-style'><\/span><\/span><\/div><\/p>\n<div  class='av-social-sharing-box  avia-builder-el-7  el_after_av_hr  el_before_av_hr  '><div class='av-share-box'><h5 class='av-share-link-description av-no-toc '>Compartir esta noticia<\/h5><ul class='av-share-box-list noLightbox'><li class='av-share-link av-social-link-facebook' ><a target=\"_blank\" aria-label=\"Compartir en Facebook\" href='https:\/\/www.facebook.com\/sharer.php?u=https:\/\/radiorevelacionfm.cl\/?p=61919&#038;t=Fiscal%C3%ADa%20Regional%20de%20Ays%C3%A9n%20refuerza%20coordinaci%C3%B3n%20interinstitucional%20en%20Chile%20Chico%20para%20fortalecer%20la%20investigaci%C3%B3n%20y%20persecuci%C3%B3n%20penal' aria-hidden='false' data-av_icon='\ue8f3' data-av_iconfont='entypo-fontello' title='' data-avia-related-tooltip='Compartir en Facebook' rel=\"noopener\"><span class='avia_hidden_link_text'>Compartir en Facebook<\/span><\/a><\/li><li class='av-share-link av-social-link-twitter' ><a target=\"_blank\" aria-label=\"Compartir en Twitter\" href='https:\/\/twitter.com\/share?text=Fiscal%C3%ADa%20Regional%20de%20Ays%C3%A9n%20refuerza%20coordinaci%C3%B3n%20interinstitucional%20en%20Chile%20Chico%20para%20fortalecer%20la%20investigaci%C3%B3n%20y%20persecuci%C3%B3n%20penal&#038;url=https:\/\/radiorevelacionfm.cl\/?p=61919' aria-hidden='false' data-av_icon='\ue8f1' data-av_iconfont='entypo-fontello' title='' data-avia-related-tooltip='Compartir en Twitter' rel=\"noopener\"><span class='avia_hidden_link_text'>Compartir en Twitter<\/span><\/a><\/li><li class='av-share-link av-social-link-whatsapp' ><a target=\"_blank\" aria-label=\"Compartir en Whatsapp\" href='https:\/\/api.whatsapp.com\/send?text=https:\/\/radiorevelacionfm.cl\/?p=61919' aria-hidden='false' data-av_icon='\uf232' data-av_iconfont='entypo-fontello' title='' data-avia-related-tooltip='Compartir en Whatsapp' rel=\"noopener\"><span class='avia_hidden_link_text'>Compartir en Whatsapp<\/span><\/a><\/li><li class='av-share-link av-social-link-linkedin' ><a target=\"_blank\" aria-label=\"Compartir en LinkedIn\" href='https:\/\/linkedin.com\/shareArticle?mini=true&#038;title=Fiscal%C3%ADa%20Regional%20de%20Ays%C3%A9n%20refuerza%20coordinaci%C3%B3n%20interinstitucional%20en%20Chile%20Chico%20para%20fortalecer%20la%20investigaci%C3%B3n%20y%20persecuci%C3%B3n%20penal&#038;url=https:\/\/radiorevelacionfm.cl\/?p=61919' aria-hidden='false' data-av_icon='\ue8fc' data-av_iconfont='entypo-fontello' title='' data-avia-related-tooltip='Compartir en LinkedIn' rel=\"noopener\"><span class='avia_hidden_link_text'>Compartir en LinkedIn<\/span><\/a><\/li><li class='av-share-link av-social-link-mail' ><a  aria-label=\"Compartir por correo\" href='mailto:?subject=Fiscal%C3%ADa%20Regional%20de%20Ays%C3%A9n%20refuerza%20coordinaci%C3%B3n%20interinstitucional%20en%20Chile%20Chico%20para%20fortalecer%20la%20investigaci%C3%B3n%20y%20persecuci%C3%B3n%20penal&#038;body=https:\/\/radiorevelacionfm.cl\/?p=61919' aria-hidden='false' data-av_icon='\ue805' data-av_iconfont='entypo-fontello' title='' data-avia-related-tooltip='Compartir por correo'><span class='avia_hidden_link_text'>Compartir por correo<\/span><\/a><\/li><\/ul><\/div><\/div>\n<div  style='height:50px' class='hr hr-invisible   avia-builder-el-8  el_after_av_social_share  el_before_av_comments_list '><span class='hr-inner ' ><span class='hr-inner-style'><\/span><\/span><\/div>\n<div  class='av-buildercomment  av-blog-meta-html-info-disabled av-blog-meta-tag-disabled  '><\/div>\n","protected":false},"excerpt":{"rendered":"","protected":false},"author":1,"featured_media":61920,"comment_status":"closed","ping_status":"closed","sticky":false,"template":"","format":"standard","meta":{"footnotes":""},"categories":[55],"tags":[],"class_list":["post-61919","post","type-post","status-publish","format-standard","has-post-thumbnail","hentry","category-justicia"],"jetpack_featured_media_url":"https:\/\/radiorevelacionfm.cl\/wp-content\/uploads\/2025\/11\/viaje54_optimized-1.jpg","_links":{"self":[{"href":"https:\/\/radiorevelacionfm.cl\/index.php?rest_route=\/wp\/v2\/posts\/61919","targetHints":{"allow":["GET"]}}],"collection":[{"href":"https:\/\/radiorevelacionfm.cl\/index.php?rest_route=\/wp\/v2\/posts"}],"about":[{"href":"https:\/\/radiorevelacionfm.cl\/index.php?rest_route=\/wp\/v2\/types\/post"}],"author":[{"embeddable":true,"href":"https:\/\/radiorevelacionfm.cl\/index.php?rest_route=\/wp\/v2\/users\/1"}],"replies":[{"embeddable":true,"href":"https:\/\/radiorevelacionfm.cl\/index.php?rest_route=%2Fwp%2Fv2%2Fcomments&post=61919"}],"version-history":[{"count":2,"href":"https:\/\/radiorevelacionfm.cl\/index.php?rest_route=\/wp\/v2\/posts\/61919\/revisions"}],"predecessor-version":[{"id":61923,"href":"https:\/\/radiorevelacionfm.cl\/index.php?rest_route=\/wp\/v2\/posts\/61919\/revisions\/61923"}],"wp:featuredmedia":[{"embeddable":true,"href":"https:\/\/radiorevelacionfm.cl\/index.php?rest_route=\/wp\/v2\/media\/61920"}],"wp:attachment":[{"href":"https:\/\/radiorevelacionfm.cl\/index.php?rest_route=%2Fwp%2Fv2%2Fmedia&parent=61919"}],"wp:term":[{"taxonomy":"category","embeddable":true,"href":"https:\/\/radiorevelacionfm.cl\/index.php?rest_route=%2Fwp%2Fv2%2Fcategories&post=61919"},{"taxonomy":"post_tag","embeddable":true,"href":"https:\/\/radiorevelacionfm.cl\/index.php?rest_route=%2Fwp%2Fv2%2Ftags&post=61919"}],"curies":[{"name":"wp","href":"https:\/\/api.w.org\/{rel}","templated":true}]}}