{"id":61916,"date":"2025-11-28T14:30:40","date_gmt":"2025-11-28T17:30:40","guid":{"rendered":"https:\/\/radiorevelacionfm.cl\/?p=61916"},"modified":"2025-11-28T14:30:40","modified_gmt":"2025-11-28T17:30:40","slug":"exito-y-logros-130-estudiantes-se-titulan-en-la-ceremonia-de-inacap-sede-coyhaique","status":"publish","type":"post","link":"https:\/\/radiorevelacionfm.cl\/?p=61916","title":{"rendered":"\u00c9xito y Logros: 130 estudiantes se titulan en la ceremonia de INACAP Sede Coyhaique"},"content":{"rendered":"<div class=\"flex_column av_one_full  flex_column_div av-zero-column-padding first  avia-builder-el-0  el_before_av_one_full  avia-builder-el-first  \" style='border-radius:0px; '><div  class='avia-image-container  av-styling-    avia-builder-el-1  avia-builder-el-no-sibling  avia-align-center '  itemprop=\"image\" itemscope=\"itemscope\" itemtype=\"https:\/\/schema.org\/ImageObject\"  ><div class='avia-image-container-inner'><div class='avia-image-overlay-wrap'><img decoding=\"async\" class='wp-image-61917 avia-img-lazy-loading-not-61917 avia_image' src=\"https:\/\/radiorevelacionfm.cl\/wp-content\/uploads\/2025\/11\/imagen-de-whatsapp-2025-11-28-a-las-11_optimized.34.40_7478f118-1-1.jpg\" alt='' title='imagen-de-whatsapp-2025-11-28-a-las-11_optimized.34.40_7478f118-(1) (1)' height=\"600\" width=\"800\"  itemprop=\"thumbnailUrl\" srcset=\"https:\/\/radiorevelacionfm.cl\/wp-content\/uploads\/2025\/11\/imagen-de-whatsapp-2025-11-28-a-las-11_optimized.34.40_7478f118-1-1.jpg 800w, https:\/\/radiorevelacionfm.cl\/wp-content\/uploads\/2025\/11\/imagen-de-whatsapp-2025-11-28-a-las-11_optimized.34.40_7478f118-1-1-300x225.jpg 300w, https:\/\/radiorevelacionfm.cl\/wp-content\/uploads\/2025\/11\/imagen-de-whatsapp-2025-11-28-a-las-11_optimized.34.40_7478f118-1-1-768x576.jpg 768w, https:\/\/radiorevelacionfm.cl\/wp-content\/uploads\/2025\/11\/imagen-de-whatsapp-2025-11-28-a-las-11_optimized.34.40_7478f118-1-1-705x529.jpg 705w, https:\/\/radiorevelacionfm.cl\/wp-content\/uploads\/2025\/11\/imagen-de-whatsapp-2025-11-28-a-las-11_optimized.34.40_7478f118-1-1-450x338.jpg 450w, https:\/\/radiorevelacionfm.cl\/wp-content\/uploads\/2025\/11\/imagen-de-whatsapp-2025-11-28-a-las-11_optimized.34.40_7478f118-1-1-600x450.jpg 600w\" sizes=\"(max-width: 800px) 100vw, 800px\" \/><\/div><\/div><\/div><\/div><div class=\"flex_column av_one_full  flex_column_div av-zero-column-padding first  avia-builder-el-2  el_after_av_one_full  el_before_av_one_full  column-top-margin\" style='border-radius:0px; '><section class=\"av_textblock_section \"  itemscope=\"itemscope\" itemtype=\"https:\/\/schema.org\/BlogPosting\" itemprop=\"blogPost\" ><div class='avia_textblock  '   itemprop=\"text\" ><p style=\"text-align: center;\"><strong><span style=\"font-size: 18pt;\">\u00c9xito y Logros: 130 estudiantes se titulan en la ceremonia de INACAP Sede Coyhaique<\/span><\/strong><\/p>\n<div id=\"gtx-trans\" style=\"position: absolute; left: -50px; top: 4.31534px;\">\n<div class=\"gtx-trans-icon\"><\/div>\n<\/div>\n<\/div><\/section><\/div><div class=\"flex_column av_one_full  flex_column_div av-zero-column-padding first  avia-builder-el-4  el_after_av_one_full  el_before_av_hr  column-top-margin\" style='border-radius:0px; '><section class=\"av_textblock_section \"  itemscope=\"itemscope\" itemtype=\"https:\/\/schema.org\/BlogPosting\" itemprop=\"blogPost\" ><div class='avia_textblock  '   itemprop=\"text\" ><p style=\"text-align: justify;\">Un total de 130 estudiantes que culminaron sus estudios en el Centro de Formaci\u00f3n T\u00e9cnica (CFT) y Instituto Profesional, tanto de jornadas diurnas como vespertinas, recibieron los correspondientes diplomas en la Titulaci\u00f3n 2025 desarrollada en el casino Dreams de la Ciudad de Coyhaique.<\/p>\n<p style=\"text-align: justify;\">La ceremonia, celebrada en un ambiente de celebraci\u00f3n y emoci\u00f3n, destac\u00f3 los logros acad\u00e9micos de los graduados, quienes ahora se embarcan en nuevos cap\u00edtulos de sus vidas profesionales.<\/p>\n<p style=\"text-align: justify;\">El vicerrector de INACAP Sede Coyhaique, Patrice Van de Maele, expreso en la ceremonia \u201cesperamos que la etapa que comienzan est\u00e9 llena de desaf\u00edos y oportunidades para seguir creciendo y aprendiendo, de modo que vayan forjando una trayectoria laboral fecunda, por ustedes mismos, sus familias y la sociedad en general. En nombre de Inacap, agradecemos la confianza que ustedes y sus familias han depositado en nosotros. hemos hecho todo lo que est\u00e1 a nuestro alcance para estar a la altura de dicho compromiso, confiamos en que eso se reflejar\u00e1 en el desarrollo personal y profesional que tendr\u00e1n en el porvenir<\/p>\n<p style=\"text-align: justify;\">Entre los estudiantes titulados, Laura Lagos, expres\u00f3 su gratitud y emoci\u00f3n al recibir su t\u00edtulo \u00abeste logro no solo es m\u00edo, sino de todos los compa\u00f1eros, docentes y personal de INACAP que nos han apoyado en este viaje educativo. Hoy celebramos no solo nuestras habilidades adquiridas, sino tambi\u00e9n la fortaleza de nuestra comunidad acad\u00e9mica\u00bb.<\/p>\n<p style=\"text-align: justify;\">La ceremonia culmin\u00f3 entre aplausos y emoci\u00f3n en los rostros de todos los asistentes a la ceremonia lo que marco el fin de una etapa acad\u00e9mica y el comienzo de nuevas oportunidades para los titulados de INACAP Sede Coyhaique.<\/p>\n<p style=\"text-align: justify;\">Felicitamos a todos los graduados y les deseamos un futuro lleno de \u00e9xito y prosperidad en sus carreras profesionales.<\/p>\n<\/div><\/section><\/div><div  style='height:50px' class='hr hr-invisible   avia-builder-el-6  el_after_av_one_full  el_before_av_social_share '><span class='hr-inner ' ><span class='hr-inner-style'><\/span><\/span><\/div><\/p>\n<div  class='av-social-sharing-box  avia-builder-el-7  el_after_av_hr  el_before_av_hr  '><div class='av-share-box'><h5 class='av-share-link-description av-no-toc '>Compartir esta noticia<\/h5><ul class='av-share-box-list noLightbox'><li class='av-share-link av-social-link-facebook' ><a target=\"_blank\" aria-label=\"Compartir en Facebook\" href='https:\/\/www.facebook.com\/sharer.php?u=https:\/\/radiorevelacionfm.cl\/?p=61916&#038;t=%C3%89xito%20y%20Logros%3A%20130%20estudiantes%20se%20titulan%20en%20la%20ceremonia%20de%20INACAP%20Sede%20Coyhaique' aria-hidden='false' data-av_icon='\ue8f3' data-av_iconfont='entypo-fontello' title='' data-avia-related-tooltip='Compartir en Facebook' rel=\"noopener\"><span class='avia_hidden_link_text'>Compartir en Facebook<\/span><\/a><\/li><li class='av-share-link av-social-link-twitter' ><a target=\"_blank\" aria-label=\"Compartir en Twitter\" href='https:\/\/twitter.com\/share?text=%C3%89xito%20y%20Logros%3A%20130%20estudiantes%20se%20titulan%20en%20la%20ceremonia%20de%20INACAP%20Sede%20Coyhaique&#038;url=https:\/\/radiorevelacionfm.cl\/?p=61916' aria-hidden='false' data-av_icon='\ue8f1' data-av_iconfont='entypo-fontello' title='' data-avia-related-tooltip='Compartir en Twitter' rel=\"noopener\"><span class='avia_hidden_link_text'>Compartir en Twitter<\/span><\/a><\/li><li class='av-share-link av-social-link-whatsapp' ><a target=\"_blank\" aria-label=\"Compartir en Whatsapp\" href='https:\/\/api.whatsapp.com\/send?text=https:\/\/radiorevelacionfm.cl\/?p=61916' aria-hidden='false' data-av_icon='\uf232' data-av_iconfont='entypo-fontello' title='' data-avia-related-tooltip='Compartir en Whatsapp' rel=\"noopener\"><span class='avia_hidden_link_text'>Compartir en Whatsapp<\/span><\/a><\/li><li class='av-share-link av-social-link-linkedin' ><a target=\"_blank\" aria-label=\"Compartir en LinkedIn\" href='https:\/\/linkedin.com\/shareArticle?mini=true&#038;title=%C3%89xito%20y%20Logros%3A%20130%20estudiantes%20se%20titulan%20en%20la%20ceremonia%20de%20INACAP%20Sede%20Coyhaique&#038;url=https:\/\/radiorevelacionfm.cl\/?p=61916' aria-hidden='false' data-av_icon='\ue8fc' data-av_iconfont='entypo-fontello' title='' data-avia-related-tooltip='Compartir en LinkedIn' rel=\"noopener\"><span class='avia_hidden_link_text'>Compartir en LinkedIn<\/span><\/a><\/li><li class='av-share-link av-social-link-mail' ><a  aria-label=\"Compartir por correo\" href='mailto:?subject=%C3%89xito%20y%20Logros%3A%20130%20estudiantes%20se%20titulan%20en%20la%20ceremonia%20de%20INACAP%20Sede%20Coyhaique&#038;body=https:\/\/radiorevelacionfm.cl\/?p=61916' aria-hidden='false' data-av_icon='\ue805' data-av_iconfont='entypo-fontello' title='' data-avia-related-tooltip='Compartir por correo'><span class='avia_hidden_link_text'>Compartir por correo<\/span><\/a><\/li><\/ul><\/div><\/div>\n<div  style='height:50px' class='hr hr-invisible   avia-builder-el-8  el_after_av_social_share  el_before_av_comments_list '><span class='hr-inner ' ><span class='hr-inner-style'><\/span><\/span><\/div>\n<div  class='av-buildercomment  av-blog-meta-html-info-disabled av-blog-meta-tag-disabled  '><\/div>\n","protected":false},"excerpt":{"rendered":"","protected":false},"author":1,"featured_media":61917,"comment_status":"closed","ping_status":"closed","sticky":false,"template":"","format":"standard","meta":{"footnotes":""},"categories":[49],"tags":[],"class_list":["post-61916","post","type-post","status-publish","format-standard","has-post-thumbnail","hentry","category-educacion"],"jetpack_featured_media_url":"https:\/\/radiorevelacionfm.cl\/wp-content\/uploads\/2025\/11\/imagen-de-whatsapp-2025-11-28-a-las-11_optimized.34.40_7478f118-1-1.jpg","_links":{"self":[{"href":"https:\/\/radiorevelacionfm.cl\/index.php?rest_route=\/wp\/v2\/posts\/61916","targetHints":{"allow":["GET"]}}],"collection":[{"href":"https:\/\/radiorevelacionfm.cl\/index.php?rest_route=\/wp\/v2\/posts"}],"about":[{"href":"https:\/\/radiorevelacionfm.cl\/index.php?rest_route=\/wp\/v2\/types\/post"}],"author":[{"embeddable":true,"href":"https:\/\/radiorevelacionfm.cl\/index.php?rest_route=\/wp\/v2\/users\/1"}],"replies":[{"embeddable":true,"href":"https:\/\/radiorevelacionfm.cl\/index.php?rest_route=%2Fwp%2Fv2%2Fcomments&post=61916"}],"version-history":[{"count":2,"href":"https:\/\/radiorevelacionfm.cl\/index.php?rest_route=\/wp\/v2\/posts\/61916\/revisions"}],"predecessor-version":[{"id":61922,"href":"https:\/\/radiorevelacionfm.cl\/index.php?rest_route=\/wp\/v2\/posts\/61916\/revisions\/61922"}],"wp:featuredmedia":[{"embeddable":true,"href":"https:\/\/radiorevelacionfm.cl\/index.php?rest_route=\/wp\/v2\/media\/61917"}],"wp:attachment":[{"href":"https:\/\/radiorevelacionfm.cl\/index.php?rest_route=%2Fwp%2Fv2%2Fmedia&parent=61916"}],"wp:term":[{"taxonomy":"category","embeddable":true,"href":"https:\/\/radiorevelacionfm.cl\/index.php?rest_route=%2Fwp%2Fv2%2Fcategories&post=61916"},{"taxonomy":"post_tag","embeddable":true,"href":"https:\/\/radiorevelacionfm.cl\/index.php?rest_route=%2Fwp%2Fv2%2Ftags&post=61916"}],"curies":[{"name":"wp","href":"https:\/\/api.w.org\/{rel}","templated":true}]}}