{"id":61901,"date":"2025-11-27T22:05:10","date_gmt":"2025-11-28T01:05:10","guid":{"rendered":"https:\/\/radiorevelacionfm.cl\/?p=61901"},"modified":"2025-11-27T22:05:10","modified_gmt":"2025-11-28T01:05:10","slug":"entregan-indumentaria-deportiva-aysen-prepara-su-participacion-en-los-juegos-binacionales-de-la-araucania-2025","status":"publish","type":"post","link":"https:\/\/radiorevelacionfm.cl\/?p=61901","title":{"rendered":"Entregan indumentaria deportiva: Ays\u00e9n prepara su participaci\u00f3n en los Juegos Binacionales de la Araucan\u00eda 2025"},"content":{"rendered":"<div class=\"flex_column av_one_full  flex_column_div av-zero-column-padding first  avia-builder-el-0  el_before_av_one_full  avia-builder-el-first  \" style='border-radius:0px; '><div  class='avia-image-container  av-styling-    avia-builder-el-1  avia-builder-el-no-sibling  avia-align-center '  itemprop=\"image\" itemscope=\"itemscope\" itemtype=\"https:\/\/schema.org\/ImageObject\"  ><div class='avia-image-container-inner'><div class='avia-image-overlay-wrap'><img decoding=\"async\" class='wp-image-61902 avia-img-lazy-loading-not-61902 avia_image' src=\"https:\/\/radiorevelacionfm.cl\/wp-content\/uploads\/2025\/11\/588652980_1286780846810319_4575333735448765883_n-1-1.jpg\" alt='' title='588652980_1286780846810319_4575333735448765883_n (1) (1)' height=\"600\" width=\"800\"  itemprop=\"thumbnailUrl\" srcset=\"https:\/\/radiorevelacionfm.cl\/wp-content\/uploads\/2025\/11\/588652980_1286780846810319_4575333735448765883_n-1-1.jpg 800w, https:\/\/radiorevelacionfm.cl\/wp-content\/uploads\/2025\/11\/588652980_1286780846810319_4575333735448765883_n-1-1-300x225.jpg 300w, https:\/\/radiorevelacionfm.cl\/wp-content\/uploads\/2025\/11\/588652980_1286780846810319_4575333735448765883_n-1-1-768x576.jpg 768w, https:\/\/radiorevelacionfm.cl\/wp-content\/uploads\/2025\/11\/588652980_1286780846810319_4575333735448765883_n-1-1-705x529.jpg 705w, https:\/\/radiorevelacionfm.cl\/wp-content\/uploads\/2025\/11\/588652980_1286780846810319_4575333735448765883_n-1-1-450x338.jpg 450w, https:\/\/radiorevelacionfm.cl\/wp-content\/uploads\/2025\/11\/588652980_1286780846810319_4575333735448765883_n-1-1-600x450.jpg 600w\" sizes=\"(max-width: 800px) 100vw, 800px\" \/><\/div><\/div><\/div><\/div><div class=\"flex_column av_one_full  flex_column_div av-zero-column-padding first  avia-builder-el-2  el_after_av_one_full  el_before_av_one_full  column-top-margin\" style='border-radius:0px; '><section class=\"av_textblock_section \"  itemscope=\"itemscope\" itemtype=\"https:\/\/schema.org\/BlogPosting\" itemprop=\"blogPost\" ><div class='avia_textblock  '   itemprop=\"text\" ><p style=\"text-align: center;\"><strong><span style=\"font-size: 18pt;\">Entregan indumentaria deportiva: Ays\u00e9n prepara su participaci\u00f3n en los Juegos Binacionales de la Araucan\u00eda 2025<\/span><\/strong><\/p>\n<div id=\"gtx-trans\" style=\"position: absolute; left: -50px; top: 4.31534px;\">\n<div class=\"gtx-trans-icon\"><\/div>\n<\/div>\n<\/div><\/section><\/div><div class=\"flex_column av_one_full  flex_column_div av-zero-column-padding first  avia-builder-el-4  el_after_av_one_full  el_before_av_hr  column-top-margin\" style='border-radius:0px; '><section class=\"av_textblock_section \"  itemscope=\"itemscope\" itemtype=\"https:\/\/schema.org\/BlogPosting\" itemprop=\"blogPost\" ><div class='avia_textblock  '   itemprop=\"text\" ><p style=\"text-align: justify;\"><em>La edici\u00f3n\u00a0XXXII\u00a0de los Juegos se realizar\u00e1 en la Provincia de\u00a0 La Pampa, del 6 al 12 de diciembre, y reunir\u00e1 a cientos de j\u00f3venes en las disciplinas de atletismo, b\u00e1squet, v\u00f3ley, judo, ciclismo, f\u00fatbol y nataci\u00f3n.<\/em><\/p>\n<p style=\"text-align: justify;\">Esta ma\u00f1ana, en el auditorio de la Biblioteca Regional se realiz\u00f3 la tradicional ceremonia de investidura de las delegaciones que representar\u00e1n a nuestra regi\u00f3n en la trig\u00e9sima segunda edici\u00f3n a realizarse en la Provincia de La Pampa, entre el 5 y 12 de diciembre.<\/p>\n<p style=\"text-align: justify;\">En la ceremonia estuvo presente la Seremi del Deporte, Mar\u00eda Eugenia Dur\u00e1n Jara, Alejandra Carrasco Furniel, profesional DIDESOH, en representaci\u00f3n del Gobierno Regional, Javier Medina Mella, Director Regional del Instituto Nacional de Deportes Ays\u00e9n, entrenadores, t\u00e9cnicos y apoderados.<\/p>\n<p style=\"text-align: justify;\">La Seremi del Deporte, Mar\u00eda Eugenia Dur\u00e1n Jara, destac\u00f3 en car\u00e1cter de\u00a0integraci\u00f3n, hermandad,\u00a0de esta competencia anual que re\u00fane a deportistas de la Patagonia chilena y argentina, fomentando el esp\u00edritu de unidad y amistad entre ambos pa\u00edses a trav\u00e9s del deporte:\u00a0\u201cLa entrega de esta indumentaria deportiva a las selecciones regionales de los Juegos de la Araucan\u00eda va m\u00e1s all\u00e1 de lo tangible, es un hito simb\u00f3lico, que refleja el compromiso de nuestro Ministerio del Deporte, de IND y por cierto del Gobierno del Presidente Gabriel Boric con el deporte competitivo, con las regiones Patag\u00f3nicas de nuestro pa\u00eds y con la hermandad entre Chile y Argentina, no hay que olvidar que existe un tratado de Paz y Amistad con el pa\u00eds vecino, donde estos Juegos constituyen un encuentro de integraci\u00f3n, que durante 32 a\u00f1os ha unido a deportistas de la Patagonia chilena y argentina y que fortalece la fraternidad entre ambos pa\u00edses a trav\u00e9s del deporte. Ese es el esp\u00edritu que buscamos proteger y proyectar, para no retroceder en derechos y asegurar que las y los deportistas de nuestra regi\u00f3n accedan a las condiciones que se merecen para representar a su pa\u00eds. En este sentido, agradecer tambi\u00e9n, la colaboraci\u00f3n, por segundo a\u00f1o consecutivo, del Gobierno Regional y su Consejo, la que sin duda, fortalece nuestra labor, como instituciones del Estado, con las y los j\u00f3venes\u00a0 deportistas de la regi\u00f3n de Ays\u00e9n\u201d.<\/p>\n<p style=\"text-align: justify;\">La delegaci\u00f3n est\u00e1 conformada por 173 integrantes que viajar\u00e1n a las distintas sedes: Santa Rosa, Eduardo Castex, General Pico, Ataliva Roca, General Acha y Miguel Riglos.<\/p>\n<p style=\"text-align: justify;\">Por su parte el Director Regional del Instituto Nacional de Deportes Ays\u00e9n, Javier Medina Mella, destac\u00f3 el car\u00e1cter estrat\u00e9gico y binacional de los Juegos, instancia que garantiza la continuidad del evento y la corresponsabilidad institucional de ambos pa\u00edses. En este contexto, precis\u00f3 que:<\/p>\n<p style=\"text-align: justify;\">\u201cEl presente a\u00f1o, el Instituto Nacional de Deportes ha realizado una inversi\u00f3n total de M$131.000 destinada a asegurar la participaci\u00f3n de la delegaci\u00f3n regional en condiciones t\u00e9cnicas \u00f3ptimas, y de alto est\u00e1ndar, contemplando traslados a\u00e9reos y terrestres, servicios de transporte interno y la provisi\u00f3n de indumentaria t\u00e9cnica espec\u00edfica para cada una de las disciplinas. Agradeci\u00f3 el apoyo del Gobierno Regional de Ays\u00e9n y su Consejo, quienes permitieron fortalecer la identidad visual y protocolar de nuestra delegaci\u00f3n mediante el financiamiento del dise\u00f1o y adquisici\u00f3n de la indumentaria oficial\u201d.<\/p>\n<p style=\"text-align: justify;\">El deportista Samuel Arancibia del Canto, seleccionado de b\u00e1squetbol dijo que:\u00a0\u201cEstamos muy contentos ya que este viaje es una experiencia \u00fanica para muchos de nosotros, as\u00ed que agradecidos y a pasarlo bien\u201d.<\/p>\n<p style=\"text-align: justify;\">Entre tanto Valetina Celis Paillaleve, seleccionada de nataci\u00f3n de 17 a\u00f1os coment\u00f3:\u00a0\u201cNos toca competir en la ciudad de\u00a0Miguel Riglos y junto a nuestro equipo estamos muy emocionados de esta instancia porque a pesar de dificultades que hubo este a\u00f1o-cambio de sede de los Juegos-se va a poder competir y el equipo est\u00e1 s\u00faper preparado, estamos muy emocionadas, contentas y ansiosas de que llegue pronto\u201d.<\/p>\n<p style=\"text-align: justify;\">Los Juegos ser\u00e1 transmitidos a trav\u00e9s de:\u00a0<a href=\"http:\/\/www.juegosaraucania.org\/\">www.juegosaraucania.org<\/a>, Instagram @juegosaraucania2025,\u00a0<a href=\"http:\/\/tremun.lapampa.gob.ar\/\">tremun.lapampa.gob.ar<\/a>\u00a0y\u00a0<a href=\"http:\/\/tvpp.lapampa.gob.ar\/\">tvpp.lapampa.gob.ar<\/a><\/p>\n<\/div><\/section><\/div><div  style='height:50px' class='hr hr-invisible   avia-builder-el-6  el_after_av_one_full  el_before_av_social_share '><span class='hr-inner ' ><span class='hr-inner-style'><\/span><\/span><\/div><\/p>\n<div  class='av-social-sharing-box  avia-builder-el-7  el_after_av_hr  el_before_av_hr  '><div class='av-share-box'><h5 class='av-share-link-description av-no-toc '>Compartir esta noticia<\/h5><ul class='av-share-box-list noLightbox'><li class='av-share-link av-social-link-facebook' ><a target=\"_blank\" aria-label=\"Compartir en Facebook\" href='https:\/\/www.facebook.com\/sharer.php?u=https:\/\/radiorevelacionfm.cl\/?p=61901&#038;t=Entregan%20indumentaria%20deportiva%3A%20Ays%C3%A9n%20prepara%20su%20participaci%C3%B3n%20en%20los%20Juegos%20Binacionales%20de%20la%20Araucan%C3%ADa%202025' aria-hidden='false' data-av_icon='\ue8f3' data-av_iconfont='entypo-fontello' title='' data-avia-related-tooltip='Compartir en Facebook' rel=\"noopener\"><span class='avia_hidden_link_text'>Compartir en Facebook<\/span><\/a><\/li><li class='av-share-link av-social-link-twitter' ><a target=\"_blank\" aria-label=\"Compartir en Twitter\" href='https:\/\/twitter.com\/share?text=Entregan%20indumentaria%20deportiva%3A%20Ays%C3%A9n%20prepara%20su%20participaci%C3%B3n%20en%20los%20Juegos%20Binacionales%20de%20la%20Araucan%C3%ADa%202025&#038;url=https:\/\/radiorevelacionfm.cl\/?p=61901' aria-hidden='false' data-av_icon='\ue8f1' data-av_iconfont='entypo-fontello' title='' data-avia-related-tooltip='Compartir en Twitter' rel=\"noopener\"><span class='avia_hidden_link_text'>Compartir en Twitter<\/span><\/a><\/li><li class='av-share-link av-social-link-whatsapp' ><a target=\"_blank\" aria-label=\"Compartir en Whatsapp\" href='https:\/\/api.whatsapp.com\/send?text=https:\/\/radiorevelacionfm.cl\/?p=61901' aria-hidden='false' data-av_icon='\uf232' data-av_iconfont='entypo-fontello' title='' data-avia-related-tooltip='Compartir en Whatsapp' rel=\"noopener\"><span class='avia_hidden_link_text'>Compartir en Whatsapp<\/span><\/a><\/li><li class='av-share-link av-social-link-linkedin' ><a target=\"_blank\" aria-label=\"Compartir en LinkedIn\" href='https:\/\/linkedin.com\/shareArticle?mini=true&#038;title=Entregan%20indumentaria%20deportiva%3A%20Ays%C3%A9n%20prepara%20su%20participaci%C3%B3n%20en%20los%20Juegos%20Binacionales%20de%20la%20Araucan%C3%ADa%202025&#038;url=https:\/\/radiorevelacionfm.cl\/?p=61901' aria-hidden='false' data-av_icon='\ue8fc' data-av_iconfont='entypo-fontello' title='' data-avia-related-tooltip='Compartir en LinkedIn' rel=\"noopener\"><span class='avia_hidden_link_text'>Compartir en LinkedIn<\/span><\/a><\/li><li class='av-share-link av-social-link-mail' ><a  aria-label=\"Compartir por correo\" href='mailto:?subject=Entregan%20indumentaria%20deportiva%3A%20Ays%C3%A9n%20prepara%20su%20participaci%C3%B3n%20en%20los%20Juegos%20Binacionales%20de%20la%20Araucan%C3%ADa%202025&#038;body=https:\/\/radiorevelacionfm.cl\/?p=61901' aria-hidden='false' data-av_icon='\ue805' data-av_iconfont='entypo-fontello' title='' data-avia-related-tooltip='Compartir por correo'><span class='avia_hidden_link_text'>Compartir por correo<\/span><\/a><\/li><\/ul><\/div><\/div>\n<div  style='height:50px' class='hr hr-invisible   avia-builder-el-8  el_after_av_social_share  el_before_av_comments_list '><span class='hr-inner ' ><span class='hr-inner-style'><\/span><\/span><\/div>\n<div  class='av-buildercomment  av-blog-meta-html-info-disabled av-blog-meta-tag-disabled  '><\/div>\n","protected":false},"excerpt":{"rendered":"","protected":false},"author":1,"featured_media":61902,"comment_status":"closed","ping_status":"closed","sticky":false,"template":"","format":"standard","meta":{"footnotes":""},"categories":[40],"tags":[],"class_list":["post-61901","post","type-post","status-publish","format-standard","has-post-thumbnail","hentry","category-deportes"],"jetpack_featured_media_url":"https:\/\/radiorevelacionfm.cl\/wp-content\/uploads\/2025\/11\/588652980_1286780846810319_4575333735448765883_n-1-1.jpg","_links":{"self":[{"href":"https:\/\/radiorevelacionfm.cl\/index.php?rest_route=\/wp\/v2\/posts\/61901","targetHints":{"allow":["GET"]}}],"collection":[{"href":"https:\/\/radiorevelacionfm.cl\/index.php?rest_route=\/wp\/v2\/posts"}],"about":[{"href":"https:\/\/radiorevelacionfm.cl\/index.php?rest_route=\/wp\/v2\/types\/post"}],"author":[{"embeddable":true,"href":"https:\/\/radiorevelacionfm.cl\/index.php?rest_route=\/wp\/v2\/users\/1"}],"replies":[{"embeddable":true,"href":"https:\/\/radiorevelacionfm.cl\/index.php?rest_route=%2Fwp%2Fv2%2Fcomments&post=61901"}],"version-history":[{"count":2,"href":"https:\/\/radiorevelacionfm.cl\/index.php?rest_route=\/wp\/v2\/posts\/61901\/revisions"}],"predecessor-version":[{"id":61904,"href":"https:\/\/radiorevelacionfm.cl\/index.php?rest_route=\/wp\/v2\/posts\/61901\/revisions\/61904"}],"wp:featuredmedia":[{"embeddable":true,"href":"https:\/\/radiorevelacionfm.cl\/index.php?rest_route=\/wp\/v2\/media\/61902"}],"wp:attachment":[{"href":"https:\/\/radiorevelacionfm.cl\/index.php?rest_route=%2Fwp%2Fv2%2Fmedia&parent=61901"}],"wp:term":[{"taxonomy":"category","embeddable":true,"href":"https:\/\/radiorevelacionfm.cl\/index.php?rest_route=%2Fwp%2Fv2%2Fcategories&post=61901"},{"taxonomy":"post_tag","embeddable":true,"href":"https:\/\/radiorevelacionfm.cl\/index.php?rest_route=%2Fwp%2Fv2%2Ftags&post=61901"}],"curies":[{"name":"wp","href":"https:\/\/api.w.org\/{rel}","templated":true}]}}